{"id":46364,"date":"2021-03-05T11:57:00","date_gmt":"2021-03-05T16:57:00","guid":{"rendered":"https:\/\/www.greenpeace.org\/canada\/?p=46364"},"modified":"2021-03-04T18:09:35","modified_gmt":"2021-03-04T23:09:35","slug":"six-balados-feministes-de-fxmmes-engage%c2%b7es-qui-vont-changer-votre-vision-du-monde","status":"publish","type":"post","link":"https:\/\/www.greenpeace.org\/canada\/fr\/story\/46364\/six-balados-feministes-de-fxmmes-engage%c2%b7es-qui-vont-changer-votre-vision-du-monde\/","title":{"rendered":"Six balados f\u00e9ministes de fxmmes engag\u00e9\u00b7es qui vont changer votre vision du monde"},"content":{"rendered":"\n<p class=\"has-text-align-center\"><em><span class=\"has-inline-color has-green-500-color\"><strong>Pour c\u00e9l\u00e9brer la Journ\u00e9e internationale des droits des femmes, Greenpeace\u00a0 Canada est fi\u00e8re de mettre en lumi\u00e8re les fxmmes\u00a0 qui font bouger la machine! Chaque jour,\u00a0 elles vous partageront leurs perspectives sur leurs r\u00f4les et leur v\u00e9cu au sein du mouvement environnemental!<\/strong><\/span><\/em><\/p>\n\n<p>Il y a quelques ann\u00e9es de \u00e7a, j\u2019ai d\u00e9couvert ce formidable m\u00e9dium qu\u2019est le balado. C\u2019\u00e9tait \u00e0 peu pr\u00e8s au m\u00eame moment o\u00f9 j&rsquo;ai commenc\u00e9 \u00e0 m\u2019int\u00e9resser aux changements climatiques, aux in\u00e9galit\u00e9s homme\/fxmme, aux discriminations raciales, aux questions de genres&#8230; En gros, \u00e0 tout ce qui concerne les maux de nos soci\u00e9t\u00e9s et ce qui les construit, et surtout, comment les d\u00e9construire. Pas une mince affaire, je vous l&rsquo;accorde! Pourtant, \u00e7a a \u00e9t\u00e9 une r\u00e9v\u00e9lation pour moi. Ce que j\u2019ai d\u00e9couvert, c\u2019est bien plus que des mots. Ce sont des paroles &#8211; des paroles de fxmmes majoritairement &#8211; qui arrivaient jusqu&rsquo;\u00e0 moi, dans mon salon, dans les transports en commun, dans mes conversations entre ami\u00b7es m\u00eame, et qui ont compl\u00e8tement chang\u00e9 ma fa\u00e7on de penser. On dit que les \u00e9crits restent et les paroles s\u2019envolent; pourtant, chacun de leurs mots r\u00e9sonne en moi. Et j&rsquo;esp\u00e8re que gr\u00e2ce \u00e0 cette liste de recommandations de podcast, ils r\u00e9sonneront en vous aussi!<\/p>\n\n<p>Voici donc <strong>six balados pour alimenter vos r\u00e9flexions<\/strong>, r\u00e9pondre \u00e0 vos questionnements, et pourquoi pas m\u00eame&#8230; <em>en \u00e9veiller de nouveaux<\/em>.<strong> Par des fxmmes, mais pour toutes les personnes qui aspirent \u00e0 une soci\u00e9t\u00e9 plus juste.&nbsp;<\/strong><\/p>\n\n<h4 class=\"wp-block-heading\"><a href=\"https:\/\/www.binge.audio\/podcast\/les-couilles-sur-la-table\" target=\"_blank\" rel=\"noreferrer noopener\"><em>Les couilles sur la Table<\/em><\/a>, pour s\u2019interroger sur les masculinit\u00e9s (FR)&nbsp;<\/h4>\n\n<p>Gr\u00e2ce \u00e0 ce balado, vous apprendrez plus sur les masculinit\u00e9s, et comment la vision h\u00e9g\u00e9monique d\u2019une certaine forme de masculinit\u00e9 nuit aux fxmmes&#8230; et aux hommes. En passant par le sport, la charge mentale, l\u2019\u00e9ducation, la prostitution, la lutte aux changements climatiques m\u00eame, et bien d\u2019autres sujets, <a href=\"https:\/\/www.instagram.com\/p\/B2TQkoviS5W\/\" target=\"_blank\" rel=\"noreferrer noopener\">Victoire Tuaillon<\/a> et ses invit\u00e9\u00b7es analysent les dynamiques patriarchales qui sous-tendent nos soci\u00e9t\u00e9s. \u00c7a vous semble bien compliqu\u00e9? Ou au contraire, vous aimeriez approfondir votre r\u00e9flexion sur ces enjeux? C\u2019est LE podcast f\u00e9ministe coup de c\u0153ur que je recommande \u00e0 tout le monde. Tout le temps. En fait, Victoire Tuaillon c\u2019est un peu mon guide f\u00e9ministe, je l\u2019avoue. &lt;3<\/p>\n\n<iframe loading=\"lazy\" title=\"Embed Player\" width=\"100%\" height=\"188px\" src=\"https:\/\/embed.acast.com\/aa928f4a-8155-4b36-b190-4dfd32da8a84\/f017a9d2-45e7-4d54-9311-24e212b03f3a\" scrolling=\"no\" frameborder=\"0\" style=\"border:none;overflow:hidden;\"><\/iframe>\n\n<p><\/p>\n\n<h4 class=\"wp-block-heading\"><a rel=\"noreferrer noopener\" href=\"https:\/\/www.binge.audio\/podcast\/kiffetarace\" target=\"_blank\"><em>Kiffe ta Race<\/em><\/a>, pour explorer les questions raciales (FR)<\/h4>\n\n<p>Les deux animatrices, <a href=\"https:\/\/www.instagram.com\/rokhayadiallo\/\" target=\"_blank\" rel=\"noreferrer noopener\">Rokhaya Diallo<\/a> et <a href=\"https:\/\/www.instagram.com\/frenchgrace\/\" target=\"_blank\" rel=\"noreferrer noopener\">Grace Ly<\/a>, le r\u00e9p\u00e8tent assez souvent: dans ce balado, on saute <strong>\u00e0 pieds joints<\/strong> dans les questions raciales. Et pour avoir d\u00e9vor\u00e9 chacun des \u00e9pisodes, je vous confirme qu\u2019elles ne mentent pas sur ce point l\u00e0! De l\u2019appropriation culturelle, aux clich\u00e9s sur les personnes racis\u00e9es, en passant par l\u2019importance de la m\u00e9moire familiale ou encore le racisme environnemental&#8230; c\u2019est tout un \u00e9ventail de probl\u00e9matiques qui sont trait\u00e9es avec les mots justes. N\u2019en d\u00e9plaise \u00e0 leurs d\u00e9tracteurs ( = une majorit\u00e9 d\u2019hommes blancs riches conservateurs, \u00e9videmment). Bien que le balado s\u2019ancre plus dans le contexte fran\u00e7ais, beaucoup d\u2019\u00e9pisodes traitent de th\u00e8mes qui d\u00e9passent les fronti\u00e8res. Elles ont m\u00eame produit quelques \u00e9pisodes en anglais! Et \u00e0 tous\u00b7tes les francophones, je vous recommande fortement de commencer par l&rsquo;\u00e9pisode qui discute de l\u2019utilisation du mot <em>race<\/em>.&nbsp;<\/p>\n\n<iframe loading=\"lazy\" title=\"Embed Player\" width=\"100%\" height=\"188px\" src=\"https:\/\/embed.acast.com\/c3ac5257-51e6-4ac7-8c55-16d8e61d4e4b\/5ba9fc26a6c8e0915d40a665\" scrolling=\"no\" frameborder=\"0\" style=\"border:none;overflow:hidden;\"><\/iframe>\n\n<p><\/p>\n\n<h4 class=\"wp-block-heading\"><a rel=\"noreferrer noopener\" href=\"https:\/\/soundcloud.com\/pampalmater\" target=\"_blank\"><strong><em>Warrior Life<\/em><\/strong><\/a><strong>, pour d\u00e9coloniser nos esprits et c\u00e9l\u00e9brer les cultures autochtones <\/strong>(ANG)<\/h4>\n\n<p>C\u2019est sans conteste ma d\u00e9couverte de l&rsquo;ann\u00e9e 2020 &#8211; bien que le podcast existe depuis plus longtemps. Anim\u00e9 par l\u2019extraordinaire <a href=\"https:\/\/pampalmater.com\/\" target=\"_blank\" rel=\"noreferrer noopener\">Dr. Pamela Palmater <\/a>&#8211; Mi&rsquo;kmaq, avocate, professeure, activiste et politicienne &#8211; chaque \u00e9pisode est une ressource incroyable de connaissances sur les enjeux autochtones. Le balado, qui se veut \u00e0 la fois informationnel et \u00e9ducatif, traite de sujets d\u2019une importance majeure pourtant souvent absents dans les m\u00e9dias, tels que le racisme environnemental, les politiques et des lois racistes, les \u00e9cocides et f\u00e9minicides, les combats contre les projets p\u00e9troliers, etc. C\u2019est aussi une source d\u2019inspiration incroyable, qui met la lumi\u00e8re sur les solutions g\u00e9n\u00e9r\u00e9es par les communaut\u00e9s, et permet de d\u00e9couvrir les personnalit\u00e9s autochtones qui ont marqu\u00e9 l\u2019Histoire et celles qui m\u00e8nent les luttes au quotidien. <a href=\"https:\/\/soundcloud.com\/pampalmater\/aliqa-illauq-on-inuit-protests\" target=\"_blank\" rel=\"noreferrer noopener\">L\u2019entrevue<\/a> avec Aliqa Illauq (parlant des manifestations Inuit) fait partie des \u00e9pisodes qui m\u2019ont le plus touch\u00e9e, rappelant que les enjeux pour lesquels les communaut\u00e9s se soul\u00e8vent, tels que la protection de la terre et de l\u2019eau, ne sont pas seulement des enjeux autochtones. Ce sont des enjeux pour l&rsquo;humanit\u00e9.&nbsp;<\/p>\n\n<figure><iframe loading=\"lazy\" width=\"100%\" height=\"300\" scrolling=\"no\" frameborder=\"no\" allow=\"autoplay\" src=\"https:\/\/w.soundcloud.com\/player\/?url=https%3A\/\/api.soundcloud.com\/tracks\/980446981&amp;color=%23ff5500&amp;auto_play=false&amp;hide_related=false&amp;show_comments=true&amp;show_user=true&amp;show_reposts=false&amp;show_teaser=true&amp;visual=true\"><\/iframe><\/figure>\n\n<p><\/p>\n\n<h4 class=\"wp-block-heading\"><a rel=\"noreferrer noopener\" href=\"https:\/\/www.binge.audio\/podcast\/camille\" target=\"_blank\"><strong><em>Camille<\/em><\/strong><\/a><strong>, pour comprendre les identit\u00e9s de genre et sexuelles <\/strong>(FR)<\/h4>\n\n<p>Bon, je sais ce que vous allez vous dire. Un troisi\u00e8me balado de Binge Audio?! Que voulez-vous, ces personnes sont tellement talentueuses! Au micro cette fois-ci, Camille Regache qui nous aide \u00e0 d\u00e9mystifier les identit\u00e9s de genre et sexuelles. On y parle de repr\u00e9sentations <em>queer<\/em>, d\u2019h\u00e9terosexalit\u00e9 comme syst\u00e8me politique, des carcans de l\u2019\u00e9glise et de la m\u00e9decine, et bien d\u2019autres choses encore. L&rsquo;\u00e9pisode \u201cComment \u00eatre un\u00b7e bon\u00b7ne alli\u00e9\u00b7e des personnes trans\u201d est d\u00e9finitivement un incontournable, et \u201cLe grand m\u00e9chant queer\u201d a chamboul\u00e9 ma vision des \u201cm\u00e9chants\u201d au cin\u00e9ma.<\/p>\n\n<iframe loading=\"lazy\" src=\"https:\/\/open.spotify.com\/embed-podcast\/episode\/4CsbUIGTN0glpxxA8lcace\" width=\"100%\" height=\"232\" frameborder=\"0\" allowtransparency=\"true\" allow=\"encrypted-media\"><\/iframe>\n\n<p><\/p>\n\n<h4 class=\"wp-block-heading\"><a href=\"https:\/\/sandyandnora.com\/\" target=\"_blank\" rel=\"noreferrer noopener\"><strong><em>Sandy and Norah talk politics<\/em>,<\/strong><\/a> <strong>pour un autre regard sur l&rsquo;actualit\u00e9 politique <\/strong>(ANG)<\/h4>\n\n<p>\u00c9couter <a href=\"https:\/\/twitter.com\/sandela\" target=\"_blank\" rel=\"noreferrer noopener\">Sandy<\/a> et <a href=\"https:\/\/twitter.com\/nolore\" target=\"_blank\" rel=\"noreferrer noopener\">Norah<\/a> d\u00e9crypter la politique, c\u2019est un peu comme une discussion entre ami\u00b7es: on met une actualit\u00e9 politique sous le feu des projecteurs, on retourne le sujet dans tous les sens, et surtout, on apprend TOUJOURS quelque chose. Ce que j\u2019aime particuli\u00e8rement, c\u2019est d&rsquo;entendre des voix diff\u00e9rentes parler de politique. Habituellement, la majorit\u00e9 des personnes que j\u2019entend sur ces sujets \u00e0 la radio ou \u00e0 la tv sont des hommes blancs entre 30 et 60 ans. On ne va pas se mentir, la palette d\u2019opinions est vite limit\u00e9e. Je me reconnais plus dans les nuances amen\u00e9es par les deux animatrices, et leur expertise permet d\u2019avoir une compr\u00e9hension approfondie de l&rsquo;actualit\u00e9 politique Canadienne.&nbsp;<\/p>\n\n<iframe loading=\"lazy\" src=\"https:\/\/open.spotify.com\/embed-podcast\/episode\/1H9dFyQfIRO4ixK4F1Ncba\" width=\"100%\" height=\"232\" frameborder=\"0\" allowtransparency=\"true\" allow=\"encrypted-media\"><\/iframe>\n\n<p><\/p>\n\n<h4 class=\"wp-block-heading\"><a href=\"https:\/\/www.cbc.ca\/listen\/cbc-podcasts\/203-the-secret-life-of-canada\" target=\"_blank\" rel=\"noreferrer noopener\"><strong><em>The secret life of Canada<\/em><\/strong><\/a><strong>, pour replacer les pi\u00e8ces manquantes de l\u2019Histoire (ANG)<\/strong><\/h4>\n\n<p>Levez la main si vous avez d\u00e9j\u00e0 pens\u00e9 que l\u2019Histoire c&rsquo;\u00e9tait ennuyeux? Avec Leah-Simone Bowen et Falen Johnson comme animatrice, l\u2019Histoire est revisit\u00e9e et prend vie au gr\u00e9 des \u00e9pisodes! Les animatrices mettent \u00e0 l&rsquo;honneur les personnages qui ont marqu\u00e9 l\u2019histoire du pays mais qui ont malheureusement \u00e9t\u00e9 \u00e9cart\u00e9s de nos livres. Car oui, ce que l\u2019on choisit de mettre dans les livres, les histoires que l\u2019on raconte et celles que l\u2019on ne raconte pas, c\u2019est un acte politique. Ainsi r\u00e9\u00e9crire une histoire plus juste est r\u00e9ellement un acte militant. Mes deux \u00e9pisodes pr\u00e9f\u00e9r\u00e9s \u00e0 date: <a href=\"https:\/\/www.cbc.ca\/listen\/cbc-podcasts\/203-the-secret-life-of-canada\/episode\/15676152-s2-shout-out-to-your-grandma\" target=\"_blank\" rel=\"noreferrer noopener\"><em>Shout out to your Grandma<\/em><\/a>, bas\u00e9 sur des histoires de grands-m\u00e8res d\u2019auditeur\u00b7rices qui ont marqu\u00e9 leur communaut\u00e9 et fait changer le monde \u00e0 leur \u00e9chelle; et <a href=\"https:\/\/www.cbc.ca\/listen\/cbc-podcasts\/203-the-secret-life-of-canada\/episode\/15816176-s3-crash-course-on-canadas-first-mosque\" target=\"_blank\" rel=\"noreferrer noopener\"><em>Crash Course on Canada\u2019s First Mosque<\/em><\/a>, sur l\u2019histoire de la premi\u00e8re mosqu\u00e9e au Canada qui a vu le jour gr\u00e2ce \u00e0 un groupe de femmes libanaises musulmanes.<\/p>\n\n<iframe loading=\"lazy\" src=\"https:\/\/open.spotify.com\/embed-podcast\/episode\/37wTDbcY7YEG41fBTdPNzo\" width=\"100%\" height=\"232\" frameborder=\"0\" allowtransparency=\"true\" allow=\"encrypted-media\"><\/iframe>\n\n<p><\/p>\n\n<p><strong><em>\u00c0 toutes ces militant\u00b7es, journalistes, artistes, universitaires, scientifiques, sociologues, ou m\u00eame grands-m\u00e8res, et \u00e0 tous\u00b7tes les autres fxmmes inspirant\u00b7es qui prennent la parole pour repenser le monde<\/em><\/strong>.<\/p>\n\n<p>&#8212;&#8212;&#8211;<\/p>\n\n<p><em>Qui suis-je?<\/em> J\u2019ai longtemps \u00e9t\u00e9 de celles que la politique n&rsquo;int\u00e9ressait pas. Par m\u00e9connaissance, parce que je voyais \u00e7a comme \u00e9litiste ou encore parce que je ne me sentais pas concern\u00e9e. Coupable de \u00ab\u00a0je-m&rsquo;en-foutisme\u00a0\u00bb, jusqu\u2019au jour o\u00f9 j&rsquo;ai compris que chaque facette de la vie est en fait compl\u00e8tement politique: que ce soit la fa\u00e7on de s\u2019habiller, de manger, de se d\u00e9finir, de vivre ses relations, de prendre la parole ou d\u2019occuper l\u2019espace &#8211; et tout \u00e7a, particuli\u00e8rement quand on est une fxmme. Fini l\u2019inaction: maintenant, je m\u2019exprime. Ma voix est celle d\u2019une fxmme blanche, cis-genre, h\u00e9t\u00e9rosexuelle. Souvent je parle de syst\u00e8me patriarcal, de fin du capitalisme, de luttes anti-racistes &#8211; ou encore de plantes, de bi\u00e8res de microbrasseries, et d\u2019animaux. Parfois aussi je dis des b\u00eatises et c\u2019est correct, parce qu&rsquo;apr\u00e8s tout, on est tous\u2027tes des beaut\u00e9s imparfait\u2027es.&nbsp;<\/p>\n","protected":false},"excerpt":{"rendered":"<p>Il y a quelques ann\u00e9es de \u00e7a, j\u2019ai d\u00e9couvert ce formidable m\u00e9dium qu\u2019est le balado. C\u2019\u00e9tait \u00e0 peu pr\u00e8s au m\u00eame moment o\u00f9 j&rsquo;ai commenc\u00e9 \u00e0 m\u2019int\u00e9resser aux changements climatiques, aux in\u00e9galit\u00e9s homme\/fxmme, aux discriminations raciales, aux questions de genres&#8230; En gros, \u00e0 tout ce qui concerne les maux de nos soci\u00e9t\u00e9s et ce qui les construit, et surtout, comment les d\u00e9construire. Pas une mince affaire, je vous l&rsquo;accorde! Pourtant, \u00e7a a \u00e9t\u00e9 une r\u00e9v\u00e9lation pour moi. Ce que j\u2019ai d\u00e9couvert, c\u2019est bien plus que des mots. Ce sont des paroles &#8211; des paroles de fxmmes majoritairement &#8211; qui arrivaient jusqu&rsquo;\u00e0 moi, dans mon salon, dans les transports en commun, dans mes conversations entre ami\u00b7e\u00b7s m\u00eame, et qui ont compl\u00e8tement chang\u00e9 ma fa\u00e7on de penser. On dit que les \u00e9crits restent et les paroles s\u2019envolent; pourtant, chacun de leurs mots r\u00e9sonne en moi. Et j&rsquo;esp\u00e8re que gr\u00e2ce \u00e0 cette liste de recommandations de podcast, ils r\u00e9sonneront en vous aussi!<\/p>\n","protected":false},"author":77,"featured_media":46358,"comment_status":"open","ping_status":"open","sticky":false,"template":"","format":"standard","meta":{"ep_exclude_from_search":false,"p4_og_title":"Six balados f\u00e9ministes de fxmmes engag\u00e9\u00b7es qui vont changer votre vision du monde","p4_og_description":"Il y a quelques ann\u00e9es de \u00e7a, j\u2019ai d\u00e9couvert ce formidable m\u00e9dium qu\u2019est le balado. C\u2019\u00e9tait \u00e0 peu pr\u00e8s au m\u00eame moment o\u00f9 j'ai commenc\u00e9 \u00e0 m\u2019int\u00e9resser aux changements climatiques, aux in\u00e9galit\u00e9s homme\/fxmme, aux discriminations raciales, aux questions de genres... En gros, \u00e0 tout ce qui concerne les maux de nos soci\u00e9t\u00e9s et ce qui les construit, et surtout, comment les d\u00e9construire. Pas une mince affaire, je vous l'accorde! Pourtant, \u00e7a a \u00e9t\u00e9 une r\u00e9v\u00e9lation pour moi. Ce que j\u2019ai d\u00e9couvert, c\u2019est bien plus que des mots. Ce sont des paroles - des paroles de fxmmes majoritairement - qui arrivaient jusqu'\u00e0 moi, dans mon salon, dans les transports en commun, dans mes conversations entre ami\u00b7e\u00b7s m\u00eame, et qui ont compl\u00e8tement chang\u00e9 ma fa\u00e7on de penser. On dit que les \u00e9crits restent et les paroles s\u2019envolent; pourtant, chacun de leurs mots r\u00e9sonne en moi. Et j'esp\u00e8re que gr\u00e2ce \u00e0 cette liste de recommandations de podcast, ils r\u00e9sonneront en vous aussi!","p4_og_image":"https:\/\/www.greenpeace.org\/static\/planet4-canada-stateless\/2021\/03\/7599e2ea-screen-shot-2021-02-18-at-3.58.48-pm.png","p4_og_image_id":"46358","p4_seo_canonical_url":"","p4_campaign_name":"not set","p4_local_project":"not set","p4_basket_name":"not set","p4_department":"","footnotes":""},"categories":[140,140,21],"tags":[],"p4-page-type":[155],"class_list":{"0":"post-46364","1":"post","2":"type-post","3":"status-publish","4":"format-standard","5":"has-post-thumbnail","6":"hentry","7":"category-egalite","9":"category-vivre-de-facon-durable","10":"p4-page-type-histoire"},"_links":{"self":[{"href":"https:\/\/www.greenpeace.org\/canada\/fr\/wp-json\/wp\/v2\/posts\/46364","targetHints":{"allow":["GET"]}}],"collection":[{"href":"https:\/\/www.greenpeace.org\/canada\/fr\/wp-json\/wp\/v2\/posts"}],"about":[{"href":"https:\/\/www.greenpeace.org\/canada\/fr\/wp-json\/wp\/v2\/types\/post"}],"author":[{"embeddable":true,"href":"https:\/\/www.greenpeace.org\/canada\/fr\/wp-json\/wp\/v2\/users\/77"}],"replies":[{"embeddable":true,"href":"https:\/\/www.greenpeace.org\/canada\/fr\/wp-json\/wp\/v2\/comments?post=46364"}],"version-history":[{"count":20,"href":"https:\/\/www.greenpeace.org\/canada\/fr\/wp-json\/wp\/v2\/posts\/46364\/revisions"}],"predecessor-version":[{"id":46402,"href":"https:\/\/www.greenpeace.org\/canada\/fr\/wp-json\/wp\/v2\/posts\/46364\/revisions\/46402"}],"wp:featuredmedia":[{"embeddable":true,"href":"https:\/\/www.greenpeace.org\/canada\/fr\/wp-json\/wp\/v2\/media\/46358"}],"wp:attachment":[{"href":"https:\/\/www.greenpeace.org\/canada\/fr\/wp-json\/wp\/v2\/media?parent=46364"}],"wp:term":[{"taxonomy":"category","embeddable":true,"href":"https:\/\/www.greenpeace.org\/canada\/fr\/wp-json\/wp\/v2\/categories?post=46364"},{"taxonomy":"post_tag","embeddable":true,"href":"https:\/\/www.greenpeace.org\/canada\/fr\/wp-json\/wp\/v2\/tags?post=46364"},{"taxonomy":"p4-page-type","embeddable":true,"href":"https:\/\/www.greenpeace.org\/canada\/fr\/wp-json\/wp\/v2\/p4-page-type?post=46364"}],"curies":[{"name":"wp","href":"https:\/\/api.w.org\/{rel}","templated":true}]}}