{"id":46410,"date":"2021-03-06T10:00:06","date_gmt":"2021-03-06T15:00:06","guid":{"rendered":"https:\/\/www.greenpeace.org\/canada\/?p=46410"},"modified":"2021-03-08T17:28:49","modified_gmt":"2021-03-08T22:28:49","slug":"10-militantes-internationales-qui-ont-fait-avancer-la-cause-climatique-en-2020","status":"publish","type":"post","link":"https:\/\/www.greenpeace.org\/canada\/fr\/blog-des-volontaires\/46410\/10-militantes-internationales-qui-ont-fait-avancer-la-cause-climatique-en-2020\/","title":{"rendered":"10 militantes internationales qui ont fait avancer la cause climatique en 2020"},"content":{"rendered":"\n<p>L&rsquo;ann\u00e9e 2020 a \u00e9t\u00e9 riche en rebondissements, c\u2019est le moins qu\u2019on puisse dire. Cela n\u2019a pour autant pas emp\u00each\u00e9 les militantes \u00e0 travers le monde de r\u00e9clamer des changements pour un avenir plus durable. En cette journ\u00e9e internationale de droits des femmes, nous vous proposons un retour en images sur <strong>10 militantes ou manifestations de fxmmes qui ont marqu\u00e9 la derni\u00e8re ann\u00e9e<\/strong>. <\/p>\n\n<p>Attachez vos ceintures, c\u2019est parti pour <strong>un tour du monde de la lutte aux changements climatiques, au fxminin!&nbsp;<\/strong><\/p>\n\n<figure class=\"wp-block-image is-resized  caption-style-medium caption-alignment-center\"><img loading=\"lazy\" decoding=\"async\" src=\"https:\/\/lh4.googleusercontent.com\/AcdmecBaBLMme8PQVTogXkcQVzVA7ViPTabb-1B2anK2YFytFky-ZZHVE-J-xB7-U6AN2GjHAe81y43x0cdX4PnLDcuM1h8jXhVeFZLfH2S7WgVW4LlbmrHyxG83KzEQjGgzhj7O\" alt=\"\" width=\"526\" height=\"526\"\/><figcaption><strong><em>Cr\u00e9dit photo : <\/em><\/strong><em>David McNew \/ Greenpeace<\/em><\/figcaption><\/figure>\n\n<p><strong>Jane Fonda<\/strong> prend la parole devant l&rsquo;h\u00f4tel de ville de Los Angeles \u00e0 l\u2019occasion des \u201cFire Drill Fridays\u201d:<strong> des manifestations pour le climat<\/strong> organis\u00e9es tous les vendredis par l\u2019actrice et des mouvements \u00e9cologistes incluant Greenpeace USA.<\/p>\n\n<p>&#8212;&#8212;&#8212;&#8212;&#8212;&#8212;-<\/p>\n\n<figure class=\"wp-block-image is-resized  caption-style-medium caption-alignment-center\"><img loading=\"lazy\" decoding=\"async\" src=\"https:\/\/lh3.googleusercontent.com\/gArEssSKfcJKKChPfn96aPSVXwuorvivkWI_FkopyuvJwCArfCAR3Kit_krXhd8A2MeNTPLcWH9fNWapZ-NLE6_YdGQFHUrVbxFwXEqeEffNuQKDMyl8VcRq0C0TE5RwB_W7FpPc\" alt=\"\" width=\"526\" height=\"526\"\/><figcaption><em><strong>Cr\u00e9dit photo :<\/strong> Manman Dejeto \/ Greenpeace<\/em><\/figcaption><\/figure>\n\n<p>Une militante manifeste dans le port de Tagoloan, aux Philippines, pour que les <strong>60 conteneurs de d\u00e9chets plastiques contamin\u00e9s et exp\u00e9di\u00e9s par la Cor\u00e9e du Sud soient retourn\u00e9s \u00e0 l\u2019exp\u00e9diteur.&nbsp;<\/strong><\/p>\n\n<p>&#8212;&#8212;&#8212;&#8212;&#8212;&#8212;-<\/p>\n\n<figure class=\"wp-block-image is-resized  caption-style-medium caption-alignment-center\"><img loading=\"lazy\" decoding=\"async\" src=\"https:\/\/lh3.googleusercontent.com\/1QZKb8EMiAE125ywQtTT4znBqadt24WGYDYnsa1W1P6P2JO4fQ9LwuTiX1Rohn1pQ35WbKDEOmVtiCMyd9pPnAyM10TUQ39E51ypfG-pwetCLlStFpUj6f90Vpg2PbAHfgKU2gJi\" alt=\"\" width=\"524\" height=\"524\"\/><figcaption><strong><em>Cr\u00e9dit photo :<\/em><\/strong><em> Agnes Maltesdotter \/ Greenpeace<\/em><\/figcaption><\/figure>\n\n<p>Manifestation devant l\u2019ambassade d\u2019Australie \u00e0 Stockholm, en Su\u00e8de, pour demander au <strong>gouvernement australien d\u2019agir pour le climat et de dire stop au charbon.<\/strong><\/p>\n\n<p>&#8212;&#8212;&#8212;&#8212;&#8212;&#8212;-<\/p>\n\n<figure class=\"wp-block-image is-resized  caption-style-medium caption-alignment-center\"><img loading=\"lazy\" decoding=\"async\" src=\"https:\/\/lh5.googleusercontent.com\/WAHZtFvEaoFqp5gq9mP-oY-G78EACOvpRyegmZ1K5sMbutEAWeShDCOIwhQLfAaoaawWcO1tnJG5iTqs2_alAuYCtN1MQB43b_SgcUA6ubsDOu-GdqZQXvBftHn0J9PQ9HId_tdp\" alt=\"\" width=\"531\" height=\"531\"\/><figcaption><strong><em>Cr\u00e9dit photo :<\/em><\/strong><em> Mitja Kobal \/ Greenpeace<\/em><\/figcaption><\/figure>\n\n<p>En Autriche, une militante de Greenpeace se mobilise pour <strong>d\u00e9noncer les feux qui ravagent la for\u00eat amazonienne et demander \u00e0 l\u2019Europe de cesser d\u2019importer des produits issus de la d\u00e9forestation.<\/strong><\/p>\n\n<p>&#8212;&#8212;&#8212;&#8212;&#8212;&#8212;-<\/p>\n\n<figure class=\"wp-block-image is-resized  caption-style-medium caption-alignment-center\"><img loading=\"lazy\" decoding=\"async\" src=\"https:\/\/lh3.googleusercontent.com\/Te0M9RwbtrXydtJA6LBnpIkGqtUerm4Xc6yIR_rYzG6jAr9LXU6HsxqipuEY2mxouVqk5GyTJKO6GRBgsXzjS0sUDEQCj5POGc5r5mmjUxrKWpnWJ2O-zwWGG75NHeCfFY9oEgp7\" alt=\"\" width=\"538\" height=\"538\"\/><figcaption><strong><em>Cr\u00e9dit photo :<\/em><\/strong><em> Tracie Williams \/ Greenpeace<\/em><\/figcaption><\/figure>\n\n<p>Une militante de Greenpeace USA manifeste devant le si\u00e8ge des Nations unies, \u00e0 New York, <strong>contre la politique de sape environnementale men\u00e9e par le pr\u00e9sident br\u00e9silien Jair Bolsonaro.<\/strong><\/p>\n\n<p>&#8212;&#8212;&#8212;&#8212;&#8212;&#8212;-<\/p>\n\n<figure class=\"wp-block-image is-resized  caption-style-medium caption-alignment-center\"><img loading=\"lazy\" decoding=\"async\" src=\"https:\/\/lh3.googleusercontent.com\/cEbJG740HmP2MH4nfety2aYdTplotBCBa9lhN8igvb-lNFaWGs_GQRYesL5wIbMgzfE9DLCcWQ8KEHb5acdN-Stoh5NPoSdnMjc0P9P_qvODS5_21dj3r9tNTzGLjAkJnXqW0t1Y\" alt=\"\" width=\"540\" height=\"540\"\/><figcaption><strong><em>Cr\u00e9dit photo :<\/em><\/strong><em> Rendra Hernawan \/ Greenpeace<\/em><\/figcaption><\/figure>\n\n<p>En Indon\u00e9sie, une militante<strong> d\u00e9nonce la pollution de l\u2019air <\/strong>caus\u00e9e par les centrales \u00e0 charbon.&nbsp;<\/p>\n\n<p>&#8212;&#8212;&#8212;&#8212;&#8212;&#8212;-<\/p>\n\n<figure class=\"wp-block-image is-resized  caption-style-medium caption-alignment-center\"><img loading=\"lazy\" decoding=\"async\" src=\"https:\/\/lh4.googleusercontent.com\/zSo2VdaA8yDHUc32e89RG2cyGjoTScMQvHNORtlOwxc-3mnIGqB6qaUzMiCwOMxXqDGghUXj4glF2Eca4d6oKE96CnsQ5adOzFml5yOdoSryfN9tC7DQev3qE0fXHGQYpz3-b_Fr\" alt=\"\" width=\"548\" height=\"548\"\/><figcaption><strong><em>Cr\u00e9dit photo :<\/em><\/strong><em> Julien Flosse \/ Greenpeace<\/em><\/figcaption><\/figure>\n\n<p>Au S\u00e9n\u00e9gal, les fxmmes transformatrices de poissons s&rsquo;organisent contre les usines de farine de poissons qui, pour nourrir des \u00e9levages en Europe ou en Asie, mettent en p\u00e9ril la s\u00e9curit\u00e9 alimentaire et les revenus des populations locales.<\/p>\n\n<p>&#8212;&#8212;&#8212;&#8212;&#8212;&#8212;-<\/p>\n\n<figure class=\"wp-block-image is-resized  caption-style-medium caption-alignment-center\"><img loading=\"lazy\" decoding=\"async\" src=\"https:\/\/lh5.googleusercontent.com\/VyUDqhD9OLZQyYO0kN4ELwGtsRtajHSMKOy7J37n3Zy4G7dBkmj_T8rxZZ5ka0SHaNMjFD4o72okBEbLbYWmBwb2BBl0xygW-5LfFdK19_ms7sdzLrOel9vqrdy2W4xh85dyiFB_\" alt=\"\" width=\"554\" height=\"554\"\/><figcaption><strong><em>Cr\u00e9dit photo :<\/em><\/strong><em> Greenpeace<\/em><\/figcaption><\/figure>\n\n<p>Sur une place de Chennai, ville de la c\u00f4te est de l\u2019Inde, cette militante demande \u00e0 pouvoir respirer un air non pollu\u00e9.<\/p>\n\n<p>&#8212;&#8212;&#8212;&#8212;&#8212;&#8212;-<\/p>\n\n<figure class=\"wp-block-image is-resized  caption-style-medium caption-alignment-center\"><img loading=\"lazy\" decoding=\"async\" src=\"https:\/\/lh5.googleusercontent.com\/86xk2aWh1Z9tfrIK0sKCjbe8nIfv3tjd5Km8cJqH1w4FmP-RWMbA5s_2EbC4t9j2B8iiEAkYXa_Q9THGB-G7iPjftYP4zZnUNpG6Or3CVBPQJ-wNutlTVUAhPqzWdZuLPPWYOreh\" alt=\"\" width=\"564\" height=\"564\"\/><figcaption><strong><em>Cr\u00e9dit photo :<\/em><\/strong><em> Andrea Mantovani \/ Greenpeace<\/em><\/figcaption><\/figure>\n\n<p>Cette militante participe \u00e0 une action de Greenpeace France pour demander la fermeture de la centrale nucl\u00e9aire du Tricastin.<\/p>\n\n<p>&#8212;&#8212;&#8212;&#8212;&#8212;&#8212;-<\/p>\n\n<figure class=\"wp-block-image is-resized  caption-style-medium caption-alignment-center\"><img loading=\"lazy\" decoding=\"async\" src=\"https:\/\/lh6.googleusercontent.com\/xJ3bS8Jh5R5x-zc_De5jTQC_tzZ18PKHFB0HCnebW_DyUeZ80vfr-nLn9Z1ohqmyhhsNc4Y0d_Db9zdCURhUIzlWfG5qfTg3gPHM_mxQoDQgBmDM8kooHPYshO3UjnEg_MBhXldx\" alt=\"\" width=\"576\" height=\"576\"\/><figcaption><strong><em>Cr\u00e9dit photo:<\/em><\/strong><em> Daniella Zalcman \/ Greenpeace<\/em><\/figcaption><\/figure>\n\n<p>Mya-Rose Craig, jeune militante et ornithologue britannique, \u00e9galement connue sous le pseudo de <em>Bird Girl<\/em>, participe \u00e0 une mission de Greenpeace en Arctique et affiche sa solidarit\u00e9 avec les gr\u00e8ves \u00e9tudiantes pour le climat.<\/p>\n\n<p><\/p>\n","protected":false},"excerpt":{"rendered":"<p>L&rsquo;ann\u00e9e 2020 a \u00e9t\u00e9 riche en rebondissements, c\u2019est le moins qu\u2019on puisse dire. Cela n\u2019a pour autant pas emp\u00each\u00e9 les militantes \u00e0 travers le monde de r\u00e9clamer des changements pour un avenir plus durable. En cette journ\u00e9e internationale de la femme, nous vous proposons un retour en images sur 10 militantes ou manifestations de femmes qui ont marqu\u00e9 la derni\u00e8re ann\u00e9e. Attachez vos ceintures, c\u2019est parti pour un tour du monde de la lutte aux changements climatiques, au fxminin! <\/p>\n","protected":false},"author":77,"featured_media":46358,"comment_status":"open","ping_status":"open","sticky":false,"template":"","format":"standard","meta":{"ep_exclude_from_search":false,"p4_og_title":"10 militantes internationales qui ont fait avancer la cause climatique en 2020","p4_og_description":"L'ann\u00e9e 2020 a \u00e9t\u00e9 riche en rebondissements, c\u2019est le moins qu\u2019on puisse dire. Cela n\u2019a pour autant pas emp\u00each\u00e9 les militantes \u00e0 travers le monde de r\u00e9clamer des changements pour un avenir plus durable. En cette journ\u00e9e internationale de la femme, nous vous proposons un retour en images sur 10 militantes ou manifestations de femmes qui ont marqu\u00e9 la derni\u00e8re ann\u00e9e. Attachez vos ceintures, c\u2019est parti pour un tour du monde de la lutte aux changements climatiques, au fxminin! ","p4_og_image":"https:\/\/www.greenpeace.org\/static\/planet4-canada-stateless\/2021\/03\/7599e2ea-screen-shot-2021-02-18-at-3.58.48-pm.png","p4_og_image_id":"46358","p4_seo_canonical_url":"","p4_campaign_name":"not set","p4_local_project":"not set","p4_basket_name":"not set","p4_department":"","footnotes":""},"categories":[20,21],"tags":[],"p4-page-type":[],"class_list":["post-46410","post","type-post","status-publish","format-standard","has-post-thumbnail","hentry","category-climat","category-vivre-de-facon-durable"],"_links":{"self":[{"href":"https:\/\/www.greenpeace.org\/canada\/fr\/wp-json\/wp\/v2\/posts\/46410","targetHints":{"allow":["GET"]}}],"collection":[{"href":"https:\/\/www.greenpeace.org\/canada\/fr\/wp-json\/wp\/v2\/posts"}],"about":[{"href":"https:\/\/www.greenpeace.org\/canada\/fr\/wp-json\/wp\/v2\/types\/post"}],"author":[{"embeddable":true,"href":"https:\/\/www.greenpeace.org\/canada\/fr\/wp-json\/wp\/v2\/users\/77"}],"replies":[{"embeddable":true,"href":"https:\/\/www.greenpeace.org\/canada\/fr\/wp-json\/wp\/v2\/comments?post=46410"}],"version-history":[{"count":6,"href":"https:\/\/www.greenpeace.org\/canada\/fr\/wp-json\/wp\/v2\/posts\/46410\/revisions"}],"predecessor-version":[{"id":46557,"href":"https:\/\/www.greenpeace.org\/canada\/fr\/wp-json\/wp\/v2\/posts\/46410\/revisions\/46557"}],"wp:featuredmedia":[{"embeddable":true,"href":"https:\/\/www.greenpeace.org\/canada\/fr\/wp-json\/wp\/v2\/media\/46358"}],"wp:attachment":[{"href":"https:\/\/www.greenpeace.org\/canada\/fr\/wp-json\/wp\/v2\/media?parent=46410"}],"wp:term":[{"taxonomy":"category","embeddable":true,"href":"https:\/\/www.greenpeace.org\/canada\/fr\/wp-json\/wp\/v2\/categories?post=46410"},{"taxonomy":"post_tag","embeddable":true,"href":"https:\/\/www.greenpeace.org\/canada\/fr\/wp-json\/wp\/v2\/tags?post=46410"},{"taxonomy":"p4-page-type","embeddable":true,"href":"https:\/\/www.greenpeace.org\/canada\/fr\/wp-json\/wp\/v2\/p4-page-type?post=46410"}],"curies":[{"name":"wp","href":"https:\/\/api.w.org\/{rel}","templated":true}]}}