{"id":46452,"date":"2021-03-05T15:36:53","date_gmt":"2021-03-05T20:36:53","guid":{"rendered":"https:\/\/www.greenpeace.org\/canada\/?p=46452"},"modified":"2021-03-05T15:36:56","modified_gmt":"2021-03-05T20:36:56","slug":"langue-de-bois-et-manque-de-transparence-au-ministere-des-forets-greenpeace-soutient-lappel-a-une-enquete-publique-et-demande-une-refonte-du-mffp","status":"publish","type":"post","link":"https:\/\/www.greenpeace.org\/canada\/fr\/blog-des-volontaires\/46452\/langue-de-bois-et-manque-de-transparence-au-ministere-des-forets-greenpeace-soutient-lappel-a-une-enquete-publique-et-demande-une-refonte-du-mffp\/","title":{"rendered":"Langue de bois et manque de transparence au Minist\u00e8re des for\u00eats: Greenpeace soutient l\u2019appel \u00e0 une enqu\u00eate publique et demande une refonte du MFFP"},"content":{"rendered":"\n<p><strong>Montr\u00e9al<\/strong> \u2013 En r\u00e9action au reportage <a href=\"https:\/\/ici.radio-canada.ca\/nouvelle\/1774723\/foresterie-mesurage-terres-publiques-complaisance-gouvernement\">Enqu\u00eate<\/a> diffus\u00e9 hier sur les ondes de Radio-Canada, exposant de graves probl\u00e9matiques dans la gestion de la for\u00eat publique qu\u00e9b\u00e9coise,&nbsp; Olivier K\u00f6lmel, charg\u00e9 de campagne Nature &amp; Alimentation pour Greenpeace Canada, a d\u00e9clar\u00e9 :<\/p>\n\n<p>\u00ab L\u2019id\u00e9e que le minist\u00e8re des for\u00eats pourrait \u00eatre \u00e0 la solde des grandes compagnies foresti\u00e8res, notamment dans l&rsquo;objectif de s&rsquo;acheter des votes, est tr\u00e8s inqui\u00e9tante. Il est d&rsquo;autant plus pr\u00e9occupant <a href=\"https:\/\/ici.radio-canada.ca\/nouvelle\/1775188\/forets-bois-enquete-ministere-denonciation-pratiques\">d\u2019entendre<\/a> que le Ministre Dufour ne semble pas prendre ces all\u00e9gations au s\u00e9rieux. Les probl\u00e8mes syst\u00e9miques au sein de son minist\u00e8re et la mauvaise gestion de la for\u00eat ont des impacts directs sur la sant\u00e9 des communaut\u00e9s et de notre environnement. Greenpeace sonne l\u2019alarme depuis des ann\u00e9es \u00e0 cet \u00e9gard, mais aucun gouvernement n\u2019a jusqu\u2019\u00e0 pr\u00e9sent su d\u00e9montrer l&rsquo;audace et l\u2019ambition n\u00e9cessaires pour \u00e9couter les demandes de la population. Une enqu\u00eate publique est bienvenue, et elle doit \u00eatre accompagn\u00e9e d\u2019un grand m\u00e9nage de printemps au Minist\u00e8re, ainsi que d\u2019une r\u00e9forme de l\u2019industrie. Peut-\u00eatre que l\u00e0 le gouvernement sera r\u00e9ellement en mesure de r\u00e9pondre \u00e0 la crise \u00e9cologique et de r\u00e9soudre le probl\u00e8me d\u2019endettement perp\u00e9tuel du MFFP.\u00bb<\/p>\n\n<p>Greenpeace rappelle que la commission Coulombe de 2004 avait fait plusieurs recommandations pour r\u00e9pondre \u00e0 de gros probl\u00e8mes avec la gestion des for\u00eats publiques. Une bonne part de celles-ci ont toutefois <a href=\"https:\/\/mffp.gouv.qc.ca\/publications\/forets\/gestion\/bilan-recommandations.pdf\">\u00e9t\u00e9 ignor\u00e9es<\/a>. Le r\u00e9gime forestier est le fruit de cette commission, or son aspect \u00e9cosyst\u00e9mique reste flou, \u00e9tant un concept et non un objectif sur le terrain. En cons\u00e9quence, on continue de voir&nbsp; un&nbsp; d\u00e9clin continu de la biodiversit\u00e9, une&nbsp; perte de for\u00eats primaires essentielles au combat climatique, et des projets d\u2019aires prot\u00e9g\u00e9es supplant\u00e9s par la foresterie et l\u2019extraction mini\u00e8re.&nbsp;<\/p>\n\n<p>Pour l\u2019organisation, le Qu\u00e9bec n\u2019a pas une approche holistique de la gestion du territoire, ni une int\u00e9gration syst\u00e9matique des besoins et droits des peuples autochtones. D\u00e9j\u00e0 dans l\u2019<a href=\"https:\/\/plus.lapresse.ca\/screens\/971c4604-ba8f-4a12-a142-a4a99fa3282e__7C___0.html?utm_content=screen&amp;utm_medium=facebook&amp;utm_campaign=microsite+share\">annonce du 17% de protection du territoire pour 2020<\/a>, il a \u00e9t\u00e9 possible de noter 83 propositions d\u2019aires prot\u00e9g\u00e9es ignor\u00e9es, et aucune mention de l<a href=\"https:\/\/www.cbd.int\/development\/doc\/biodiversity-2030-agenda-technical-note-fr.pdf\">\u2019objectif de restaurer 15% des \u00e9cosyst\u00e8mes d\u00e9grad\u00e9s<\/a>. De plus, dans les derni\u00e8res semaines, <a href=\"https:\/\/www.lapresse.ca\/debats\/opinions\/2021-03-04\/un-cri-du-coeur-pour-la-nature.php\">une panoplie de groupes de citoyens<\/a> \u00e0 travers la province, et m\u00eame <a href=\"https:\/\/www.larevue.qc.ca\/\/article\/2021\/02\/23\/front-commun-des-maires-de-terrebonne-de-mascouche-et-de-candiac\">des maires<\/a>, exhortent des changements de lois, afin de mieux prot\u00e9ger les milieux naturels et espaces verts urbains contre des projets de d\u00e9veloppement. <strong>Ces for\u00eats et milieux naturels sont essentiels pour que le Qu\u00e9bec atteigne ses objectifs climatiques, de biodiversit\u00e9, et pour la sant\u00e9 des populations. Il est ainsi primordial que le gouvernement revoit ses priorit\u00e9s sur le plan l\u00e9gislatif et op\u00e9rationnel.&nbsp;&nbsp;<\/strong><\/p>\n\n<p class=\"has-text-align-center\">&#8211; 30 &#8211;<\/p>\n\n<p><strong>Pour plus d\u2019informations, veuillez contacter :<\/strong><\/p>\n\n<p>Laura Bergamo, Conseill\u00e8re aux communications, Greenpeace Canada<\/p>\n\n<p><a href=\"mailto:laura.bergamo@greenpeace.org\">laura.bergamo@greenpeace.org<\/a>, (438) 928-5237<\/p>\n","protected":false},"excerpt":{"rendered":"<p>Montr\u00e9al \u2013 En r\u00e9action au reportage Enqu\u00eate diffus\u00e9 hier sur les ondes de Radio-Canada, exposant de graves probl\u00e9matiques dans la gestion de la for\u00eat publique qu\u00e9b\u00e9coise,  Olivier K\u00f6lmel, charg\u00e9 de campagne Nature et Alimentation pour Greenpeace Canada, a d\u00e9clar\u00e9 :<\/p>\n","protected":false},"author":77,"featured_media":46453,"comment_status":"open","ping_status":"open","sticky":false,"template":"","format":"standard","meta":{"ep_exclude_from_search":false,"p4_og_title":"Langue de bois et manque de transparence au Minist\u00e8re des for\u00eats: Greenpeace soutient l\u2019appel \u00e0 une enqu\u00eate publique et demande une refonte du MFFP","p4_og_description":"Montr\u00e9al \u2013 En r\u00e9action au reportage Enqu\u00eate diffus\u00e9 hier sur les ondes de Radio-Canada, exposant de graves probl\u00e9matiques dans la gestion de la for\u00eat publique qu\u00e9b\u00e9coise,  Olivier K\u00f6lmel, charg\u00e9 de campagne Nature et Alimentation pour Greenpeace Canada, a d\u00e9clar\u00e9 :","p4_og_image":"https:\/\/www.greenpeace.org\/static\/planet4-canada-stateless\/2021\/03\/3f6072fd-screen-shot-2021-03-05-at-3.34.03-pm.png","p4_og_image_id":"46453","p4_seo_canonical_url":"","p4_campaign_name":"not set","p4_local_project":"not set","p4_basket_name":"not set","p4_department":"","footnotes":""},"categories":[19,18,21],"tags":[40,41,43],"p4-page-type":[],"class_list":["post-46452","post","type-post","status-publish","format-standard","has-post-thumbnail","hentry","category-nature-fr","category-notre-travail","category-vivre-de-facon-durable","tag-autochtones","tag-climat","tag-forets"],"_links":{"self":[{"href":"https:\/\/www.greenpeace.org\/canada\/fr\/wp-json\/wp\/v2\/posts\/46452","targetHints":{"allow":["GET"]}}],"collection":[{"href":"https:\/\/www.greenpeace.org\/canada\/fr\/wp-json\/wp\/v2\/posts"}],"about":[{"href":"https:\/\/www.greenpeace.org\/canada\/fr\/wp-json\/wp\/v2\/types\/post"}],"author":[{"embeddable":true,"href":"https:\/\/www.greenpeace.org\/canada\/fr\/wp-json\/wp\/v2\/users\/77"}],"replies":[{"embeddable":true,"href":"https:\/\/www.greenpeace.org\/canada\/fr\/wp-json\/wp\/v2\/comments?post=46452"}],"version-history":[{"count":4,"href":"https:\/\/www.greenpeace.org\/canada\/fr\/wp-json\/wp\/v2\/posts\/46452\/revisions"}],"predecessor-version":[{"id":46458,"href":"https:\/\/www.greenpeace.org\/canada\/fr\/wp-json\/wp\/v2\/posts\/46452\/revisions\/46458"}],"wp:featuredmedia":[{"embeddable":true,"href":"https:\/\/www.greenpeace.org\/canada\/fr\/wp-json\/wp\/v2\/media\/46453"}],"wp:attachment":[{"href":"https:\/\/www.greenpeace.org\/canada\/fr\/wp-json\/wp\/v2\/media?parent=46452"}],"wp:term":[{"taxonomy":"category","embeddable":true,"href":"https:\/\/www.greenpeace.org\/canada\/fr\/wp-json\/wp\/v2\/categories?post=46452"},{"taxonomy":"post_tag","embeddable":true,"href":"https:\/\/www.greenpeace.org\/canada\/fr\/wp-json\/wp\/v2\/tags?post=46452"},{"taxonomy":"p4-page-type","embeddable":true,"href":"https:\/\/www.greenpeace.org\/canada\/fr\/wp-json\/wp\/v2\/p4-page-type?post=46452"}],"curies":[{"name":"wp","href":"https:\/\/api.w.org\/{rel}","templated":true}]}}