{"id":46976,"date":"2021-03-25T15:53:01","date_gmt":"2021-03-25T19:53:01","guid":{"rendered":"https:\/\/www.greenpeace.org\/canada\/?p=46976"},"modified":"2021-04-14T16:58:42","modified_gmt":"2021-04-14T20:58:42","slug":"cour-supreme-la-taxe-carbone-federale-est-constitutionnelle","status":"publish","type":"post","link":"https:\/\/www.greenpeace.org\/canada\/fr\/blog-des-volontaires\/46976\/cour-supreme-la-taxe-carbone-federale-est-constitutionnelle\/","title":{"rendered":"Cour supr\u00eame: La taxe carbone f\u00e9d\u00e9rale est constitutionnelle"},"content":{"rendered":"\n<p>TORONTO &#8211; En r\u00e9action aux conclusions de la Cour supr\u00eame sur la constitutionnalit\u00e9 de la taxe carbone, Priyanka Vittal, Avocate chez Greenpeace Canada a d\u00e9clar\u00e9:&nbsp;<\/p>\n\n<p>\u00abIl s&rsquo;agit d&rsquo;une d\u00e9cision extr\u00eamement importante pour la lutte climatique nationale et mondiale. Ce jugement ouvre la voie au gouvernement f\u00e9d\u00e9ral pour qu&rsquo;il continue \u00e0 pr\u00e9senter des lois ambitieuses qui appuient les solutions climatiques. Il est maintenant clair que les gouvernements provinciaux ne doivent pas entraver, mais doivent plut\u00f4t \u00eatre compl\u00e9mentaires \u00e0 l&rsquo;action f\u00e9d\u00e9rale pour affronter la crise climatique.\u00bb<\/p>\n","protected":false},"excerpt":{"rendered":"<p>\u00abIl s&rsquo;agit d&rsquo;une d\u00e9cision extr\u00eamement importante pour la lutte climatique nationale et mondiale.\u00bb<\/p>\n","protected":false},"author":45,"featured_media":44660,"comment_status":"open","ping_status":"open","sticky":false,"template":"","format":"standard","meta":{"ep_exclude_from_search":false,"p4_og_title":"","p4_og_description":"","p4_og_image":"","p4_og_image_id":"","p4_seo_canonical_url":"","p4_campaign_name":"not set","p4_local_project":"not set","p4_basket_name":"not set","p4_department":"","footnotes":""},"categories":[19,21],"tags":[41,47],"p4-page-type":[],"class_list":["post-46976","post","type-post","status-publish","format-standard","has-post-thumbnail","hentry","category-nature-fr","category-vivre-de-facon-durable","tag-climat","tag-petrole"],"_links":{"self":[{"href":"https:\/\/www.greenpeace.org\/canada\/fr\/wp-json\/wp\/v2\/posts\/46976","targetHints":{"allow":["GET"]}}],"collection":[{"href":"https:\/\/www.greenpeace.org\/canada\/fr\/wp-json\/wp\/v2\/posts"}],"about":[{"href":"https:\/\/www.greenpeace.org\/canada\/fr\/wp-json\/wp\/v2\/types\/post"}],"author":[{"embeddable":true,"href":"https:\/\/www.greenpeace.org\/canada\/fr\/wp-json\/wp\/v2\/users\/45"}],"replies":[{"embeddable":true,"href":"https:\/\/www.greenpeace.org\/canada\/fr\/wp-json\/wp\/v2\/comments?post=46976"}],"version-history":[{"count":2,"href":"https:\/\/www.greenpeace.org\/canada\/fr\/wp-json\/wp\/v2\/posts\/46976\/revisions"}],"predecessor-version":[{"id":47266,"href":"https:\/\/www.greenpeace.org\/canada\/fr\/wp-json\/wp\/v2\/posts\/46976\/revisions\/47266"}],"wp:featuredmedia":[{"embeddable":true,"href":"https:\/\/www.greenpeace.org\/canada\/fr\/wp-json\/wp\/v2\/media\/44660"}],"wp:attachment":[{"href":"https:\/\/www.greenpeace.org\/canada\/fr\/wp-json\/wp\/v2\/media?parent=46976"}],"wp:term":[{"taxonomy":"category","embeddable":true,"href":"https:\/\/www.greenpeace.org\/canada\/fr\/wp-json\/wp\/v2\/categories?post=46976"},{"taxonomy":"post_tag","embeddable":true,"href":"https:\/\/www.greenpeace.org\/canada\/fr\/wp-json\/wp\/v2\/tags?post=46976"},{"taxonomy":"p4-page-type","embeddable":true,"href":"https:\/\/www.greenpeace.org\/canada\/fr\/wp-json\/wp\/v2\/p4-page-type?post=46976"}],"curies":[{"name":"wp","href":"https:\/\/api.w.org\/{rel}","templated":true}]}}