{"id":47448,"date":"2021-04-21T12:08:02","date_gmt":"2021-04-21T16:08:02","guid":{"rendered":"https:\/\/www.greenpeace.org\/canada\/?p=47448"},"modified":"2021-12-06T06:23:14","modified_gmt":"2021-12-06T11:23:14","slug":"analyse-du-budget-federal-2021-a-quel-point-la-relance-de-la-covid-sera-t-elle-juste-et-verte","status":"publish","type":"post","link":"https:\/\/www.greenpeace.org\/canada\/fr\/blog-des-volontaires\/47448\/analyse-du-budget-federal-2021-a-quel-point-la-relance-de-la-covid-sera-t-elle-juste-et-verte\/","title":{"rendered":"Analyse du budget f\u00e9d\u00e9ral 2021: \u00e0 quel point la relance de la COVID sera-t-elle juste et verte?"},"content":{"rendered":"\n<p>Au cours de la derni\u00e8re ann\u00e9e, vous avez jou\u00e9 un r\u00f4le d\u2019une grande importance au sein du mouvement pour <a href=\"https:\/\/www.greenpeace.org\/canada\/fr\/agir\/relance-juste-verte-pandemie-coronavirus\/\">une relance juste et verte apr\u00e8s la pand\u00e9mie<\/a>. <strong>Ensemble, nous avons dit au gouvernement Trudeau que <\/strong><a href=\"https:\/\/www.greenpeace.org\/canada\/fr\/agir\/rebatir-en-mieux-sans-les-energies-fossiles\/\"><strong>reb\u00e2tir en mieux signifie reb\u00e2tir sans \u00e9nergies fossiles.<\/strong><\/a>&nbsp;<\/p>\n\n<p><strong>Lundi 19 Avril, le gouvernement Trudeau a pr\u00e9sent\u00e9 un <\/strong><a href=\"https:\/\/www.budget.gc.ca\/2021\/home-accueil-fr.html\"><strong>budget<\/strong><\/a><strong> qui prouve que votre mobilisation a permis de changer le cours des choses.<\/strong> Bien qu\u2019il reste encore beaucoup \u00e0 accomplir, voici quelques-unes des mesures qui n&rsquo;auraient probablement pas \u00e9t\u00e9 pr\u00e9sentes dans ce budget sans la mobilisation citoyenne \u00e0 laquelle vous avez particip\u00e9:<\/p>\n\n<ul class=\"wp-block-list\"><li><strong><strong>Avec les r\u00e9centes annonces et le budget,<\/strong><\/strong> p<strong>lus de 30 milliards de dollars sont pr\u00e9vus pour de nouvelles actions en faveur du climat<\/strong>, mais de nombreux d\u00e9tails cl\u00e9s restent encore \u00e0 d\u00e9terminer. Nous esp\u00e9rons ainsi pouvoir compter sur vous pour tenir le gouvernement responsable face \u00e0 ses promesses afin de s\u2019assurer que ces mesures voient le jour.\u00a0<\/li><li>C&rsquo;est le premier budget qui reconna\u00eet que <strong>la protection de la biodiversit\u00e9 a une importance strat\u00e9gique dans la protection du climat.\u00a0<\/strong><\/li><li>Les programmes d\u2019aide pour la cr\u00e9ation de services de garde d&rsquo;enfants abordables et pour les communaut\u00e9s autochtones sont importants pour lutter contre le racisme, le sexisme et les in\u00e9galit\u00e9s syst\u00e9miques. Nous avons toutefois \u00e9t\u00e9 d\u00e9\u00e7us par l&rsquo;absence de progr\u00e8s concernant l&rsquo;imp\u00f4t sur la fortune et l&rsquo;assurance-m\u00e9dicaments.<\/li><\/ul>\n\n<p>Bien que ce budget soit encore loin de couvrir tout ce dont nous avons besoin pour faire face aux crises sociales et du climat, <strong>de tels investissements pour financer un monde plus juste et plus vert \u00e9taient inimaginables il y a un an.<\/strong><\/p>\n\n<h2 class=\"wp-block-heading\"><strong>1. Protection de l\u2019environnement<\/strong><\/h2>\n\n<figure class=\"wp-block-table is-style-stripes\"><table class=\"has-green-800-background-color has-fixed-layout has-background\"><thead><tr><th><\/th><th><strong>Ce qui est annonc\u00e9 dans le budget<\/strong><\/th><th><strong>Les prochaines \u00e9tapes<\/strong><\/th><\/tr><\/thead><tbody><tr><td><strong>D\u00e9finir une strat\u00e9gie de d\u00e9carbonisation de l\u2019\u00e9conomie d\u2019ici \u00e0 2040.<\/strong><\/td><td>17,6 milliards de dollars sur 5 ans sont consacr\u00e9s \u00e0 \u00ab\u00a0une relance verte pour cr\u00e9er des emplois, construire une \u00e9conomie propre, et combattre les changements climatiques.\u00a0\u00bb&nbsp;Cette somme s&rsquo;ajoute aux 15 milliards de dollars annonc\u00e9s dans le cadre du plan climat de d\u00e9cembre 2020.<\/td><td>Il y a beaucoup d&rsquo;argent (plus de 6 milliards de dollars) pour subventionner les technologies propres. Nous devons nous assurer que cet argent permettra de cr\u00e9er de bons emplois dans la construction d&rsquo;infrastructures et de services sans carbone, et non pas d\u2019encourager la recherche de profits et les pratiques des compagnies p\u00e9troli\u00e8res.<\/td><\/tr><tr><td><strong>Proposer des plans pour prot\u00e9ger 30% des terres, oc\u00e9ans et des r\u00e9serves d\u2019eau douce d\u2019ici 2030.<\/strong><\/td><td>Le gouvernement f\u00e9d\u00e9ral a enfin reconnu que la protection de la biodiversit\u00e9 prot\u00e8ge \u00e9galement notre climat.&nbsp;Plus de 3,3 milliards de dollars sont allou\u00e9s pour am\u00e9liorer la protection de la nature au Canada, y compris les for\u00eats, prairies, oc\u00e9ans et rivi\u00e8res.&nbsp;200 millions de dollars sont allou\u00e9s aux infrastructures naturelles, y compris les espaces verts en milieu urbain.<\/td><td>Travailler avec les Peuples Autochtones, les a\u00een\u00e9s\u00b7es et d\u00e9tenteurs de savoir pour faire progresser la r\u00e9conciliation et la d\u00e9colonisation par le biais de la conservation, en mettant notamment l&rsquo;accent sur les aires prot\u00e9g\u00e9es et conserv\u00e9es par les autochtones (IPCA). Veiller \u00e0 ce que les communaut\u00e9s locales aient acc\u00e8s aux emplois nouvellement cr\u00e9\u00e9s dans le domaine de la protection de la nature, l&rsquo;entretien et la surveillance \u00e0 long terme des nouvelles aires prot\u00e9g\u00e9es du Canada.&nbsp;Un plan clair et d\u00e9taill\u00e9 pour atteindre les nouveaux objectifs en mati\u00e8re de nature et de biodiversit\u00e9, y compris un rapport annuel transparent sur les progr\u00e8s r\u00e9alis\u00e9s.&nbsp;Plus de d\u00e9tails <a href=\"https:\/\/storage.googleapis.com\/planet4-canada-stateless\/2020\/07\/541cbcf3-wilkinson-critics-nature-based-solutions-letter.pdf\">ici<\/a> (en anglais).&nbsp;<\/td><\/tr><tr><td><strong>D\u00e9velopper les infrastructures pi\u00e9tonnes et cyclables, les r\u00e9seaux de transports en communs \u00e9lectriques.<\/strong><\/td><td>15 milliards de dollars (annonc\u00e9s pr\u00e9c\u00e9demment) sont pr\u00e9vus pour les transports en commun, y compris des bus \u00e9lectriques.&nbsp;200 millions de dollars iront pour des espaces verts urbains pour donner acc\u00e8s \u00e0 la nature aux populations et \u00e0 des couloirs pour le v\u00e9lo et la marche.&nbsp;<\/td><td>Le gouvernement f\u00e9d\u00e9ral doit travailler directement avec les villes et municipalit\u00e9s pour s&rsquo;assurer que les infrastructures vertes favorisent la marche et le v\u00e9lo.<\/td><\/tr><tr><td><strong>Soutenir la transition des constructeurs automobiles \u00e0 l\u2019\u00e9lectrique d&rsquo;ici 2030.&nbsp;<\/strong><\/td><td>Peu de nouveaux fonds pour l&rsquo;\u00e9lectrification des transports, mais 94 millions de dollars devraient \u00eatre consacr\u00e9s \u00e0 l&rsquo;\u00e9laboration de nouvelles r\u00e9glementations plus strictes pour les v\u00e9hicules.56 millions de dollars sont pr\u00e9vus pour la standardisation des stations de recharge.<\/td><td>Mettre en \u0153uvre une norme agressive pour les v\u00e9hicules \u00e0 z\u00e9ro \u00e9mission qui permettra d\u2019\u00e9liminer progressivement la production et la vente de nouveaux moteurs \u00e0 combustion interne d&rsquo;ici 2035.<\/td><\/tr><tr><td><strong>Des emplois dans le domaine de l&rsquo;efficacit\u00e9 \u00e9nerg\u00e9tique et des logements \u00e0 faible \u00e9mission de carbone pour les communaut\u00e9s vuln\u00e9rables.&nbsp;<\/strong><\/td><td>Le programme d&rsquo;am\u00e9lioration de l&rsquo;efficacit\u00e9 \u00e9nerg\u00e9tique, dot\u00e9 d&rsquo;un budget de 4,4 milliards de dollars, disposera de fonds sp\u00e9cifiques pour aider les propri\u00e9taires \u00e0 faible revenu et les immeubles locatifs destin\u00e9s aux locataires \u00e0 faible revenu, y compris les coop\u00e9ratives et les logements appartenant \u00e0 des organismes sans but lucratif. Cependant, l&rsquo;ampleur de ce programme demeure incertaine.<\/td><td>Nous avons besoin d&rsquo;une approche plus globale de l&rsquo;am\u00e9lioration de l&rsquo;efficacit\u00e9 \u00e9nerg\u00e9tique. Nous pouvons toutefois souligner le fait que les besoins sp\u00e9cifiques des m\u00e9nages \u00e0 faible revenu seront int\u00e9gr\u00e9s au programme actuel.<\/td><\/tr><tr><td><strong>Des emplois dans l&rsquo;agriculture \u00e0 petite \u00e9chelle, de proximit\u00e9 et \u00e9cologique.&nbsp;<\/strong><\/td><td>200 millions de dollars sur 2 ans sont allou\u00e9s \u00e0 l\u2019impl\u00e9mentation de solutions climatiques dans les fermes.&nbsp;140 millions de dollars compl\u00e9teront le Fonds de s\u00e9curit\u00e9 alimentaire d&rsquo;urgence et le Fonds d&rsquo;infrastructure alimentaire locale.&nbsp;&nbsp;163,4 millions de dollars sur 3 ans permettront d\u2019am\u00e9liorer le programme Nutrition Nord Canada.&nbsp;Aucune mention d&rsquo;un programme national d&rsquo;alimentation scolaire.<\/td><td>S&rsquo;assurer que les financements sont accord\u00e9s aux petites et moyennes exploitations agricoles, plut\u00f4t qu&rsquo;\u00e0 l&rsquo;agriculture industrielle.Soutenir en priorit\u00e9 la souverainet\u00e9 alimentaire des Autochtones et les initiatives alimentaires men\u00e9es par les personnes autochtones, noires et de couleur (PANDC).<\/td><\/tr><tr><td><strong>Prendre des mesures pour b\u00e2tir une \u00e9conomie v\u00e9ritablement circulaire, en encourageant les innovations en mati\u00e8re de z\u00e9ro d\u00e9chet et en interdisant les plastiques \u00e0 usage unique.<\/strong><\/td><td>Aucun progr\u00e8s significatif en mati\u00e8re d&rsquo;\u00e9conomie circulaire.&nbsp;Un nouveau programme de 10 millions de dollars est pr\u00e9vu pour lutter contre les d\u00e9chets plastiques dans les oc\u00e9ans provenant des filets et des \u00e9quipements de p\u00eache abandonn\u00e9s.<\/td><td>Continuer \u00e0 nous mobiliser et \u00e0 faire pression sur le gouvernement.<\/td><\/tr><\/tbody><\/table><\/figure>\n\n<h2 class=\"wp-block-heading\"><strong>2. Am\u00e9liorer le filet social<\/strong><\/h2>\n\n<figure class=\"wp-block-table is-style-stripes\"><table class=\"has-green-800-background-color has-fixed-layout has-background\"><thead><tr><th><\/th><th><strong>Ce qui est annonc\u00e9 dans le budget<\/strong><\/th><th><strong>Les prochaines \u00e9tapes<\/strong><\/th><\/tr><\/thead><tbody><tr><td><strong>Instaurer un salaire viable et un revenu de base universel.<\/strong><\/td><td>Un salaire minimum f\u00e9d\u00e9ral de 15 dollars a \u00e9t\u00e9 annonc\u00e9, mais aucune avanc\u00e9e sur le revenu de base universel.<\/td><td>Continuer \u00e0 nous mobiliser et \u00e0 faire pression sur le gouvernement.<\/td><\/tr><tr><td><strong>Instaurer un programme national de services de garde.<\/strong><\/td><td>Jusqu&rsquo;\u00e0 30 milliards de dollars seront accord\u00e9s pour la cr\u00e9ation de services de garde d&rsquo;enfants abordables (mais il faut la collaboration des provinces pour que ce programme puisse fonctionner).&nbsp;<\/td><td>Il s&rsquo;agit d&rsquo;un d\u00e9veloppement positif. Nous devons nous assurer que les provinces participent et que le programme est v\u00e9ritablement abordable.<\/td><\/tr><tr><td><strong>Instaurer un programme national d\u2019assurance-m\u00e9dicaments.<\/strong><\/td><td>Une grande d\u00e9ception, car il n&rsquo;y a aucun progr\u00e8s sur ce programme promis depuis longtemps.<\/td><td>Continuer \u00e0 nous mobiliser et \u00e0 faire pression sur le gouvernement.<\/td><\/tr><tr><td><strong>Instaurer un programme national de cong\u00e9 maladie.<\/strong><\/td><td>Rien de nouveau.<\/td><td>Continuer \u00e0 nous mobiliser et \u00e0 faire pression sur le gouvernement.<\/td><\/tr><tr><td><strong>Des conditions d&#8217;emploi s\u00fbres pour le personnel soignant.<\/strong><\/td><td>90 millions de dollars sur 3 ans sont pr\u00e9vus pour un programme \u00ab\u00a0Bien vieillir chez soi\u00a0\u00bb afin d&rsquo;aider les organisations communautaires \u00e0 fournir un soutien aux personnes \u00e2g\u00e9es \u00e0 faible revenu et vuln\u00e9rables.&nbsp;<\/td><td>Continuer \u00e0 nous mobiliser et \u00e0 faire pression sur le gouvernement.<\/td><\/tr><\/tbody><\/table><\/figure>\n\n<h2 class=\"wp-block-heading\"><strong>3. Droits des femmes, des Peuples autochtones et des personnes racis\u00e9es<\/strong><\/h2>\n\n<figure class=\"wp-block-table is-style-stripes\"><table class=\"has-green-800-background-color has-fixed-layout has-background\"><thead><tr><th><\/th><th><strong>Ce qui est annonc\u00e9 dans le budget<\/strong><\/th><th><strong>Les prochaines \u00e9tapes<\/strong><\/th><\/tr><\/thead><tbody><tr><td><strong>Prendre des mesures pour att\u00e9nuer la r\u00e9cession au f\u00e9minin, garantir un salaire \u00e9gal et une meilleure s\u00e9curit\u00e9 d\u2019emploi pour toutes les femmes<\/strong><strong>.<\/strong><\/td><td>L&rsquo;extension des prestations accord\u00e9es dans le contexte de la COVID-19 et la promesse de services de garde d&rsquo;enfants abordables contribueront \u00e0 lutter contre la r\u00e9cession au f\u00e9mininUn programme de 600 millions de dollars sur 5 ans a \u00e9t\u00e9 annonc\u00e9 plus t\u00f4t cette ann\u00e9e pour financer le Plan d&rsquo;action national pour mettre fin \u00e0 la violence sexiste.<\/td><td>Travailler avec le nouveau groupe de travail sur les femmes dans l&rsquo;\u00e9conomie, annonc\u00e9 le mois dernier, pour tenir la promesse du budget d&rsquo;une \u00ab\u00a0\u00e9conomie inclusive, durable, f\u00e9ministe et r\u00e9siliente qui valorise le travail des femmes\u00a0\u00bb.&nbsp;<\/td><\/tr><tr><td><strong>Respecter les droits des Peuples Autochtones, mettre en \u0153uvre la r\u00e9conciliation, assurer la justice pour les <\/strong><a href=\"https:\/\/www.mmiwg-ffada.ca\/fr\/\"><strong>FFADA<\/strong><\/a><strong>, garantir l\u2019acc\u00e8s \u00e0 l\u2019eau potable et \u00e0 des logements d\u00e9cents, et voter la <\/strong><a href=\"https:\/\/fr.unesco.org\/indigenous-peoples\/undrip\"><strong>DNUDPA<\/strong><\/a><strong>.<\/strong><\/td><td>18 milliards de dollars sur 5 ans sont pr\u00e9vus pour lutter contre les in\u00e9galit\u00e9s auxquelles les populations autochtones continuent d&rsquo;\u00eatre confront\u00e9es au Canada et faire progresser la r\u00e9conciliation. Cela inclut 2,2 milliards de dollars suppl\u00e9mentaires sur cinq ans pour s&rsquo;attaquer aux probl\u00e8mes syst\u00e9miques de la trag\u00e9die des Femmes et des filles autochtones disparues et assassin\u00e9es.<\/td><td>Travailler avec les Peuples Autochtones pour l\u00e9gif\u00e9rer sur la mise en \u0153uvre int\u00e9grale, au niveau national, de la D\u00e9claration des Nations Unies sur les droits des peuples autochtones, y compris le<a href=\"https:\/\/liguedesdroits.ca\/le-consentement-prealable-libre-et-eclaire-un-nouveau-paradigme\/\"> droit au consentement pr\u00e9alable, libre et \u00e9clair\u00e9<\/a> et la reconnaissance de la diversit\u00e9 des perspectives autochtones.Enfin, mettre fin imm\u00e9diatement \u00e0 la crise de l&rsquo;acc\u00e8s \u00e0 l\u2019eau potable des Premi\u00e8res Nations, et proposer des \u00e9ch\u00e9ances claires.<\/td><\/tr><tr><td><strong>D\u00e9financer la GRC et investir dans des programmes de sant\u00e9 mentale.<\/strong><\/td><td>Le financement de la GRC a \u00e9t\u00e9 augment\u00e9 (75 millions de dollars sur cinq ans) afin de prendre des mesures pour lutter contre le racisme syst\u00e9mique.<\/td><td>Plus de fonds et de moyens pour la formation ne <a href=\"https:\/\/www.greenpeace.org\/canada\/fr\/histoires\/38851\/appel-a-l-action-definancez-la-police-au-canada\/\">permet pas de changer le syst\u00e8me<\/a>. Greenpeace soutient la plateforme politique du <a href=\"https:\/\/m4bl.org\/policy-platforms\/\">mouvement Black Lives Matter<\/a>, qui pr\u00e9voit un avenir sans prisons, sans centres de d\u00e9tention, ou \u00e9tablissements pour jeunes.&nbsp;<\/td><\/tr><tr><td><strong>D\u00e9finir une voie claire vers la citoyennet\u00e9 et garantir des conditions d&#8217;emploi dignes pour les travailleurs et travailleuses migrant\u00b7es.<\/strong><\/td><td>Le budget pr\u00e9voit 54 millions de dollars pour financer les programmes de quarantaine pour la COVID-19 des travailleurs et travailleuses migrant\u00b7es, ainsi que 61 millions de dollars pour renforcer les inspections sur les lieux de travail et aider les employ\u00e9\u00b7es victimes d&rsquo;abus.Ce n&rsquo;\u00e9tait pas dans le budget, mais le gouvernement f\u00e9d\u00e9ral a r\u00e9cemment annonc\u00e9 un programme acc\u00e9l\u00e9r\u00e9 d\u2019acc\u00e8s \u00e0 la citoyennet\u00e9 pour certain\u00b7es travailleuses et travailleurs migrant\u00b7es, \u00e0 l&rsquo;exclusion des personnes sans emploi et sans-papiers.<\/td><td>Un statut d\u2019<a href=\"https:\/\/migrantrights.ca\/statut-pour-tous\/\">immigration complet et permanent pour toutes et tous.<\/a><\/td><\/tr><\/tbody><\/table><\/figure>\n\n<h2 class=\"wp-block-heading\"><strong>4. Financer une relance juste et verte<\/strong><\/h2>\n\n<figure class=\"wp-block-table is-style-stripes\"><table class=\"has-green-800-background-color has-fixed-layout has-background\"><thead><tr><th><\/th><th><strong>Ce qui est annonc\u00e9 dans le budget<\/strong><\/th><th><strong>Les prochaines \u00e9tapes<\/strong><\/th><\/tr><\/thead><tbody><tr><td><strong>\u00c9tablir un imp\u00f4t sur la fortune.<\/strong><\/td><td>Il y a de nouvelles taxes sur certains produits de luxe, mais pas d&rsquo;imp\u00f4t sur la fortune.&nbsp;&nbsp;<\/td><td>Continuer \u00e0 nous mobiliser et \u00e0 faire pression sur le gouvernement.<\/td><\/tr><tr><td><strong>Interdire les paradis fiscaux.<\/strong><\/td><td>Pas de progr\u00e8s \u00e0 ce sujet.<\/td><td>Continuer \u00e0 nous mobiliser et \u00e0 faire pression sur le gouvernement.<\/td><\/tr><tr><td><strong>Cesser de subventionner l\u2019industrie des \u00e9nergies fossiles.<\/strong><\/td><td>Il est possible que de nouvelles subventions soient accord\u00e9es, en fonction de la mani\u00e8re dont les programmes Acc\u00e9l\u00e9rateur net z\u00e9ro, de capture et de stockage du carbone seront con\u00e7us.<\/td><td>Nous devons maintenir la pression sur le gouvernement afin de nous assurer que les aides financi\u00e8res sont destin\u00e9es \u00e0 la cr\u00e9ation de bons emplois, \u00e0 de v\u00e9ritables solutions climatiques, et ne sont pas de nouvelles subventions aux compagnies p\u00e9troli\u00e8res et gazi\u00e8res.&nbsp;Participez \u00e0 la consultation de 90 jours sur le programme de capture du carbone qui demeure encore flou. Nous avons remport\u00e9 une petite victoire avec le rejet de la <a href=\"https:\/\/www.connaissancedesenergies.org\/quelles-sont-les-techniques-de-recuperation-assistee-des-hydrocarbures-150915\">r\u00e9cup\u00e9ration assist\u00e9e du p\u00e9trole<\/a>, mais nous avons encore beaucoup \u00e0 faire \u00e0 ce sujet.<\/td><\/tr><tr><td><strong>Annuler la construction du pipeline Trans Mountain.<\/strong><\/td><td>Pas de progr\u00e8s \u00e0 ce sujet.<\/td><td>Continuer \u00e0 nous mobiliser et \u00e0 faire pression sur le gouvernement.<\/td><\/tr><tr><td><strong>Obliger les grands pollueurs \u00e0 payer leur juste part pour financer les efforts de lutte aux changements climatiques.<\/strong><\/td><td>Pas de progr\u00e8s \u00e0 ce sujet.<\/td><td>Continuer \u00e0 nous mobiliser et \u00e0 faire pression sur le gouvernement.<\/td><\/tr><\/tbody><\/table><\/figure>\n<div class=\"EmptyMessage\">Block content is empty. Check the block&rsquo;s settings or remove it.<\/div>","protected":false},"excerpt":{"rendered":"<p>Au cours de la derni\u00e8re ann\u00e9e, vous avez jou\u00e9 un r\u00f4le d\u2019une grande importance au sein du mouvement pour une relance juste et verte apr\u00e8s la pand\u00e9mie. Ensemble, nous avons&hellip;<\/p>\n","protected":false},"author":50,"featured_media":47470,"comment_status":"open","ping_status":"open","sticky":false,"template":"","format":"standard","meta":{"ep_exclude_from_search":false,"p4_og_title":"","p4_og_description":"","p4_og_image":"","p4_og_image_id":"","p4_seo_canonical_url":"","p4_campaign_name":"not set","p4_local_project":"","p4_basket_name":"not set","p4_department":"","footnotes":""},"categories":[20,19,18],"tags":[41,43,47,49],"p4-page-type":[],"class_list":["post-47448","post","type-post","status-publish","format-standard","has-post-thumbnail","hentry","category-climat","category-nature-fr","category-notre-travail","tag-climat","tag-forets","tag-petrole","tag-solutionsenergetiques"],"_links":{"self":[{"href":"https:\/\/www.greenpeace.org\/canada\/fr\/wp-json\/wp\/v2\/posts\/47448","targetHints":{"allow":["GET"]}}],"collection":[{"href":"https:\/\/www.greenpeace.org\/canada\/fr\/wp-json\/wp\/v2\/posts"}],"about":[{"href":"https:\/\/www.greenpeace.org\/canada\/fr\/wp-json\/wp\/v2\/types\/post"}],"author":[{"embeddable":true,"href":"https:\/\/www.greenpeace.org\/canada\/fr\/wp-json\/wp\/v2\/users\/50"}],"replies":[{"embeddable":true,"href":"https:\/\/www.greenpeace.org\/canada\/fr\/wp-json\/wp\/v2\/comments?post=47448"}],"version-history":[{"count":8,"href":"https:\/\/www.greenpeace.org\/canada\/fr\/wp-json\/wp\/v2\/posts\/47448\/revisions"}],"predecessor-version":[{"id":51168,"href":"https:\/\/www.greenpeace.org\/canada\/fr\/wp-json\/wp\/v2\/posts\/47448\/revisions\/51168"}],"wp:featuredmedia":[{"embeddable":true,"href":"https:\/\/www.greenpeace.org\/canada\/fr\/wp-json\/wp\/v2\/media\/47470"}],"wp:attachment":[{"href":"https:\/\/www.greenpeace.org\/canada\/fr\/wp-json\/wp\/v2\/media?parent=47448"}],"wp:term":[{"taxonomy":"category","embeddable":true,"href":"https:\/\/www.greenpeace.org\/canada\/fr\/wp-json\/wp\/v2\/categories?post=47448"},{"taxonomy":"post_tag","embeddable":true,"href":"https:\/\/www.greenpeace.org\/canada\/fr\/wp-json\/wp\/v2\/tags?post=47448"},{"taxonomy":"p4-page-type","embeddable":true,"href":"https:\/\/www.greenpeace.org\/canada\/fr\/wp-json\/wp\/v2\/p4-page-type?post=47448"}],"curies":[{"name":"wp","href":"https:\/\/api.w.org\/{rel}","templated":true}]}}