{"id":48215,"date":"2021-05-11T16:29:25","date_gmt":"2021-05-11T20:29:25","guid":{"rendered":"https:\/\/www.greenpeace.org\/canada\/?p=48215"},"modified":"2021-05-11T16:38:26","modified_gmt":"2021-05-11T20:38:26","slug":"hydro-quebec-confirme-laugmentation-des-tarifs-delectricite-pour-alimenter-gnl-quebec-gazoduq","status":"publish","type":"post","link":"https:\/\/www.greenpeace.org\/canada\/fr\/blog-des-volontaires\/48215\/hydro-quebec-confirme-laugmentation-des-tarifs-delectricite-pour-alimenter-gnl-quebec-gazoduq\/","title":{"rendered":"Hydro-Qu\u00e9bec confirme l\u2019augmentation des tarifs d\u2019\u00e9lectricit\u00e9 pour alimenter GNL Qu\u00e9bec\/Gazoduq"},"content":{"rendered":"\n<p><strong>Saguenay, Montr\u00e9al, Qu\u00e9bec, Rouyn-Noranda, le 11 mai 2021 &#8211; <\/strong><a href=\"http:\/\/www.assnat.qc.ca\/fr\/video-audio\/archives-parlementaires\/travaux-commissions\/AudioVideo-89933.html\">Lors de l\u2019\u00e9tude des cr\u00e9dits<\/a> de la commission de l\u2019Agriculture, p\u00eacheries, \u00e9nergie et ressources naturelles<strong> <\/strong>la semaine derni\u00e8re, le ministre de l\u2019\u00c9nergie et des Ressources naturelles Jonatan Julien a confirm\u00e9 que l\u2019augmentation de la demande en \u00e9lectricit\u00e9 apr\u00e8s 2027 am\u00e8nera un hausse des co\u00fbts pour Hydro-Qu\u00e9bec. Lors de la s\u00e9ance, il a affirm\u00e9 que cela va amener <strong>\u00ab une hausse des co\u00fbts qui va se refl\u00e9ter sur les tarifs \u00bb<\/strong>, confirmant les projections d\u00e9j\u00e0 diffus\u00e9es par l\u2019Union des consommateurs.<br><\/p>\n\n<p>Lorsque questionn\u00e9e sur l\u2019\u00e9valuation faite par l\u2019Union des consommateurs qui \u00e9value que la facture d\u2019\u00e9lectricit\u00e9 de tous les abonn\u00e9\u00b7es d\u2019Hydro-Qu\u00e9bec augmenterait de pr\u00e8s de <strong>&nbsp;<\/strong><a href=\"https:\/\/coalitionfjord.com\/2021\/04\/01\/gnl-quebec-gazoduq-couterait-pres-de-10-milliards-aux-abonnes-dhydro-quebec\/\"><strong>$10 milliards<\/strong><\/a><strong> <\/strong>au cours des 25 premi\u00e8res ann\u00e9es du projet <strong>GNL Qu\u00e9bec-Gazoduc qui entra\u00eenerait une hausse de tarifs d\u2019\u00e9lectricit\u00e9&nbsp; de 2,5 %, <\/strong>Sophie Brochu, pr\u00e9sidente-directrice g\u00e9n\u00e9rale d\u2019Hydro-Qu\u00e9bec, a affirm\u00e9 <strong>\u00ab je suis certaine que chez nous, chez Hydro-Qu\u00e9bec, il y a des gens qui l&rsquo;ont calcul\u00e9 \u00bb<\/strong><strong>. <\/strong>Et<strong> <\/strong>madame Brochu<strong> <\/strong>a ajout\u00e9 <strong>\u00ab l\u2019ordre de grandeur est probablement correct \u00bb en faisant r\u00e9f\u00e9rence \u00e0 l\u2019\u00e9valuation de $ 10 milliards de l\u2019Union des consommateurs.<\/strong><\/p>\n\n<p>La question de la hausse de la tarification a beaucoup fait r\u00e9agir le Qu\u00e9bec. <a href=\"https:\/\/coalitionfjord49771181.files.wordpress.com\/2021\/04\/sondage-complet.pdf\">Dans un sondage r\u00e9alis\u00e9 par la firme L\u00e9ger<\/a>,&nbsp; 87 % des r\u00e9pondants disaient s\u2019opposer \u00e0 une hausse de leurs tarifs d\u2019\u00e9lectricit\u00e9 pour alimenter l\u2019usine de GNL Qu\u00e9bec et le pipeline de Gazoduq.&nbsp;<\/p>\n\n<p>Alors que la fin des surplus en \u00e9nergie arrive, les Qu\u00e9b\u00e9cois et Qu\u00e9b\u00e9coises devront se poser des questions sur l\u2019utilisation de leur hydro\u00e9lectricit\u00e9. Les objectifs de r\u00e9duction des GES pour l\u2019atteinte de nos objectifs internationaux vont obligatoirement n\u00e9cessiter une plus grande utilisation de l\u2019hydro\u00e9lectricit\u00e9 pour d\u00e9carboner notre \u00e9conomie et, potentiellement, celles de voisins am\u00e9ricains. Que ce soit l\u2019\u00e9lectrification des transports ou la fin du mazout et du gaz naturel dans le chauffage r\u00e9sidentiel et industriel, l\u2019hydro\u00e9lectricit\u00e9 sera appel\u00e9e \u00e0 jouer un r\u00f4le crucial dans la transition \u00e9nerg\u00e9tique. Nous aurons des choix d\u00e9terminants \u00e0 faire quant aux projets \u00e0 soutenir avec notre hydro\u00e9lectricit\u00e9 tandis que chaque t\u00e9rawattheure devra \u00eatre utilis\u00e9 avec parcimonie et non gaspill\u00e9 pour soi-disant verdir des projets d&rsquo;expansion de l\u2019exploitation des \u00e9nergies fossiles.&nbsp;<\/p>\n\n<p>Le gouvernement doit prendre une d\u00e9cision sur le projet en tenant compte <strong>des r\u00e9percussions sur la facture d\u2019\u00e9lectricit\u00e9 des clients<\/strong> <strong>d\u2019Hydro-Qu\u00e9bec<\/strong> et pas seulement sur la recommandation du ministre de l\u2019Environnement.&nbsp;<\/p>\n\n<p>Selon <strong>Adrien Guibert-Barthez,<\/strong> co-porte-parole de la Coalition Fjord <strong>\u00ab <\/strong>Le gouvernement ne peut pas prendre une d\u00e9cision sur le projet sans tenir compte des milliards de dollars que tous les Qu\u00e9b\u00e9cois.es devraient payer pour fournir de l&rsquo;\u00e9lectricit\u00e9 \u00e0 un prix inf\u00e9rieur \u00e0 ce qu\u2019il en co\u00fbterait \u00e0 Hydro-Qu\u00e9bec pour la produire ! Les cons\u00e9quences financi\u00e8res sont tellement importantes sur le budget des familles qu\u00e9b\u00e9coises, qu\u2019\u00e0 elles seules elles devraient mener au&nbsp; <strong>rejet imm\u00e9diat du projet par le gouvernement<\/strong>. <strong>\u00bb<\/strong><\/p>\n\n<p>\u00ab Les efforts que nous ferons collectivement dans les prochaines ann\u00e9es en mati\u00e8re d\u2019efficacit\u00e9 \u00e9nerg\u00e9tique doivent nous donner la marge de man\u0153uvre n\u00e9cessaire pour \u00e9lectrifier nos transports et nos industries afin de diminuer nos \u00e9missions de gaz \u00e0 effet de serre, et non pas encourager la production de gaz en Alberta. Les Qu\u00e9b\u00e9cois.es n\u2019ont pas \u00e0 payer pour exporter du gaz fossile avec notre \u00e9lectricit\u00e9 propre \u00bb, <strong>d\u00e9nonce Alice-Anne Simard, directrice g\u00e9n\u00e9rale de Nature Qu\u00e9bec<\/strong>.<\/p>\n\n<p>\u00ab Il est compl\u00e8tement inacceptable qu\u2019un projet d\u2019expansion de la production et de l\u2019exportation de gaz fossile produit par fracturation dans l\u2019ouest soit financ\u00e9 \u00e0 coup de milliards par les abonn\u00e9s d\u2019Hydro-Qu\u00e9bec. Il est temps que le gouvernement Legault enterre GNL Qu\u00e9bec\/Gazoduq alors que la population est majoritairement contre ce projet qui aggraverait la crise climatique et menacerait les b\u00e9lugas \u00bb <strong>a d\u00e9clar\u00e9 Patrick Bonin, responsable de la campagne Climat-\u00c9nergie chez Greenpeace Canada.<\/strong><\/p>\n\n<p>\u00ab L&rsquo;hydro\u00e9lectricit\u00e9 constitue une ressource strat\u00e9gique pour le Qu\u00e9bec et lorsqu&rsquo;on mise sur une telle ressource, la derni\u00e8re chose qu&rsquo;on veut faire c\u2019est de l&rsquo;utiliser de mani\u00e8re contre-productive et n\u00e9faste comme avec le projet GNL Qu\u00e9bec\/Gazoduq \u00bb, <strong>ajoute \u00c9mile Boisseau-Bouvier, analyste des politiques climatiques chez \u00c9quiterre.<\/strong><\/p>\n\n<p class=\"has-text-align-center\">-30-<\/p>\n\n<p><strong>Pour plus d\u2019informations, contactez :<\/strong><br><\/p>\n\n<p><strong>Adrien Guibert-Barthez<\/strong>, co-porte-parole de la Coalition Fjord<br>(418) 376-3371; <a href=\"mailto:comm.fjord@gmail.com\">comm.fjord@gmail.com<\/a> <\/p>\n\n<p><strong>Laura Bergamo,<\/strong> conseill\u00e8re aux communications, Greenpeace Canada<br>(438) 928-5237; <a href=\"mailto:laura.bergamo@greenpeace.org\">laura.bergamo@greenpeace.org<\/a> &nbsp;<\/p>\n\n<p><strong>Anthony C\u00f4t\u00e9 Leduc<\/strong>, relations m\u00e9dias, \u00c9quiterre<br>(514) 605-2000 ; <a href=\"mailto:acoteleduc@equiterre.org\">acoteleduc@equiterre.org<\/a><\/p>\n\n<p><strong>Gabriel Marquis, <\/strong>responsable des communications, Nature Qu\u00e9bec<br>(581) 307-8613, <a href=\"mailto:gabriel.marquis@naturequebec.org\">gabriel.marquis@naturequebec.org<\/a>&nbsp;<\/p>\n\n<p><strong>Manon Dubois<\/strong>, directrice des communications, Fondation David Suzuki (Qu\u00e9bec)<br>(514) 583-8455; <a href=\"mailto:mdubois@davidsuzuki.org\">mdubois@davidsuzuki.org<\/a> &nbsp;<\/p>\n\n<p><strong>Fran\u00e7ois Gagn\u00e9 , <\/strong>Co-porte-parole, Coalition Anti-pipeline Rouyn-Noranda,<br>(819) 290-9958, <a href=\"mailto:coalitionantipipeline@gmail.com\">coalitionantipipeline@gmail.com<\/a><\/p>\n","protected":false},"excerpt":{"rendered":"<p>Le ministre de l\u2019\u00c9nergie et des Ressources naturelles Jonatan Julien a confirm\u00e9 que l\u2019augmentation de la demande en \u00e9lectricit\u00e9 apr\u00e8s 2027 am\u00e8nera un hausse des co\u00fbts pour Hydro-Qu\u00e9bec. Lors de la s\u00e9ance, il a affirm\u00e9 que cela va amener \u00ab une hausse des co\u00fbts qui va se refl\u00e9ter sur les tarifs \u00bb, confirmant les projections d\u00e9j\u00e0 diffus\u00e9es par l\u2019Union des consommateurs.<\/p>\n","protected":false},"author":45,"featured_media":48224,"comment_status":"open","ping_status":"open","sticky":false,"template":"","format":"standard","meta":{"ep_exclude_from_search":false,"p4_og_title":"","p4_og_description":"","p4_og_image":"","p4_og_image_id":"","p4_seo_canonical_url":"","p4_campaign_name":"not set","p4_local_project":"not set","p4_basket_name":"not set","p4_department":"","footnotes":""},"categories":[20],"tags":[41,49,83],"p4-page-type":[],"class_list":["post-48215","post","type-post","status-publish","format-standard","has-post-thumbnail","hentry","category-climat","tag-climat","tag-solutionsenergetiques","tag-consommation"],"_links":{"self":[{"href":"https:\/\/www.greenpeace.org\/canada\/fr\/wp-json\/wp\/v2\/posts\/48215","targetHints":{"allow":["GET"]}}],"collection":[{"href":"https:\/\/www.greenpeace.org\/canada\/fr\/wp-json\/wp\/v2\/posts"}],"about":[{"href":"https:\/\/www.greenpeace.org\/canada\/fr\/wp-json\/wp\/v2\/types\/post"}],"author":[{"embeddable":true,"href":"https:\/\/www.greenpeace.org\/canada\/fr\/wp-json\/wp\/v2\/users\/45"}],"replies":[{"embeddable":true,"href":"https:\/\/www.greenpeace.org\/canada\/fr\/wp-json\/wp\/v2\/comments?post=48215"}],"version-history":[{"count":3,"href":"https:\/\/www.greenpeace.org\/canada\/fr\/wp-json\/wp\/v2\/posts\/48215\/revisions"}],"predecessor-version":[{"id":48227,"href":"https:\/\/www.greenpeace.org\/canada\/fr\/wp-json\/wp\/v2\/posts\/48215\/revisions\/48227"}],"wp:featuredmedia":[{"embeddable":true,"href":"https:\/\/www.greenpeace.org\/canada\/fr\/wp-json\/wp\/v2\/media\/48224"}],"wp:attachment":[{"href":"https:\/\/www.greenpeace.org\/canada\/fr\/wp-json\/wp\/v2\/media?parent=48215"}],"wp:term":[{"taxonomy":"category","embeddable":true,"href":"https:\/\/www.greenpeace.org\/canada\/fr\/wp-json\/wp\/v2\/categories?post=48215"},{"taxonomy":"post_tag","embeddable":true,"href":"https:\/\/www.greenpeace.org\/canada\/fr\/wp-json\/wp\/v2\/tags?post=48215"},{"taxonomy":"p4-page-type","embeddable":true,"href":"https:\/\/www.greenpeace.org\/canada\/fr\/wp-json\/wp\/v2\/p4-page-type?post=48215"}],"curies":[{"name":"wp","href":"https:\/\/api.w.org\/{rel}","templated":true}]}}