{"id":48748,"date":"2021-06-10T09:00:00","date_gmt":"2021-06-10T13:00:00","guid":{"rendered":"https:\/\/www.greenpeace.org\/canada\/?p=48748"},"modified":"2021-06-09T17:23:23","modified_gmt":"2021-06-09T21:23:23","slug":"des-organismes-environnementaux-exigent-une-plus-grande-transparence-de-la-part-du-ministre-de-lenvironnement-dans-le-projet-energie-saguenay","status":"publish","type":"post","link":"https:\/\/www.greenpeace.org\/canada\/fr\/blog-des-volontaires\/48748\/des-organismes-environnementaux-exigent-une-plus-grande-transparence-de-la-part-du-ministre-de-lenvironnement-dans-le-projet-energie-saguenay\/","title":{"rendered":"Des organismes environnementaux exigent une plus grande transparence de la part du ministre de l\u2019Environnement dans le projet \u00c9nergie Saguenay"},"content":{"rendered":"\n<p class=\"has-text-align-center\"><strong><img loading=\"lazy\" decoding=\"async\" width=\"765\" height=\"168\" src=\"https:\/\/lh4.googleusercontent.com\/ky5DeidwYfwTSMLYBj9h_x7Vk8Pu7N2yLDyMPc0oTmFFroilTZnE2n1iZdt4FINDy4ODN8Cl3RZfga345fslwHks62IJBNAZ0teYERkJ9JoccVqf-Her5RUl5D-ikX6nD0q2EhLE\"><\/strong><\/p>\n\n<p><strong>Montr\u00e9al &#8211;<\/strong> Dans <a href=\"https:\/\/www.cqde.org\/wp-content\/uploads\/2021\/06\/2021-06-07-Lettre_M_Charette_Registre_Energie_Saguenay.pdf\" target=\"_blank\" rel=\"noreferrer noopener\">une lettre<\/a> envoy\u00e9e au ministre de l\u2019Environnement et de la Lutte contre les changements climatiques et faisant suite \u00e0 une rencontre avec celui-ci, le CQDE, \u00c9quiterre, Greenpeace Canada, la Fondation David Suzuki, Nature Qu\u00e9bec, la Coalition Fjord, la Coalition Anti-pipeline Rouyn-Noranda, appuy\u00e9s par le Regroupement national des conseils r\u00e9gionaux de l\u2019environnement du Qu\u00e9bec (RNCREQ), la SNAP Qu\u00e9bec, le Fonds mondial pour la nature (WWF-Canada), Action Bor\u00e9ale et le Regroupement vigilance hydrocarbures Qu\u00e9bec (RVHQ), exigent la publication au registre des \u00e9valuations environnementales de tous les documents relatifs \u00e0 l\u2019analyse environnementale du projet \u00c9nergie Saguenay.&nbsp;<\/p>\n\n<p>Ces documents comprennent les avis des minist\u00e8res et des organismes ainsi que les engagements et les compl\u00e9ments d\u2019informations de l\u2019initiateur du projet. Lors de la diffusion du rapport du BAPE le 24 mars 2021 et \u00e0 d&rsquo;autres occasions par la suite, le ministre a confirm\u00e9 que son minist\u00e8re a soumis des questions suppl\u00e9mentaires \u00e0 l&rsquo;initiateur du projet en vue d\u2019obtenir des r\u00e9ponses dans le cadre de l\u2019\u00e9valuation du projet par le minist\u00e8re<em>.<\/em><\/p>\n\n<p>Lors de la rencontre avec les groupes, ces derniers ont demand\u00e9 que les questions soumises \u00e0 l&rsquo;initiateur et les r\u00e9ponses soient rendues publiques, mais le Ministre a laiss\u00e9 entendre que ces informations ne seraient rendues publiques qu\u2019au moment de la prise de d\u00e9cision finale du gouvernement concernant le projet \u00c9nergie Saguenay, ce qui appara\u00eet contraire aux objectifs du registre des \u00e9valuations environnementales, lequel vise \u00e0 am\u00e9liorer l\u2019acc\u00e8s \u00e0 l\u2019information et la participation du public.&nbsp;<\/p>\n\n<p>\u00ab Il serait illogique, avec \u00e9gards, que le sort du projet soit d\u00e9termin\u00e9 en grande partie par un \u00e9change d\u2019information entre le MELCC et l\u2019initiateur du projet sans que le public puisse en \u00eatre inform\u00e9 et y participer \u00bb, soulignent les signataires dans la lettre envoy\u00e9e au Ministre. \u00ab <strong>En refusant de publier les questions qu&rsquo;il a soumises \u00e0 l&rsquo;initiateur et les r\u00e9ponses obtenues, le minist\u00e8re va \u00e0 l&rsquo;encontre de l&rsquo;esprit de la loi et prive la population d&rsquo;informations cruciales et d&rsquo;int\u00e9r\u00eat public<\/strong>. \u00bb<\/p>\n\n<p>Afin d\u2019assurer la confiance du public dans le processus et de garantir la participation active de la population tout au long du processus, les organismes demandent que tous les documents actuellement d\u00e9tenus par le minist\u00e8re de l\u2019Environnement relatifs \u00e0 l\u2019analyse environnementale du projet \u00c9nergie Saguenay soient rendus publics.<\/p>\n\n<p class=\"has-text-align-center\">&#8211; 30 &#8211;<\/p>\n\n<p><strong>Contacts m\u00e9dia&nbsp;: <\/strong><\/p>\n\n<p>Laura Bergamo, conseill\u00e8re en communications, Greenpeace<\/p>\n\n<p><a href=\"mailto:lbergamo@greenpeace.org\" target=\"_blank\" rel=\"noreferrer noopener\">lbergamo@greenpeace.org<\/a> | 438-928-5237<\/p>\n\n<p>Sophie Turri, charg\u00e9e des communications, CQDE<\/p>\n\n<p><a href=\"mailto:sophie.turri@cqde.org\" target=\"_blank\" rel=\"noreferrer noopener\">sophie.turri@cqde.org <\/a>&nbsp;|&nbsp; 438-979-7951<\/p>\n","protected":false},"excerpt":{"rendered":"<p>Dans une lettre envoy\u00e9e au ministre de l\u2019Environnement et de la Lutte contre les changements climatiques et faisant suite \u00e0 une rencontre avec celui-ci, le CQDE, \u00c9quiterre, Greenpeace Canada, la Fondation David Suzuki, Nature Qu\u00e9bec, la Coalition Fjord, la Coalition Anti-pipeline Rouyn-Noranda, appuy\u00e9s par le Regroupement national des conseils r\u00e9gionaux de l\u2019environnement du Qu\u00e9bec (RNCREQ), la SNAP Qu\u00e9bec, le Fonds mondial pour la nature (WWF-Canada), Action Bor\u00e9ale et le Regroupement vigilance hydrocarbures Qu\u00e9bec (RVHQ), exigent la publication au registre des \u00e9valuations environnementales de tous les documents relatifs \u00e0 l\u2019analyse environnementale du projet \u00c9nergie Saguenay. <\/p>\n","protected":false},"author":77,"featured_media":48758,"comment_status":"open","ping_status":"open","sticky":false,"template":"","format":"standard","meta":{"ep_exclude_from_search":false,"p4_og_title":"","p4_og_description":"","p4_og_image":"","p4_og_image_id":"","p4_seo_canonical_url":"","p4_campaign_name":"not set","p4_local_project":"not set","p4_basket_name":"not set","p4_department":"","footnotes":""},"categories":[20,19,18,21],"tags":[41,49],"p4-page-type":[],"class_list":["post-48748","post","type-post","status-publish","format-standard","has-post-thumbnail","hentry","category-climat","category-nature-fr","category-notre-travail","category-vivre-de-facon-durable","tag-climat","tag-solutionsenergetiques"],"_links":{"self":[{"href":"https:\/\/www.greenpeace.org\/canada\/fr\/wp-json\/wp\/v2\/posts\/48748","targetHints":{"allow":["GET"]}}],"collection":[{"href":"https:\/\/www.greenpeace.org\/canada\/fr\/wp-json\/wp\/v2\/posts"}],"about":[{"href":"https:\/\/www.greenpeace.org\/canada\/fr\/wp-json\/wp\/v2\/types\/post"}],"author":[{"embeddable":true,"href":"https:\/\/www.greenpeace.org\/canada\/fr\/wp-json\/wp\/v2\/users\/77"}],"replies":[{"embeddable":true,"href":"https:\/\/www.greenpeace.org\/canada\/fr\/wp-json\/wp\/v2\/comments?post=48748"}],"version-history":[{"count":2,"href":"https:\/\/www.greenpeace.org\/canada\/fr\/wp-json\/wp\/v2\/posts\/48748\/revisions"}],"predecessor-version":[{"id":48760,"href":"https:\/\/www.greenpeace.org\/canada\/fr\/wp-json\/wp\/v2\/posts\/48748\/revisions\/48760"}],"wp:featuredmedia":[{"embeddable":true,"href":"https:\/\/www.greenpeace.org\/canada\/fr\/wp-json\/wp\/v2\/media\/48758"}],"wp:attachment":[{"href":"https:\/\/www.greenpeace.org\/canada\/fr\/wp-json\/wp\/v2\/media?parent=48748"}],"wp:term":[{"taxonomy":"category","embeddable":true,"href":"https:\/\/www.greenpeace.org\/canada\/fr\/wp-json\/wp\/v2\/categories?post=48748"},{"taxonomy":"post_tag","embeddable":true,"href":"https:\/\/www.greenpeace.org\/canada\/fr\/wp-json\/wp\/v2\/tags?post=48748"},{"taxonomy":"p4-page-type","embeddable":true,"href":"https:\/\/www.greenpeace.org\/canada\/fr\/wp-json\/wp\/v2\/p4-page-type?post=48748"}],"curies":[{"name":"wp","href":"https:\/\/api.w.org\/{rel}","templated":true}]}}