{"id":49886,"date":"2021-10-21T13:30:01","date_gmt":"2021-10-21T17:30:01","guid":{"rendered":"https:\/\/www.greenpeace.org\/canada\/?p=49886"},"modified":"2024-08-01T00:20:58","modified_gmt":"2024-08-01T04:20:58","slug":"commission-denquete-de-lalberta-greenpeace-canada-na-rien-fait-de-reprehensible-mais-reste-tout-de-meme-anti-albertain","status":"publish","type":"post","link":"https:\/\/www.greenpeace.org\/canada\/fr\/blog-des-volontaires\/49886\/commission-denquete-de-lalberta-greenpeace-canada-na-rien-fait-de-reprehensible-mais-reste-tout-de-meme-anti-albertain\/","title":{"rendered":"Commission d\u2019enqu\u00eate de l\u2019Alberta: Greenpeace Canada n\u2019a rien fait de r\u00e9pr\u00e9hensible mais reste tout de m\u00eame \u201canti-albertain\u201d"},"content":{"rendered":"\n<p><strong>TORONTO &#8211; <\/strong>Le rapport rendu public aujourd\u2019hui par le gouvernement de l&rsquo;Alberta \u00e0 la suite de son enqu\u00eate sur les \u00ab campagnes anti-\u00e9nergie albertaine \u00bb a r\u00e9v\u00e9l\u00e9 qu&rsquo;aucun des groupes cibl\u00e9s par la commission d&rsquo;enqu\u00eate &#8211; incluant Greenpeace Canada &#8211; n&rsquo;avait fait quoi que ce soit d&rsquo;\u00ab ill\u00e9gal \u00bb, de \u00ab malhonn\u00eate \u00bb ou qui \u00ab devrait \u00eatre contest\u00e9 de quelque fa\u00e7on que ce soit \u00bb (paragraphe 1229 du rapport final). Cela contredit l&rsquo;affirmation faite aujourd&rsquo;hui pas le gouvernement de l&rsquo;Alberta selon laquelle il y aurait eu une campagne de d\u00e9sinformation.<\/p>\n\n<p>En juillet 2019, le premier ministre de l&rsquo;Alberta a nomm\u00e9 Steve Allan pour diriger une soi-disant enqu\u00eate publique sur les campagnes anti-\u00e9nergie albertaine. Depuis, la date limite pour la remise du rapport de la Commission a \u00e9t\u00e9 repouss\u00e9e par quatre fois et le budget est pass\u00e9 de 2,5 millions \u00e0 3,5 millions de dollars. Enfin, en juin, <a href=\"https:\/\/www.cbc.ca\/news\/canada\/edmonton\/allan-inquiry-sends-notices-to-organizations-1.6072309\">plusieurs organisations environnementales<\/a> ont eu moins d&rsquo;un mois pour r\u00e9pondre \u00e0 plusieurs sections du rapport. La <a href=\"https:\/\/www.greenpeace.org\/static\/planet4-canada-stateless\/2021\/07\/72cff369-greenpeace-canada-response-to-allan-inquiry-redacted.pdf\">r\u00e9ponse<\/a> de Greenpeace n\u2019a pas manqu\u00e9 de souligner comment la Commission a d\u00e9form\u00e9 la signification des donn\u00e9es scientifiques \u00e0 notre disposition, minimis\u00e9 la gravit\u00e9 de la crise climatique, inclut des all\u00e9gations non \u00e9tay\u00e9es et incendiaires, et manqu\u00e9 d&rsquo;\u00e9quit\u00e9 proc\u00e9durale. Allan n&rsquo;a ensuite eu que deux semaines pour lire et int\u00e9grer les commentaires des organisations avant la date limite de soumission du rapport, le 31 juillet.&nbsp;<\/p>\n\n<p><strong>Keith Stewart, Strat\u00e8ge senior sur la campagne \u00c9nergie chez Greenpeace Canada, a dit:<\/strong><\/p>\n\n<p>\u00ab \u00c0 Greenpeace Canada, nous sommes fier\u00b7es de notre travail de lutte contre les crises du climat et de la biodiversit\u00e9 qui d\u00e9truisent nos communaut\u00e9s et notre plan\u00e8te. M\u00eame si notre travail met plusieurs grands groupes d\u2019int\u00e9r\u00eat mal \u00e0 l\u2019aise, nous poursuivrons notre action aux c\u00f4t\u00e9s des dirigeant\u00b7es autochtones et des communaut\u00e9s de premi\u00e8re ligne, et avec le soutien de nos partisan\u00b7es &#8211; quelles que soient les tactiques d&rsquo;intimidation auxquelles nous ferons face. \u00bb<\/p>\n\n<p><strong>Ali Naraghi, avocat chez Greenpeace Canada, a conclu:<\/strong><\/p>\n\n<p>\u00ab Le droit \u00e0 la libert\u00e9 d&rsquo;expression est une pierre angulaire du syst\u00e8me constitutionnel canadien. Les conclusions de l&rsquo;enqu\u00eate selon lesquelles Greenpeace Canada s&rsquo;est livr\u00e9e \u00e0 des activit\u00e9s \u00ab anti-albertaines \u00bb ne respectent pas les exigences l\u00e9gales, ignorent les preuves scientifiques et pourraient avoir un effet paralysant sur la libert\u00e9 d&rsquo;expression et sur l\u2019important processus de d\u00e9bat dans une soci\u00e9t\u00e9 dite d\u00e9mocratique et libre. \u00bb&nbsp;&nbsp;<\/p>\n\n<p>\u2014 30 \u2014<\/p>\n\n<p><strong>Pour plus d\u2019informations, contactez:&nbsp;<\/strong><\/p>\n\n<p>Brandon Wei, Conseiller aux communications, Greenpeace Canada<\/p>\n\n<p>brandon.wei@greenpeace.org, +1 (778) 772-6138<\/p>\n","protected":false},"excerpt":{"rendered":"<p>Le rapport rendu public aujourd\u2019hui par le gouvernement de l&rsquo;Alberta \u00e0 la suite de son enqu\u00eate sur les \u00ab campagnes anti-\u00e9nergie albertaine \u00bb a r\u00e9v\u00e9l\u00e9 qu&rsquo;aucun des groupes cibl\u00e9s par la commission d&rsquo;enqu\u00eate &#8211; incluant Greenpeace Canada &#8211; n&rsquo;avait fait quoi que ce soit d&rsquo;\u00ab ill\u00e9gal \u00bb, de \u00ab malhonn\u00eate \u00bb ou qui \u00ab devrait \u00eatre contest\u00e9 de quelque fa\u00e7on que ce soit \u00bb.<\/p>\n","protected":false},"author":104,"featured_media":48072,"comment_status":"closed","ping_status":"closed","sticky":false,"template":"","format":"standard","meta":{"ep_exclude_from_search":false,"p4_og_title":"","p4_og_description":"","p4_og_image":"","p4_og_image_id":"","p4_seo_canonical_url":"","p4_campaign_name":"not set","p4_local_project":"not set","p4_basket_name":"not set","p4_department":"","footnotes":""},"categories":[20],"tags":[41],"p4-page-type":[],"class_list":["post-49886","post","type-post","status-publish","format-standard","has-post-thumbnail","hentry","category-climat","tag-climat"],"_links":{"self":[{"href":"https:\/\/www.greenpeace.org\/canada\/fr\/wp-json\/wp\/v2\/posts\/49886","targetHints":{"allow":["GET"]}}],"collection":[{"href":"https:\/\/www.greenpeace.org\/canada\/fr\/wp-json\/wp\/v2\/posts"}],"about":[{"href":"https:\/\/www.greenpeace.org\/canada\/fr\/wp-json\/wp\/v2\/types\/post"}],"author":[{"embeddable":true,"href":"https:\/\/www.greenpeace.org\/canada\/fr\/wp-json\/wp\/v2\/users\/104"}],"replies":[{"embeddable":true,"href":"https:\/\/www.greenpeace.org\/canada\/fr\/wp-json\/wp\/v2\/comments?post=49886"}],"version-history":[{"count":4,"href":"https:\/\/www.greenpeace.org\/canada\/fr\/wp-json\/wp\/v2\/posts\/49886\/revisions"}],"predecessor-version":[{"id":50424,"href":"https:\/\/www.greenpeace.org\/canada\/fr\/wp-json\/wp\/v2\/posts\/49886\/revisions\/50424"}],"wp:featuredmedia":[{"embeddable":true,"href":"https:\/\/www.greenpeace.org\/canada\/fr\/wp-json\/wp\/v2\/media\/48072"}],"wp:attachment":[{"href":"https:\/\/www.greenpeace.org\/canada\/fr\/wp-json\/wp\/v2\/media?parent=49886"}],"wp:term":[{"taxonomy":"category","embeddable":true,"href":"https:\/\/www.greenpeace.org\/canada\/fr\/wp-json\/wp\/v2\/categories?post=49886"},{"taxonomy":"post_tag","embeddable":true,"href":"https:\/\/www.greenpeace.org\/canada\/fr\/wp-json\/wp\/v2\/tags?post=49886"},{"taxonomy":"p4-page-type","embeddable":true,"href":"https:\/\/www.greenpeace.org\/canada\/fr\/wp-json\/wp\/v2\/p4-page-type?post=49886"}],"curies":[{"name":"wp","href":"https:\/\/api.w.org\/{rel}","templated":true}]}}