{"id":49894,"date":"2021-09-01T16:30:51","date_gmt":"2021-09-01T20:30:51","guid":{"rendered":"https:\/\/www.greenpeace.org\/canada\/blog-des-volontaires\/49894\/un-peu-plus-de-glyphosate-dans-nos-assiettes-non-merci-lagriculture-ecologique-est-la-voie-a-suivre\/"},"modified":"2021-11-15T10:58:29","modified_gmt":"2021-11-15T15:58:29","slug":"un-peu-plus-de-glyphosate-dans-nos-assiettes-non-merci-lagriculture-ecologique-est-la-voie-a-suivre","status":"publish","type":"post","link":"https:\/\/www.greenpeace.org\/canada\/fr\/blog-des-volontaires\/49894\/un-peu-plus-de-glyphosate-dans-nos-assiettes-non-merci-lagriculture-ecologique-est-la-voie-a-suivre\/","title":{"rendered":"Un peu plus de glyphosate dans nos assiettes? Non merci. L\u2019agriculture \u00e9cologique est la voie \u00e0 suivre"},"content":{"rendered":"\n<p>(<em>Blog par Christina Thompson, membre du groupe local de Greenpeace Ottawa et activiste alimentaire<\/em>)<\/p>\n\n<div class=\"wp-block-image\"><figure class=\"aligncenter size-large\"><img loading=\"lazy\" decoding=\"async\" width=\"1024\" height=\"684\" src=\"https:\/\/www.greenpeace.org\/static\/planet4-canada-stateless\/2021\/08\/0cfa1803-monsanto-1024x684.jpg\" alt=\"\" class=\"wp-image-49832\" srcset=\"https:\/\/www.greenpeace.org\/static\/planet4-canada-stateless\/2021\/08\/0cfa1803-monsanto-1024x684.jpg 1024w, https:\/\/www.greenpeace.org\/static\/planet4-canada-stateless\/2021\/08\/0cfa1803-monsanto-300x200.jpg 300w, https:\/\/www.greenpeace.org\/static\/planet4-canada-stateless\/2021\/08\/0cfa1803-monsanto-768x513.jpg 768w, https:\/\/www.greenpeace.org\/static\/planet4-canada-stateless\/2021\/08\/0cfa1803-monsanto-510x340.jpg 510w, https:\/\/www.greenpeace.org\/static\/planet4-canada-stateless\/2021\/08\/0cfa1803-monsanto.jpg 1200w\" sizes=\"auto, (max-width: 1024px) 100vw, 1024px\" \/><\/figure><\/div>\n\n<p><strong>Nous devons encourager une agriculture qui soit en harmonie avec la nature, non pas contre elle.<\/strong><\/p>\n\n<p>Trop, c&rsquo;est trop. Bayer-Monsanto fait pression sur Sant\u00e9 Canada pour repousser la limite autoris\u00e9e de r\u00e9sidus de glyphosate pour certaines c\u00e9r\u00e9ales et l\u00e9gumineuses au Canada. Le toll\u00e9 soulev\u00e9 par cette proposition a pouss\u00e9 le gouvernement Lib\u00e9ral \u00e0 allonger en urgence le d\u00e9lai pr\u00e9vu de la consultation publique, avant que celui-ci ne d\u00e9cide finalement de la reporter au printemps 2022. Mais peu importe, nous devons continuer \u00e0 utiliser nos voix pour nous opposer fermement \u00e0 l&rsquo;augmentation propos\u00e9e des niveaux de glyphosate. Cette requ\u00eate de Bayer-Monsanto n&rsquo;est pas une demande isol\u00e9e. Un autre g\u00e9ant des produits phytosanitaires, la multinationale suisse Syngenta, <a href=\"https:\/\/www.google.com\/url?q=https:\/\/ici.radio-canada.ca\/nouvelle\/1812643\/pesticide-bleuets-framboises-syngenta-ministere-limites-ottawa&amp;sa=D&amp;source=editors&amp;ust=1630531753040000&amp;usg=AOvVaw0vjUqBjk0UyEFFSEo40HrU\">a aussi fait une requ\u00eate<\/a> pour qu&rsquo;un de ses produits fongicides soit utilis\u00e9 sur davantage de petits fruits, comme les bleuets et les framboises, augmentant ainsi les risques li\u00e9s \u00e0 l&rsquo;exposition aux pesticides \u00e0 travers l&rsquo;alimentation.<\/p>\n\n<div class=\"wp-block-image\"><figure class=\"aligncenter size-large\"><img loading=\"lazy\" decoding=\"async\" width=\"654\" height=\"367\" src=\"https:\/\/www.greenpeace.org\/canada\/wp-content\/uploads\/2021\/09\/9fcb01cf-screen-shot-2021-09-07-at-4.31.23-pm.png\" alt=\"\" class=\"wp-image-49921\" srcset=\"https:\/\/www.greenpeace.org\/static\/planet4-canada-stateless\/2021\/09\/9fcb01cf-screen-shot-2021-09-07-at-4.31.23-pm.png 654w, https:\/\/www.greenpeace.org\/static\/planet4-canada-stateless\/2021\/09\/9fcb01cf-screen-shot-2021-09-07-at-4.31.23-pm-300x168.png 300w, https:\/\/www.greenpeace.org\/static\/planet4-canada-stateless\/2021\/09\/9fcb01cf-screen-shot-2021-09-07-at-4.31.23-pm-510x286.png 510w\" sizes=\"auto, (max-width: 654px) 100vw, 654px\" \/><\/figure><\/div>\n\n<p><em>Source:&nbsp; <\/em><a href=\"https:\/\/ici.radio-canada.ca\/nouvelle\/1811085\/glyphosate-bayer-canada-limites-pesticides-legumineuses\" data-type=\"URL\" data-id=\"https:\/\/ici.radio-canada.ca\/nouvelle\/1811085\/glyphosate-bayer-canada-limites-pesticides-legumineuses\">https:\/\/ici.radio-canada.ca\/nouvelle\/1811085\/glyphosate-bayer-canada-limites-pesticides-legumineuses<\/a><\/p>\n\n<div class=\"wp-block-buttons is-content-justification-center is-layout-flex wp-block-buttons-is-layout-flex\">\n<div class=\"wp-block-button is-style-cta\"><a class=\"wp-block-button__link\" href=\"https:\/\/act.greenpeace.ca\/fr-ca\/dites-non-a-plus-de-glyphosate-dans-nos-aliments\" target=\"_blank\" rel=\"noreferrer noopener\">Dites non \u00e0 plus de glyphosate dans nos aliments<\/a><\/div>\n<\/div>\n\n<p>Le glyphosate est <a href=\"https:\/\/www.equiterre.org\/sites\/fichiers\/ficheinformationglyphosate_2018.pdf\">l&rsquo;herbicide le plus utilis\u00e9 dans le monde.<\/a> Son utilisation en agriculture a \u00e9t\u00e9 <a href=\"https:\/\/www.equiterre.org\/sites\/fichiers\/ficheinformationglyphosate_2018.pdf\">multipli\u00e9e par 15 en l\u2019espace de 30 ans<\/a> \u00e0 la suite de l&rsquo;introduction de cultures tol\u00e9rantes au \u00ab Roundup ready \u00bb \u2500 le produit phare de Monsanto \u2500 permettant aux agriculteurs de pulv\u00e9riser pendant la saison de croissance. Cette sur utilisation du glyphosate a eu pour cons\u00e9quence d\u2019entra\u00eener <a href=\"\">l&rsquo;apparition de super mauvaises herbes<\/a> r\u00e9sistantes au Roundup qui constituent aujourd&rsquo;hui un grave probl\u00e8me dans le monde entier.<\/p>\n\n<p>Depuis peu, dans l&rsquo;espoir de s\u00e9questrer le carbone dans le sol, on <a href=\"https:\/\/www.google.com\/url?q=https:\/\/ici.radio-canada.ca\/nouvelle\/1256253\/changements-climatiques-agriculture-canada-mesures-reduction-ges&amp;sa=D&amp;source=editors&amp;ust=1630531252584000&amp;usg=AOvVaw3Sa_5CQwXW2yIq9Xqg7034\">assiste \u00e0 une augmentation de l&rsquo;agriculture sans labour au Canada,<\/a> mais nombre d\u2019exploitations agricoles ayant fait ce choix recourent encore aux herbicides pour \u00e9radiquer les plantes ind\u00e9sirables. Cette pratique menace la sant\u00e9 des sols au Canada et dans le monde. Plus inqui\u00e9tant encore, des preuves sugg\u00e8rent un lien entre l\u2019utilisation ant\u00e9rieure de glyphosate et une maladie des plantes appel\u00e9e fusarium. qui produit une toxine <a href=\"https:\/\/www.nfu.ca\/fr\/policy\/submission-to-pmra-on-glyphosate-proposed-maximum-residue-limit\/\">rendant les cultures impropres \u00e0 l\u2019alimentation du b\u00e9tail.<\/a><\/p>\n\n<figure class=\"wp-block-embed aligncenter is-type-rich is-provider-twitter wp-block-embed-twitter\"><div class=\"wp-block-embed__wrapper\">\n<blockquote class=\"twitter-tweet\" data-width=\"500\" data-dnt=\"true\"><p lang=\"fr\" dir=\"ltr\">Diminuer pr\u00e8s de 10% des \u00e9missions de gaz \u00e0 effet de serre au Qu\u00e9bec par l&#39;agriculture r\u00e9g\u00e9n\u00e9ratrice? Oui, disent des agriculteurs et experts, et \u00e7a commence par assurer la sant\u00e9 des sols. <a href=\"https:\/\/twitter.com\/hashtag\/AgricultureReg%C3%A9n%C3%A9ratrice?src=hash&amp;ref_src=twsrc%5Etfw\">#AgricultureReg\u00e9n\u00e9ratrice<\/a> <a href=\"https:\/\/twitter.com\/hashtag\/Sant%C3%A9DesSols?src=hash&amp;ref_src=twsrc%5Etfw\">#Sant\u00e9DesSols<\/a><a href=\"https:\/\/twitter.com\/regenerationcan?ref_src=twsrc%5Etfw\">@regenerationcan<\/a><a href=\"https:\/\/t.co\/mpGHxL8cmH\">https:\/\/t.co\/mpGHxL8cmH<\/a><\/p>&mdash; Food Secure Canada (@FoodSecureCAN) <a href=\"https:\/\/twitter.com\/FoodSecureCAN\/status\/1376761101271101445?ref_src=twsrc%5Etfw\">March 30, 2021<\/a><\/blockquote><script async src=\"https:\/\/platform.twitter.com\/widgets.js\" charset=\"utf-8\"><\/script>\n<\/div><\/figure>\n\n<p><strong>L&rsquo;augmentation des niveaux de r\u00e9sidus de glyphosate dans notre alimentation enverrait un mauvais signal<\/strong><\/p>\n\n<p>Des niveaux plus \u00e9lev\u00e9s de r\u00e9sidus de glyphosate dans nos aliments augmenteront l&rsquo;utilisation de ce pesticide sur les cultures. <\/p>\n\n<p>Or, le cercle vicieux dans lequel nous entra\u00eene l\u2019utilisation toujours plus accrue du glyphosate ne peut pas bien finir.<\/p>\n\n<div class=\"wp-block-image\"><figure class=\"aligncenter size-large\"><img loading=\"lazy\" decoding=\"async\" width=\"1024\" height=\"683\" src=\"https:\/\/www.greenpeace.org\/static\/planet4-canada-stateless\/2021\/08\/352521c0-buzz-1024x683.jpg\" alt=\"\" class=\"wp-image-49839\" srcset=\"https:\/\/www.greenpeace.org\/static\/planet4-canada-stateless\/2021\/08\/352521c0-buzz-1024x683.jpg 1024w, https:\/\/www.greenpeace.org\/static\/planet4-canada-stateless\/2021\/08\/352521c0-buzz-300x200.jpg 300w, https:\/\/www.greenpeace.org\/static\/planet4-canada-stateless\/2021\/08\/352521c0-buzz-768x512.jpg 768w, https:\/\/www.greenpeace.org\/static\/planet4-canada-stateless\/2021\/08\/352521c0-buzz-510x340.jpg 510w, https:\/\/www.greenpeace.org\/static\/planet4-canada-stateless\/2021\/08\/352521c0-buzz.jpg 1200w\" sizes=\"auto, (max-width: 1024px) 100vw, 1024px\" \/><figcaption>Bienen, Botanischer Garten Flottbek, Sondergarten Wandsbek, Hamburg,\nSommer 2014, \u00a9 Axel Kirchhof<\/figcaption><\/figure><\/div>\n\n<p>Des \u00e9tudes montrent <a href=\"https:\/\/www.laterre.ca\/actualites\/cultures\/produit-glyphosate-saccumule-quebec\">d\u00e9j\u00e0 qu\u2019il s\u2019accumule dans les sols<\/a> et qu\u2019il a de <a href=\"https:\/\/ici.radio-canada.ca\/nouvelle\/1154363\/glyphosate-pesticides-abeilles-eau-quebec-environnement-rapport-ministere\">lourdes cons\u00e9quences sur la biodiversit\u00e9 :<\/a> d\u00e9clin des populations d\u2019abeilles et d\u2019autres pollinisateurs, perte d&rsquo;habitat pour plusieurs esp\u00e8ces d\u2019insectes comme les papillons monarques, et graves impacts sur la vie dans le sol, notamment sur les vers de terre \u2500 des esp\u00e8ces essentielles pour le monde naturel qui nous entoure et pour notre s\u00e9curit\u00e9 alimentaire. <\/p>\n\n<p>En outre, la pr\u00e9sence de glyphosate dans des aliments commun\u00e9ment consomm\u00e9s par les enfants pourrait les expos\u00e9\u00b7es encore davantage \u00e0 ce pesticides si des niveaux plus \u00e9lev\u00e9s de r\u00e9sidus sont autoris\u00e9s dans les c\u00e9r\u00e9ales et les l\u00e9gumineuses. Or nous savons aujourd\u2019hui gr\u00e2ce \u00e0 la recherche scientifique que l&rsquo;exposition au glyphosate et \u00e0 d&rsquo;autres pesticides provoque des <a href=\"https:\/\/www.amisdelaterre40.fr\/spip\/spip.php?article862#nb1\" changements=\"\">nocifs chez les humains, les animaux et les micro-organismes, ainsi que des alt\u00e9rations de l\u2019ADN, qui sont transmis aux g\u00e9n\u00e9rations suivantes par voie h\u00e9r\u00e9ditaire. Le glyphosate est \u00e9galement li\u00e9 \u00e0 des maladies digestives, \u00e0 l&rsquo;affaiblissement du syst\u00e8me immunitaire et \u00e0 l&rsquo;alt\u00e9ration <\/a><a href=\"https:\/\/tel.archives-ouvertes.fr\/tel-01412669\/document\">de la sant\u00e9 mentale.<\/a> R\u00e9cemment, il a \u00e9t\u00e9 class\u00e9 comme <a href=\"https:\/\/www.nfu.ca\/fr\/policy\/submission-to-pmra-on-glyphosate-proposed-maximum-residue-limit\/\">canc\u00e9rig\u00e8ne probable<\/a> par l&rsquo;Organisation mondiale de la sant\u00e9. Malgr\u00e9 ces risques, <a href=\"https:\/\/ici.radio-canada.ca\/nouvelle\/1270941\/risques-pesticides-sante-agriculteurs-quebec-etudes\">jusqu&rsquo;\u00e0 56 000 travailleurs et travailleuses agricoles<\/a> sont r\u00e9guli\u00e8rement expos\u00e9\u00b7es au glyphosate chaque ann\u00e9e. Augmenter les niveaux acceptables d&rsquo;exposition au glyphosate n&rsquo;est pas ce dont le monde agricole et nous-m\u00eames avons besoin.<\/p>\n\n<p><strong>Il est temps de proc\u00e9der \u00e0 des changements syst\u00e9miques&#8230; et nous le pouvons!<\/strong><\/p>\n\n<div class=\"wp-block-buttons is-content-justification-center is-layout-flex wp-block-buttons-is-layout-flex\">\n<div class=\"wp-block-button is-style-cta\"><a class=\"wp-block-button__link\" href=\"https:\/\/act.greenpeace.ca\/fr-ca\/dites-non-a-plus-de-glyphosate-dans-nos-aliments\" target=\"_blank\" rel=\"noreferrer noopener\">Dites \u00e0 Trudeau : non \u00e0 plus de glyphosate<\/a><\/div>\n<\/div>\n\n<p>Nous avons besoin d&rsquo;un changement r\u00e9el pour faire passer le Canada \u00e0 un mode d&rsquo;agriculture plus \u00e9cologique afin de mettre fin \u00e0 la d\u00e9g\u00e9n\u00e9rescence des sols et des cultures. Une r\u00e9cente <a href=\"https:\/\/parl.ca\/DocumentViewer\/fr\/43-2\/projet-loi\/C-290\/premiere-lecture\">proposition du NPD<\/a> visant \u00e0 am\u00e9liorer la sant\u00e9 des sols \u00e0 l&rsquo;\u00e9chelle nationale constitue une contribution importante au d\u00e9bat. Malheureusement, le gouvernement f\u00e9d\u00e9ral ne parvient pas \u00e0 soutenir nos agriculteurs et nos agricultrices.<\/p>\n\n<p>Dans l&rsquo;Union europ\u00e9enne, les investissements par acre dans l\u2019agriculture respectueuse du climat <a href=\"https:\/\/fermierspourlatransitionclimatique.ca\/recommandation-pour-le-budget-2021\">sont 73 fois plus \u00e9lev\u00e9s<\/a> qu\u2019au Canada. Les \u00c9tats-Unis d\u00e9pensent 13 fois plus. <\/p>\n\n<p>La <a href=\"https:\/\/www.touteleurope.eu\/agriculture-et-peche\/pacte-vert-comment-la-commission-europeenne-veut-rendre-notre-alimentation-plus-durable\/\">Commission europ\u00e9enne<\/a> a d\u00e9j\u00e0 pr\u00e9vu r\u00e9duire de 50 % l&rsquo;utilisation de pesticides et d&rsquo;herbicides toxiques d&rsquo;ici 2030 et vise \u00e0 ce que 25 % de son approvisionnement alimentaire soit cultiv\u00e9 de mani\u00e8re biologique. \u00c0 l&rsquo;heure actuelle, l&rsquo;agriculture biologique certifi\u00e9e <a href=\"https:\/\/lop.parl.ca\/sites\/PublicWebsite\/default\/fr_CA\/ResearchPublications\/202007E\">ne repr\u00e9sente que 2,2 % des terres agricoles au Canada.<\/a> L&rsquo;augmentation propos\u00e9e du glyphosate inqui\u00e8te donc le secteur de l\u2019agriculture biologique qui craint que ses produits ne passent plus les tests d\u2019inspection pour la certification biologique en raison de la contamination atmosph\u00e9rique provenant des champs voisins.<\/p>\n\n<div class=\"wp-block-image\"><figure class=\"aligncenter size-large\"><img loading=\"lazy\" decoding=\"async\" width=\"1024\" height=\"576\" src=\"https:\/\/www.greenpeace.org\/static\/planet4-canada-stateless\/2021\/08\/d33657e1-gross-1024x576.jpg\" alt=\"\" class=\"wp-image-49835\" srcset=\"https:\/\/www.greenpeace.org\/static\/planet4-canada-stateless\/2021\/08\/d33657e1-gross-1024x576.jpg 1024w, https:\/\/www.greenpeace.org\/static\/planet4-canada-stateless\/2021\/08\/d33657e1-gross-300x169.jpg 300w, https:\/\/www.greenpeace.org\/static\/planet4-canada-stateless\/2021\/08\/d33657e1-gross-768x432.jpg 768w, https:\/\/www.greenpeace.org\/static\/planet4-canada-stateless\/2021\/08\/d33657e1-gross-510x287.jpg 510w, https:\/\/www.greenpeace.org\/static\/planet4-canada-stateless\/2021\/08\/d33657e1-gross.jpg 1200w\" sizes=\"auto, (max-width: 1024px) 100vw, 1024px\" \/><\/figure><\/div>\n\n<p>Les pratiques actuelles de l&rsquo;agriculture conventionnelle <a href=\"https:\/\/www.oecd.org\/fr\/agriculture\/sujets\/changement-climatique-et-systemes-alimentaires\/\">contribuent \u00e0 la perte de biodiversit\u00e9 et au changement climatique,<\/a> ce qui nous conduit sur la voie dangereuse de l&rsquo;ins\u00e9curit\u00e9 alimentaire. L&rsquo;industrie agricole ressent d\u00e9j\u00e0 les effets des changements climatiques avec des conditions m\u00e9t\u00e9orologiques extr\u00eames qui provoquent des s\u00e9cheresses et des inondations dans tout le Canada. De nombreux agriculteurs et agricultrices perdent leurs r\u00e9coltes et luttent pour conserver leur exploitation. Ils m\u00e9ritent le soutien de notre gouvernement pour s&rsquo;adapter \u00e0 ces changements et adopter de nouvelles m\u00e9thodes plus r\u00e9silientes.<\/p>\n\n<div class=\"wp-block-buttons is-content-justification-center is-layout-flex wp-block-buttons-is-layout-flex\">\n<div class=\"wp-block-button is-style-cta\"><a class=\"wp-block-button__link\" href=\"https:\/\/act.greenpeace.ca\/fr-ca\/dites-non-a-plus-de-glyphosate-dans-nos-aliments\" target=\"_blank\" rel=\"noreferrer noopener\"><strong>Dites \u00e0 Trudeau : non \u00e0 plus de glyphosate<\/strong><\/a><\/div>\n<\/div>\n\n<p>Une strat\u00e9gie agricole \u00e9cologique plus robuste constituerait un grand pas en avant pour aider \u00e0 restaurer les sols et nous aligner sur de nombreux autres pays qui transitionnent progressivement vers des m\u00e9thodes moins toxiques. Un recours beaucoup plus large \u00e0 des <a href=\"https:\/\/www.lapresse.ca\/actualites\/2021-03-28\/agriculture-regeneratrice\/la-nature-est-dans-la-ferme.php\">pratiques durables<\/a> telles que l\u2019utilisation de cultures de couverture et l&rsquo;agriculture sans labour contribuerait \u00e0 am\u00e9liorer la sant\u00e9 des sols en y r\u00e9introduisant de la mati\u00e8re organique tout en contribuant \u00e0 r\u00e9duire les \u00e9missions de dioxyde de carbone.<\/p>\n\n<p>Il est temps pour <a href=\"https:\/\/regenerationcanada.org\/fr\/pourquoi-le-sol\/\">le Canada d&rsquo;adopter une agriculture \u00e9cologique,<\/a> qui r\u00e9duira les monocultures, prot\u00e9gera la biodiversit\u00e9, renforcera la r\u00e9silience des cultures \u00e0 la s\u00e9cheresse et am\u00e9liorera la qualit\u00e9 de notre alimentation.<\/p>\n\n<figure class=\"wp-block-embed aligncenter is-type-rich is-provider-twitter wp-block-embed-twitter\"><div class=\"wp-block-embed__wrapper\">\n<blockquote class=\"twitter-tweet\" data-width=\"500\" data-dnt=\"true\"><p lang=\"fr\" dir=\"ltr\"><a href=\"https:\/\/twitter.com\/hashtag\/Inspirant?src=hash&amp;ref_src=twsrc%5Etfw\">#Inspirant<\/a>|  Alors que nous allons faire face \u00e0 de plus en plus de s\u00e9cheresses au Canada, voici comment certains agriculteurs au Kenya s&#39;adaptent et cr\u00e9ent des fermes r\u00e9silientes, gr\u00e2ce \u00e0 l&#39;agriculture r\u00e9g\u00e9n\u00e9ratrice. ???<a href=\"https:\/\/t.co\/b4n0k5SNuv\">https:\/\/t.co\/b4n0k5SNuv<\/a><\/p>&mdash; \u00c9quiterre (@equiterre) <a href=\"https:\/\/twitter.com\/equiterre\/status\/1413159376408485892?ref_src=twsrc%5Etfw\">July 8, 2021<\/a><\/blockquote><script async src=\"https:\/\/platform.twitter.com\/widgets.js\" charset=\"utf-8\"><\/script>\n<\/div><\/figure>\n\n<p><strong>Le moment est venu de rappeler au gouvernement f\u00e9d\u00e9ral deux choses importantes : <\/strong> 1. Nous n\u2019accepterons pas qu\u2019il joue avec notre sant\u00e9 en augmentant les limites maximales actuelles de glyphosate dans l\u2019alimentation. 2. Nous voulons voir des investissements majeurs dans des pratiques agricoles \u00e9cologiques g\u00e9n\u00e9ralis\u00e9es ici au Canada.<\/p>\n\n<p>Nous ne voulons pas que Bayer-Monsanto contr\u00f4le nos syst\u00e8mes alimentaires.<\/p>\n\n<p>En prenant position aujourd&rsquo;hui, nous enverrons collectivement un message au gouvernement f\u00e9d\u00e9ral :  NON \u00e0 plus de produits chimiques, et OUI \u00e0 une agriculture plus \u00e9cologique.<\/p>\n\n<div class=\"wp-block-buttons is-content-justification-center is-layout-flex wp-block-buttons-is-layout-flex\">\n<div class=\"wp-block-button is-style-cta\"><a class=\"wp-block-button__link\" href=\"https:\/\/act.greenpeace.ca\/fr-ca\/dites-non-a-plus-de-glyphosate-dans-nos-aliments\"><strong>Dites non \u00e0 plus de glyphosate dans nos aliments!<\/strong><\/a><\/div>\n<\/div>\n\n<div class=\"wp-block-image\"><figure class=\"aligncenter size-large\"><img loading=\"lazy\" decoding=\"async\" width=\"1024\" height=\"683\" src=\"https:\/\/www.greenpeace.org\/static\/planet4-canada-stateless\/2021\/08\/e450eed9-noice-1024x683.jpg\" alt=\"\" class=\"wp-image-49842\" srcset=\"https:\/\/www.greenpeace.org\/static\/planet4-canada-stateless\/2021\/08\/e450eed9-noice-1024x683.jpg 1024w, https:\/\/www.greenpeace.org\/static\/planet4-canada-stateless\/2021\/08\/e450eed9-noice-300x200.jpg 300w, https:\/\/www.greenpeace.org\/static\/planet4-canada-stateless\/2021\/08\/e450eed9-noice-768x512.jpg 768w, https:\/\/www.greenpeace.org\/static\/planet4-canada-stateless\/2021\/08\/e450eed9-noice-510x340.jpg 510w, https:\/\/www.greenpeace.org\/static\/planet4-canada-stateless\/2021\/08\/e450eed9-noice.jpg 1200w\" sizes=\"auto, (max-width: 1024px) 100vw, 1024px\" \/><\/figure><\/div>\n","protected":false},"excerpt":{"rendered":"<p>Blog par Christina Thompson, membre du groupe local de Greenpeace Ottawa et activiste alimentaire<\/p>\n","protected":false},"author":28,"featured_media":49831,"comment_status":"open","ping_status":"open","sticky":false,"template":"","format":"standard","meta":{"ep_exclude_from_search":false,"p4_og_title":"","p4_og_description":"","p4_og_image":"","p4_og_image_id":"","p4_seo_canonical_url":"","p4_campaign_name":"not set","p4_local_project":"not set","p4_basket_name":"not set","p4_department":"","footnotes":""},"categories":[19],"tags":[],"p4-page-type":[130],"class_list":["post-49894","post","type-post","status-publish","format-standard","has-post-thumbnail","hentry","category-nature-fr","p4-page-type-blog-des-volontaires"],"_links":{"self":[{"href":"https:\/\/www.greenpeace.org\/canada\/fr\/wp-json\/wp\/v2\/posts\/49894","targetHints":{"allow":["GET"]}}],"collection":[{"href":"https:\/\/www.greenpeace.org\/canada\/fr\/wp-json\/wp\/v2\/posts"}],"about":[{"href":"https:\/\/www.greenpeace.org\/canada\/fr\/wp-json\/wp\/v2\/types\/post"}],"author":[{"embeddable":true,"href":"https:\/\/www.greenpeace.org\/canada\/fr\/wp-json\/wp\/v2\/users\/28"}],"replies":[{"embeddable":true,"href":"https:\/\/www.greenpeace.org\/canada\/fr\/wp-json\/wp\/v2\/comments?post=49894"}],"version-history":[{"count":17,"href":"https:\/\/www.greenpeace.org\/canada\/fr\/wp-json\/wp\/v2\/posts\/49894\/revisions"}],"predecessor-version":[{"id":50848,"href":"https:\/\/www.greenpeace.org\/canada\/fr\/wp-json\/wp\/v2\/posts\/49894\/revisions\/50848"}],"wp:featuredmedia":[{"embeddable":true,"href":"https:\/\/www.greenpeace.org\/canada\/fr\/wp-json\/wp\/v2\/media\/49831"}],"wp:attachment":[{"href":"https:\/\/www.greenpeace.org\/canada\/fr\/wp-json\/wp\/v2\/media?parent=49894"}],"wp:term":[{"taxonomy":"category","embeddable":true,"href":"https:\/\/www.greenpeace.org\/canada\/fr\/wp-json\/wp\/v2\/categories?post=49894"},{"taxonomy":"post_tag","embeddable":true,"href":"https:\/\/www.greenpeace.org\/canada\/fr\/wp-json\/wp\/v2\/tags?post=49894"},{"taxonomy":"p4-page-type","embeddable":true,"href":"https:\/\/www.greenpeace.org\/canada\/fr\/wp-json\/wp\/v2\/p4-page-type?post=49894"}],"curies":[{"name":"wp","href":"https:\/\/api.w.org\/{rel}","templated":true}]}}