{"id":50238,"date":"2021-09-20T22:59:08","date_gmt":"2021-09-21T02:59:08","guid":{"rendered":"https:\/\/www.greenpeace.org\/canada\/?p=50238"},"modified":"2022-02-10T23:56:40","modified_gmt":"2022-02-11T04:56:40","slug":"elections-2021-assez-les-delais-la-crise-climatique-necessite-une-action-immediate","status":"publish","type":"post","link":"https:\/\/www.greenpeace.org\/canada\/fr\/blog-des-volontaires\/50238\/elections-2021-assez-les-delais-la-crise-climatique-necessite-une-action-immediate\/","title":{"rendered":"\u00c9lections 2021 : Assez les d\u00e9lais \u2014 la crise climatique n\u00e9cessite une action imm\u00e9diate"},"content":{"rendered":"\n<p><strong>Montr\u00e9al<\/strong> &#8211; Les r\u00e9sultats de cette \u00e9lection envoient un message clair : les Canadien\u00b7nes exigent des mesures fortes et d\u00e9cisives pour s&rsquo;attaquer sans d\u00e9lai aux in\u00e9galit\u00e9s sociales et \u00e0 la crise climatique.&nbsp;<\/p>\n\n<p>Greenpeace demande aux lib\u00e9raux, aux n\u00e9o-d\u00e9mocrates, aux&nbsp; bloquistes et aux verts de coop\u00e9rer afin de r\u00e9pondre aux demandes d&rsquo;actions climatiques audacieuses r\u00e9clam\u00e9es par une vaste majorit\u00e9 de la population. Au cours des derniers mois, nous avons \u00e9t\u00e9 t\u00e9moins de vagues de chaleur record et de feux d\u00e9vastateurs pour les for\u00eats et les communaut\u00e9s. Nous n&rsquo;avons plus de temps \u00e0 perdre.<\/p>\n\n<p><strong>Patrick Bonin, responsable de la campagne Climat-\u00c9nergie chez Greenpeace Canada:&nbsp;<\/strong><\/p>\n\n<p>\u00ab Une grande majorit\u00e9 de Canadien\u00b7nes ont vot\u00e9 en faveur de partis qui promettent de prioriser la lutte contre la crise climatique. Maintenant, le vrai travail commence afin de s\u2019assurer que le nouveau gouvernement d\u00e9ploie des mesures ambitieuses au rythme et \u00e0 l\u2019\u00e9chelle qu\u2019exigent les crises du climat, de la biodiversit\u00e9 et des in\u00e9galit\u00e9s qui menacent nos communaut\u00e9s. \u00bb<\/p>\n\n<p>Les lib\u00e9raux, les n\u00e9o-d\u00e9mocrates, les bloquistes et les verts doivent coop\u00e9rer pour respecter leurs engagements et accro\u00eetre leur ambition &#8211; puisque chacune de leur plateforme \u00e9tait insuffisante pour contrer la crise climatique. Nous demandons aux partis de travailler ensemble pour :<\/p>\n\n<ul class=\"wp-block-list\"><li>Arr\u00eater toute nouvelle expansion des combustibles fossiles et proposer un plan pour les \u00e9liminer progressivement;<\/li><li>Mettre en \u0153uvre les appels \u00e0 l&rsquo;action de la Commission de v\u00e9rit\u00e9 et r\u00e9conciliation et de la D\u00e9claration des Nations Unies sur les droits des peuples autochtones ;<\/li><li>Mettre en \u0153uvre une transition juste pour les travailleur\u00b7euses, y compris l\u2019aide au revenu et le financement d\u2019emplois verts;<\/li><li>Mettre fin aux subventions aux combustibles fossiles et annuler imm\u00e9diatement le projet de pipeline Trans Mountain;<\/li><li>Augmenter les objectifs et d\u00e9velopper un plan pour atteindre 60% de r\u00e9duction des \u00e9missions de gaz \u00e0 effet de serre domestiques d&rsquo;ici 2030 (par rapport \u00e0 2005);<\/li><li>Mettre en \u0153uvre un imp\u00f4t sur la fortune pour aider \u00e0 payer la transition.<\/li><\/ul>\n\n<p><a href=\"https:\/\/www.greenpeace.org\/canada\/fr\/histoires\/50210\/election-2021-comparaison-des-plans-climatiques\/\" target=\"_blank\" rel=\"noreferrer noopener\">Voir notre comparaison d\u00e9taill\u00e9e<\/a> des plans climatiques des partis.<\/p>\n\n<p class=\"has-text-align-center\">-30-<\/p>\n\n<p><strong>Pour plus d\u2019informations, contactez:&nbsp;<\/strong><\/p>\n\n<p>Laura Bergamo, Conseill\u00e8re aux communications, Greenpeace Canada<\/p>\n\n<p><a href=\"mailto:laura.bergamo@greenpeace.org\" target=\"_blank\" rel=\"noreferrer noopener\">laura.bergamo@greenpeace.org<\/a>, +1 (438) 928-5237<\/p>\n\n<p>Patrick Bonin, responsable de la campagne Climat-\u00c9nergie, Greenpeace Canada<\/p>\n\n<p><a rel=\"noreferrer noopener\" href=\"mailto:pbonin@greenpeace.org\" target=\"_blank\">pbonin@greenpeace.org<\/a>, +1 (514) 594-1221&nbsp;<\/p>\n","protected":false},"excerpt":{"rendered":"<p>Les r\u00e9sultats de cette \u00e9lection envoient un message clair : les Canadien\u00b7nes exigent des mesures fortes et d\u00e9cisives pour s&rsquo;attaquer sans d\u00e9lai aux in\u00e9galit\u00e9s sociales et&#8230;<\/p>\n","protected":false},"author":104,"featured_media":49938,"comment_status":"closed","ping_status":"closed","sticky":false,"template":"","format":"standard","meta":{"ep_exclude_from_search":false,"p4_og_title":"","p4_og_description":"","p4_og_image":"","p4_og_image_id":"","p4_seo_canonical_url":"","p4_campaign_name":"not set","p4_local_project":"not set","p4_basket_name":"not set","p4_department":"","footnotes":""},"categories":[19],"tags":[41],"p4-page-type":[],"class_list":["post-50238","post","type-post","status-publish","format-standard","has-post-thumbnail","hentry","category-nature-fr","tag-climat"],"_links":{"self":[{"href":"https:\/\/www.greenpeace.org\/canada\/fr\/wp-json\/wp\/v2\/posts\/50238","targetHints":{"allow":["GET"]}}],"collection":[{"href":"https:\/\/www.greenpeace.org\/canada\/fr\/wp-json\/wp\/v2\/posts"}],"about":[{"href":"https:\/\/www.greenpeace.org\/canada\/fr\/wp-json\/wp\/v2\/types\/post"}],"author":[{"embeddable":true,"href":"https:\/\/www.greenpeace.org\/canada\/fr\/wp-json\/wp\/v2\/users\/104"}],"replies":[{"embeddable":true,"href":"https:\/\/www.greenpeace.org\/canada\/fr\/wp-json\/wp\/v2\/comments?post=50238"}],"version-history":[{"count":5,"href":"https:\/\/www.greenpeace.org\/canada\/fr\/wp-json\/wp\/v2\/posts\/50238\/revisions"}],"predecessor-version":[{"id":50244,"href":"https:\/\/www.greenpeace.org\/canada\/fr\/wp-json\/wp\/v2\/posts\/50238\/revisions\/50244"}],"wp:featuredmedia":[{"embeddable":true,"href":"https:\/\/www.greenpeace.org\/canada\/fr\/wp-json\/wp\/v2\/media\/49938"}],"wp:attachment":[{"href":"https:\/\/www.greenpeace.org\/canada\/fr\/wp-json\/wp\/v2\/media?parent=50238"}],"wp:term":[{"taxonomy":"category","embeddable":true,"href":"https:\/\/www.greenpeace.org\/canada\/fr\/wp-json\/wp\/v2\/categories?post=50238"},{"taxonomy":"post_tag","embeddable":true,"href":"https:\/\/www.greenpeace.org\/canada\/fr\/wp-json\/wp\/v2\/tags?post=50238"},{"taxonomy":"p4-page-type","embeddable":true,"href":"https:\/\/www.greenpeace.org\/canada\/fr\/wp-json\/wp\/v2\/p4-page-type?post=50238"}],"curies":[{"name":"wp","href":"https:\/\/api.w.org\/{rel}","templated":true}]}}