{"id":50345,"date":"2021-09-29T19:48:57","date_gmt":"2021-09-29T23:48:57","guid":{"rendered":"https:\/\/www.greenpeace.org\/canada\/blog-des-volontaires\/50345\/le-30-septembre-journee-nationale-de-la-verite-et-de-la-reconciliation\/"},"modified":"2021-09-29T19:49:12","modified_gmt":"2021-09-29T23:49:12","slug":"le-30-septembre-journee-nationale-de-la-verite-et-de-la-reconciliation","status":"publish","type":"post","link":"https:\/\/www.greenpeace.org\/canada\/fr\/histoire\/50345\/le-30-septembre-journee-nationale-de-la-verite-et-de-la-reconciliation\/","title":{"rendered":"Le 30 septembre : Journ\u00e9e nationale de la v\u00e9rit\u00e9 et de la r\u00e9conciliation"},"content":{"rendered":"\n<p>Le 30 septembre, c\u2019est-\u00e0-dire demain, marquera la toute premi\u00e8re <a href=\"https:\/\/www.canada.ca\/fr\/patrimoine-canadien\/campagnes\/journee-nationale-verite-reconciliation.html\">Journ\u00e9e nationale de la v\u00e9rit\u00e9 et de la r\u00e9conciliation<\/a> au Canada.<\/p>\n\n<p>Ce jour f\u00e9ri\u00e9 est le fruit de l&rsquo;un des 94 <a href=\"https:\/\/publications.gc.ca\/collections\/collection_2015\/trc\/IR4-8-2015-fra.pdf\">appels \u00e0 l&rsquo;action<\/a> livr\u00e9s avec le rapport de la Commission de v\u00e9rit\u00e9 et r\u00e9conciliation (CVR) en 2015. Six ans plus tard, le gouvernement canadien a finalement donn\u00e9 suite \u00e0 cette demande ainsi qu&rsquo;\u00e0 <a href=\"https:\/\/newsinteractives.cbc.ca\/longform-single\/beyond-94?&amp;cta=1\">quelques autres appels \u00e0 l&rsquo;action<\/a>. Mais comme les progr\u00e8s r\u00e9alis\u00e9s en vue d&rsquo;atteindre ces objectifs se font \u00e0 pas de tortue, il est clair que nous ne pouvons pas laisser ce travail important entre les mains des fonctionnaires \u2013 nous devons \u00e9galement mettre la main \u00e0 la p\u00e2te.<\/p>\n\n<p>En tant qu&rsquo;organisation coloniale, Greenpeace Canada (GPCA) a son propre travail \u00e0 faire pour se d\u00e9pouiller des visions coloniales du monde qui nous ont \u00e9t\u00e9 inculqu\u00e9es et que nous avons contribu\u00e9 \u00e0 perp\u00e9tuer. Gr\u00e2ce \u00e0 des d\u00e9cisions r\u00e9fl\u00e9chies et mieux inform\u00e9es, l&rsquo;organisation est d\u00e9termin\u00e9e \u00e0 faire mieux en tant qu&rsquo;alli\u00e9e, colonisatrice et voisine, aujourd&rsquo;hui et \u00e0 l&rsquo;avenir, dans le but de toujours renforcer les droits, la souverainet\u00e9 et la s\u00e9curit\u00e9 des personnes autochtones.<\/p>\n\n<p>GPCA sera ferm\u00e9e pour la Journ\u00e9e nationale de la v\u00e9rit\u00e9 et de la r\u00e9conciliation, et encourage son personnel \u00e0 profiter de cette occasion afin de r\u00e9fl\u00e9chir et d\u2019agir. Un grand nombre de nos coll\u00e8gues de GPCA se sont d\u00e9j\u00e0 engag\u00e9\u00b7es \u00e0 faire don de leur salaire pour la journ\u00e9e \u00e0 des organisations dirig\u00e9es par des personnes autochtones, et d&rsquo;autres prendrons d&rsquo;autres types d&rsquo;actions. Dans un deuxi\u00e8me temps, nous nous sommes \u00e9galement fix\u00e9 comme objectif collectif de lire (ou, dans certains cas, de relire) et de discuter du rapport complet de la CVR en tant qu&rsquo;organisation. Cela implique de prendre le temps de lire chaque chapitre de fa\u00e7on individuelle et de se r\u00e9unir tous les deux mois pour r\u00e9fl\u00e9chir, discuter et apprendre comment le rapport de la CVR peut \u00e9claire nos choix et d\u00e9cisions personnelles, ainsi que notre travail.<\/p>\n\n<p>Nous avons compil\u00e9 ci-dessous une liste d&rsquo;excellentes ressources et de contenus que nous pouvons consulter pour soutenir les communaut\u00e9s autochtones, non seulement lors de la Journ\u00e9e nationale de v\u00e9rit\u00e9 et de r\u00e9conciliation, mais tous les jours.<\/p>\n\n<p class=\"has-medium-font-size\"><strong>Voici quelques moyens d&rsquo;agir :<\/strong>&#13;\n&#13;\n&#13;\n<\/p>\n\n<p><strong>Faire don \u00e0 des organisations autochtones :<\/strong><\/p>\n\n<ul class=\"wp-block-list\"><li>Faites un don pour soutenir les services de counseling et autres services destin\u00e9s aux survivant\u00b7es des pensionnats et \u00e0 leurs familles : <a href=\"https:\/\/www.irsss.ca\/donate\">Indian Residential School Survivors Society <\/a><\/li><li>Faites un don pour soutenir les organismes de services aux enfants et aux familles des Premi\u00e8res Nations : <a href=\"https:\/\/fncaringsociety.com\/donate\">First Nations Child &amp; Family Caring Society<\/a><\/li><li>Faites un don pour soutenir la d\u00e9fense des droits des femmes, des filles et des personnes issues de la diversit\u00e9 de genre autochtones : <a href=\"https:\/\/www.nwac.ca\/donate\/\">L&rsquo;Association des femmes autochtones du Canada<\/a><\/li><li>Faites un don pour soutenir les luttes juridiques men\u00e9es par les communaut\u00e9s autochtones pour d\u00e9fendre leurs terres et leurs droits : <a href=\"https:\/\/raventrust.com\/donate\/\">Raven Trust<\/a><\/li><li>Faites un don pour soutenir les projets, mouvements, organisations et nations autochtones : <a href=\"https:\/\/www.onedayspay.ca\/\">One Day\u2019s Pay<\/a><\/li><li>Faites un don pour soutenir la justice climatique men\u00e9e par les personnes autochtones : <a href=\"https:\/\/www.indigenousclimateaction.com\/donate\">Indigenous Climate Action<\/a><\/li><li>Faites un don pour soutenir l&rsquo;\u00e9ducation et la sensibilisation aux cons\u00e9quences des pensionnats : <a href=\"https:\/\/legacyofhope.ca\/fr\/english\/get-involved\/donate\/\">Fondation autochtone de l&rsquo;espoir<\/a>&#13;\n&#13;\n&#13;\n<\/li><li>Faites un don pour soutenir les d\u00e9fenseur\u00b7ses des terres qui s&rsquo;efforcent d&#8217;emp\u00eacher le pipeline Trans Mountain de traverser le territoire non c\u00e9d\u00e9 des Secw\u00e9pemc : <a href=\"http:\/\/www.tinyhousewarriors.com\/\">Tiny House Warriors<\/a><\/li><li>Faites un don pour soutenir les d\u00e9fenseur\u00b7ses des terres, les jeunes du clan Unist&rsquo;ot&rsquo;en et les a\u00een\u00e9\u00b7es wet&rsquo;suwet&rsquo;en qui luttent afin d&#8217;emp\u00eacher les pipelines de sables bitumineux et de gaz de fracturation de traverser le territoire des Unist&rsquo;ot&rsquo;en : <a href=\"https:\/\/unistoten.camp\/support-us\/donate\/\">Unist&rsquo;ot&rsquo;en Camp <\/a><\/li><li>Faites un don afin de soutenir les personnes et les communaut\u00e9s autochtones et noires : <a href=\"https:\/\/www.blackindigenousharmredux.org\/\">The Black Indigenous Harm Reduction Alliance<\/a><\/li><li>Faites un don \u00e0 des organisations autochtones qui proposent des abris et des programmes pour reconstruire la vie des femmes, des enfants et des hommes dans chaque province : <a href=\"https:\/\/www.bchousing.org\/indigenous\/aboriginal-housing-initiatives-list\">C.B.<\/a>, <a href=\"https:\/\/acws.ca\/shelters\/\">Alberta<\/a>, <a href=\"http:\/\/www.thehealingjourney.ca\/inside.asp?339\">Saskatchewan<\/a>, <a href=\"https:\/\/firstnationshelters.ca\/\">Manitoba<\/a>, <a href=\"https:\/\/aboriginalshelters.ca\/members\/\">Ontario<\/a>, <a href=\"https:\/\/www.211qc.ca\/en\/search?cat-id=20&amp;sub-cat=housing\">Qu\u00e9bec<\/a>, <a href=\"https:\/\/gignoohouse.ca\/\">Nouveau-Brunswick<\/a>, <a href=\"http:\/\/www.thehealingjourney.ca\/inside.asp?309\">Nouvelle \u00c9cosse<\/a>, <a href=\"http:\/\/www.thehealingjourney.ca\/inside.asp?297\">Terre-Neuve-et-Labrador<\/a>, <a href=\"https:\/\/mcpei.ca\/community\/\">\u00ce.P.\u00c9.<\/a>, <a href=\"http:\/\/www.thehealingjourney.ca\/inside.asp?345\">Yukon<\/a>, <a href=\"http:\/\/www.thehealingjourney.ca\/inside.asp?315\">Nunavut et T.N.-O<\/a>.<\/li><\/ul>\n<p class=\"has-medium-font-size\"><strong>Approfondissez vos connaissances du pass\u00e9 et du pr\u00e9sent colonial du Canada :<\/strong>:<\/p>\n\n<p><strong>Apprenez-en davantage sur les pensionnats et les appels \u00e0 l&rsquo;action de la CVR :<\/strong><\/p>\n\n<ul class=\"wp-block-list\"><li>Rejoignez-nous et bien d&rsquo;autres personnes en vous engageant \u00e0 lire le rapport de la CVR : <a href=\"http:\/\/trcreadingchallenge.com\/\">The TRC Reading Challenge<\/a><\/li><li><a href=\"https:\/\/nctr.ca\/records\/reports\/\">Le rapport final et les appels \u00e0 l&rsquo;action de la Commission de v\u00e9rit\u00e9 et r\u00e9conciliation<\/a><ul><li>Une version du rapport de la CVR \u00e0 l&rsquo;intention des jeunes : <a href=\"https:\/\/fncaringsociety.com\/sites\/default\/files\/child_friendly_calls_to_action_web.pdf\">Spirit Bear&rsquo;s Guide to the Truth and Reconciliation Commission of Canada: Calls to Action<\/a><\/li><\/ul><\/li><li><a href=\"https:\/\/yellowheadinstitute.org\/trc\/\">Calls to Action Accountability: A 2020 Status Update on Reconciliation<\/a><\/li><li><a href=\"https:\/\/www.nahaneecreative.com\/collections\/national-day-of-truth-and-reconciliation-course-bundle\">National Day of Truth and Reconciliation Course Bundle<\/a><\/li><li>Liste de lecture :<a href=\"https:\/\/www.instagram.com\/p\/CPgBXWZNXBb\/\"> https:\/\/www.instagram.com\/p\/CPgBXWZNXBb\/ <\/a><\/li><li>Podcasts : https:\/\/www.instagram.com\/p\/CPhGlZ6t_Z9\/ <\/li><li>Films\/Documentaires : <a href=\"https:\/\/www.instagram.com\/p\/CPghcIPtCYi\/\">https:\/\/www.instagram.com\/p\/CPghcIPtCYi\/ <\/a><\/li><li>TEDxEastVan : <a href=\"https:\/\/www.youtube.com\/watch?v=rJQgpuLq1LI\">Healing a Nation Through Truth and Reconciliation, Chief Dr. Robert Joseph<\/a><\/li><li>Lire <a href=\"https:\/\/www.mmiwg-ffada.ca\/final-report\/\">le rapport final de l\u2019Enqu\u00eate nationale sur les femmes et les filles autochtones disparues et assassin\u00e9es<\/a><\/li><li>D\u00e9couvrez \u00e0 quelle distance vous vivez d&rsquo;un pensionnat : <a href=\"https:\/\/www.cbc.ca\/news2\/interactives\/beyond-94-residential-school-map\/\">CBC residential school interactive map<\/a> <\/li><li>D\u00e9couvrez sur quels territoires, terres et r\u00e9gions vis\u00e9es par des trait\u00e9s historiques vous vivez : <a href=\"https:\/\/native-land.ca\/\">Native Land<\/a><\/li><li>Rejoignez <a href=\"https:\/\/act.350.org\/go\/237439?t=20&amp;utm_medium=email&amp;utm_source=actionkit&amp;akid=153051.2037878.Wl3fk3\">Indigenous Canada<\/a>, un cours en ligne ouvert aux masses (CLOM) qui explore l&rsquo;histoire des peuples autochtones et les principaux enjeux auxquels ils sont confront\u00e9s aujourd\u2019hui.<\/li><li>Consultez la vari\u00e9t\u00e9 de ressources p\u00e9dagogiques sur la <a href=\"https:\/\/oncanadaproject.ca\/settlerstakeaction\">Settlers Take Action page of the On Canada Project<\/a>.<\/li><\/ul>\n<p>Voil\u00e0 des exemples d&rsquo;organisations et de ressources qui peuvent \u00eatre utilis\u00e9es pour d\u00e9coloniser nos modes de pens\u00e9e, r\u00e9apprendre la v\u00e9ritable histoire du Canada, apprendre \u00e0 soutenir les communaut\u00e9s autochtones et s&rsquo;impliquer dans une r\u00e9conciliation sinc\u00e8re. Il existe de nombreuses autres fa\u00e7ons de s&rsquo;engager dans la r\u00e9conciliation, et nous vous encourageons \u00e0 les d\u00e9couvrir et les explorer! N&rsquo;h\u00e9sitez pas \u00e0 partager d&rsquo;autres ressources dans les commentaires ci-dessous! <\/p>\n","protected":false},"excerpt":{"rendered":"<p>Le 30 septembre, c\u2019est-\u00e0-dire demain, marquera la toute premi\u00e8re Journ\u00e9e nationale de la v\u00e9rit\u00e9 et de la r\u00e9conciliation au Canada.<\/p>\n<p>Ce jour f\u00e9ri\u00e9 est le fruit de l&rsquo;un des 94 appels \u00e0 l&rsquo;action livr\u00e9s avec le rapport de la Commission de v\u00e9rit\u00e9 et r\u00e9conciliation (CVR) en 2015. Six ans plus tard, le gouvernement canadien a finalement donn\u00e9 suite \u00e0 cette demande ainsi qu&rsquo;\u00e0 quelques autres appels \u00e0 l&rsquo;action. Mais comme les progr\u00e8s r\u00e9alis\u00e9s en vue d&rsquo;atteindre ces objectifs se font \u00e0 pas de tortue, il est clair que nous ne pouvons pas laisser ce travail important entre les mains des fonctionnaires \u2013 nous devons \u00e9galement mettre la main \u00e0 la p\u00e2te.<\/p>\n","protected":false},"author":109,"featured_media":50357,"comment_status":"open","ping_status":"open","sticky":false,"template":"","format":"standard","meta":{"ep_exclude_from_search":false,"p4_og_title":"","p4_og_description":"","p4_og_image":"","p4_og_image_id":"","p4_seo_canonical_url":"","p4_campaign_name":"","p4_local_project":"","p4_basket_name":"","p4_department":"","footnotes":""},"categories":[140],"tags":[182],"p4-page-type":[155,155],"class_list":["post-50345","post","type-post","status-publish","format-standard","has-post-thumbnail","hentry","category-egalite","tag-justice-raciale","p4-page-type-histoire"],"_links":{"self":[{"href":"https:\/\/www.greenpeace.org\/canada\/fr\/wp-json\/wp\/v2\/posts\/50345","targetHints":{"allow":["GET"]}}],"collection":[{"href":"https:\/\/www.greenpeace.org\/canada\/fr\/wp-json\/wp\/v2\/posts"}],"about":[{"href":"https:\/\/www.greenpeace.org\/canada\/fr\/wp-json\/wp\/v2\/types\/post"}],"author":[{"embeddable":true,"href":"https:\/\/www.greenpeace.org\/canada\/fr\/wp-json\/wp\/v2\/users\/109"}],"replies":[{"embeddable":true,"href":"https:\/\/www.greenpeace.org\/canada\/fr\/wp-json\/wp\/v2\/comments?post=50345"}],"version-history":[{"count":3,"href":"https:\/\/www.greenpeace.org\/canada\/fr\/wp-json\/wp\/v2\/posts\/50345\/revisions"}],"predecessor-version":[{"id":50348,"href":"https:\/\/www.greenpeace.org\/canada\/fr\/wp-json\/wp\/v2\/posts\/50345\/revisions\/50348"}],"wp:featuredmedia":[{"embeddable":true,"href":"https:\/\/www.greenpeace.org\/canada\/fr\/wp-json\/wp\/v2\/media\/50357"}],"wp:attachment":[{"href":"https:\/\/www.greenpeace.org\/canada\/fr\/wp-json\/wp\/v2\/media?parent=50345"}],"wp:term":[{"taxonomy":"category","embeddable":true,"href":"https:\/\/www.greenpeace.org\/canada\/fr\/wp-json\/wp\/v2\/categories?post=50345"},{"taxonomy":"post_tag","embeddable":true,"href":"https:\/\/www.greenpeace.org\/canada\/fr\/wp-json\/wp\/v2\/tags?post=50345"},{"taxonomy":"p4-page-type","embeddable":true,"href":"https:\/\/www.greenpeace.org\/canada\/fr\/wp-json\/wp\/v2\/p4-page-type?post=50345"}],"curies":[{"name":"wp","href":"https:\/\/api.w.org\/{rel}","templated":true}]}}