{"id":50703,"date":"2021-11-04T15:11:30","date_gmt":"2021-11-04T19:11:30","guid":{"rendered":"https:\/\/www.greenpeace.org\/canada\/blog-des-volontaires\/50703\/les-compensations-forestieres-pourraient-sonner-le-glas-des-ambitions-climatiques-du-canada-et-de-la-cop-voici-pourquoi\/"},"modified":"2024-08-01T00:20:00","modified_gmt":"2024-08-01T04:20:00","slug":"les-compensations-forestieres-pourraient-sonner-le-glas-des-ambitions-climatiques-du-canada-et-de-la-cop-voici-pourquoi","status":"publish","type":"post","link":"https:\/\/www.greenpeace.org\/canada\/fr\/story\/50703\/les-compensations-forestieres-pourraient-sonner-le-glas-des-ambitions-climatiques-du-canada-et-de-la-cop-voici-pourquoi\/","title":{"rendered":"Les \u00ab compensations \u00bb foresti\u00e8res pourraient sonner le glas des ambitions climatiques du Canada et de la COP \u2013 voici pourquoi"},"content":{"rendered":"\n<figure class=\"wp-block-image size-large\"><img loading=\"lazy\" decoding=\"async\" width=\"1024\" height=\"683\" src=\"https:\/\/www.greenpeace.org\/static\/planet4-canada-stateless\/2021\/10\/ca65f3f6-offsets-blog1-1024x683.jpg\" alt=\"\" class=\"wp-image-50454\" srcset=\"https:\/\/www.greenpeace.org\/static\/planet4-canada-stateless\/2021\/10\/ca65f3f6-offsets-blog1-1024x683.jpg 1024w, https:\/\/www.greenpeace.org\/static\/planet4-canada-stateless\/2021\/10\/ca65f3f6-offsets-blog1-300x200.jpg 300w, https:\/\/www.greenpeace.org\/static\/planet4-canada-stateless\/2021\/10\/ca65f3f6-offsets-blog1-768x512.jpg 768w, https:\/\/www.greenpeace.org\/static\/planet4-canada-stateless\/2021\/10\/ca65f3f6-offsets-blog1-510x340.jpg 510w, https:\/\/www.greenpeace.org\/static\/planet4-canada-stateless\/2021\/10\/ca65f3f6-offsets-blog1.jpg 1200w\" sizes=\"auto, (max-width: 1024px) 100vw, 1024px\" \/><\/figure>\n\n<p>Cette semaine, Greenpeace Canada a pr\u00e9sent\u00e9 une <a href=\"https:\/\/www.greenpeace.org\/static\/planet4-canada-stateless\/2021\/10\/0d100314-greenpeace-canada-submission-to-the-strategic-assessment-of-climate-change-%E2%80%93-draft-technical-guide-october-25th-2021.docx-1.pdf\" target=\"_blank\" rel=\"noreferrer noopener\">soumission<\/a> \u00e0 l&rsquo;<em>\u00c9valuation strat\u00e9gique des changements climatiques<\/em> du gouvernement f\u00e9d\u00e9ral. Dans ce document, nous soutenons que le fait de laisser les grands pollueurs se servir des for\u00eats comme excuse pour continuer \u00e0 \u00e9mettre des gaz \u00e0 effet de serre serait d\u00e9sastreux pour les ambitions climatiques du Canada et ne constitue pas une solution \u00e0 la perte de biodiversit\u00e9 mondiale.<\/p>\n\n<p>Les soi-disant \u00ab compensations \u00bb (ou \u00ab excuses pour polluer \u00bb) seront \u00e9galement un enjeu cl\u00e9 lors de l&rsquo;imminente COP \u00e0 Glasgow, o\u00f9 les nations d\u00e9battront de l&rsquo;ouverture ou non des march\u00e9s mondiaux \u00e0 cette dangereuse menace qui entraverait toute v\u00e9ritable action climatique. <\/p>\n\n<p>Mais que sont exactement les \u00ab compensations \u00bb? Comment menacent-elles nos efforts visant \u00e0 pr\u00e9venir le changement climatique? Et quelle est l&rsquo;alternative? Poursuivez votre lecture.<\/p>\n\n<h2 class=\"wp-block-heading\"><strong>Les compensations foresti\u00e8res<\/strong><\/h2>\n\n<p>La \u00ab compensation \u00bb a lieu quand les entreprises et les gouvernements tentent d&rsquo;atteindre leurs objectifs de r\u00e9duction des gaz \u00e0 effet de serre tout en continuant \u00e0 en \u00e9mettre. <\/p>\n\n<p>Une \u00ab compensation carbone \u00bb d\u00e9signe une quantit\u00e9 d&rsquo;\u00e9missions de gaz \u00e0 effet de serre qui est \u00e9vit\u00e9e ou s\u00e9questr\u00e9e afin de compenser d&rsquo;autres \u00e9missions, ce qui permet aux grands pollueurs de continuer \u00e0 \u00e9mettre des quantit\u00e9s massives de gaz \u00e0 effet de serre en partant de l&rsquo;hypoth\u00e8se douteuse qu&rsquo;elles seront compens\u00e9es d&rsquo;une mani\u00e8re ou d&rsquo;une autre.<\/p>\n\n<p>Quant aux compensations foresti\u00e8res, il s&rsquo;agit g\u00e9n\u00e9ralement d&rsquo;une zone de for\u00eat prot\u00e9g\u00e9e ou d&rsquo;arbres plant\u00e9s pour compenser la pollution atmosph\u00e9rique continue.<\/p>\n\n<p>Ainsi, une compagnie p\u00e9troli\u00e8re peut payer quelqu&rsquo;un d&rsquo;autre pour planter des arbres ou dire qu&rsquo;elle prot\u00e8ge une for\u00eat qui, normalement, aurait \u00e9t\u00e9 exploit\u00e9e, puis continuer \u00e0 \u00e9mettre du carbone en pr\u00e9tendant que d&rsquo;autres \u00e9missions ont \u00e9t\u00e9 \u00e9pargn\u00e9es ailleurs. C&rsquo;est logique, pas vrai? Bien s\u00fbr que non. <\/p>\n\n<p>Heureusement, un certain nombre de journalistes et d&rsquo;activistes ont examin\u00e9 cette \u00ab solution \u00bb au changement climatique de plus pr\u00e8s et des \u00e9tudes de cas troublantes ont fait surface. Voir : <a href=\"https:\/\/unearthed.greenpeace.org\/2021\/10\/25\/shell-oil-carbon-neutral-offsetting\/\" target=\"_blank\" rel=\"noreferrer noopener\"><em>Doubts over Shell\u2019s \u2018drive carbon neutral\u2019 claim<\/em><\/a> (<a href=\"https:\/\/unearthed-greenpeace-org.translate.goog\/2021\/10\/25\/shell-oil-carbon-neutral-offsetting\/?_x_tr_sl=auto&amp;_x_tr_tl=fr&amp;_x_tr_hl=en&amp;_x_tr_pto=nui\" target=\"_blank\" rel=\"noreferrer noopener\">traduction fran\u00e7aise ici<\/a>)&nbsp; et <a href=\"https:\/\/www.bloomberg.com\/news\/features\/2021-04-05\/a-top-u-s-seller-of-carbon-offsets-starts-investigating-its-own-projects\" target=\"_blank\" rel=\"noreferrer noopener\"><em>A Top U.S. Seller of Carbon Offsets Starts Investigating Its Own Projects<\/em><\/a>.<\/p>\n\n<h2 class=\"wp-block-heading\"><strong>Les for\u00eats ne sont pas une excuse pour polluer<\/strong><\/h2>\n\n<p>Utiliser les for\u00eats canadiennes comme excuse pour continuer \u00e0 \u00e9mettre des gaz \u00e0 effet de serre est une politique publique tout \u00e0 fait terrible. Voici pourquoi.<\/p>\n\n<p>D&rsquo;abord et avant tout, la pr\u00e9misse fondamentale est erron\u00e9e : les grands pollueurs utilisent leurs profits faits sur le dos du climat pour acheter la nature afin de pouvoir continuer \u00e0 polluer. Ce sont ces m\u00eames entreprises qui nous ont mis dans la situation o\u00f9 nous nous trouvons actuellement en utilisant nos ressources naturelles communes de mani\u00e8re irresponsable.<\/p>\n\n<p>Deuxi\u00e8mement, les for\u00eats canadiennes sont en mauvais \u00e9tat en raison du changement climatique, de la mauvaise gestion chronique de l&rsquo;industrie foresti\u00e8re et de l&rsquo;inaction des gouvernements pour les prot\u00e9ger. Par cons\u00e9quent, elles sont d\u00e9j\u00e0 devenues des <a href=\"https:\/\/www-nationalobserver-com.translate.goog\/2021\/05\/07\/news\/canada-carbon-sink-managed-forests-circling-drain?_x_tr_sl=auto&amp;_x_tr_tl=fr&amp;_x_tr_hl=en&amp;_x_tr_pto=nui\" target=\"_blank\" rel=\"noreferrer noopener\">\u00e9metteurs nets<\/a>.<\/p>\n\n<p>Ainsi, bien que les for\u00eats soient l&rsquo;un de nos meilleurs alli\u00e9s dans la lutte contre le changement climatique, nous devons comprendre que leur capacit\u00e9 \u00e0 \u00e9liminer le dioxyde de carbone est limit\u00e9e et qu&rsquo;elles sont tout simplement incapables de compenser les \u00e9normes \u00e9missions industrielles du Canada. Le peu de carbone suppl\u00e9mentaire que nous pouvons s\u00e9questrer dans les for\u00eats doit compenser nos \u00e9missions pass\u00e9es de combustibles fossiles, et non la pollution de demain.&nbsp;<\/p>\n\n<p>Ces formes de compensations posent \u00e9galement des probl\u00e8mes importants dans la pratique. Par exemple :<\/p>\n\n<div class=\"wp-block-image\"><figure class=\"alignright size-full\"><img loading=\"lazy\" decoding=\"async\" width=\"375\" height=\"564\" src=\"http:\/\/www.greenpeace.org\/canada\/wp-content\/uploads\/2021\/11\/dc4e8154-canada-forest-co2-falling-trend-a1-natob.jpg\" alt=\"\" class=\"wp-image-50709\" srcset=\"https:\/\/www.greenpeace.org\/static\/planet4-canada-stateless\/2021\/11\/dc4e8154-canada-forest-co2-falling-trend-a1-natob.jpg 375w, https:\/\/www.greenpeace.org\/static\/planet4-canada-stateless\/2021\/11\/dc4e8154-canada-forest-co2-falling-trend-a1-natob-199x300.jpg 199w, https:\/\/www.greenpeace.org\/static\/planet4-canada-stateless\/2021\/11\/dc4e8154-canada-forest-co2-falling-trend-a1-natob-226x340.jpg 226w\" sizes=\"auto, (max-width: 375px) 100vw, 375px\" \/><\/figure><\/div>\n\n<ul class=\"wp-block-list\"><li><p><span data-mce-style=\"font-weight: 400;\" style=\"font-weight: 400;\"><strong>L&rsquo;impermanence <\/strong>: Tout b\u00e9n\u00e9fice tir\u00e9 de la compensation carbone par les for\u00eats est aussi certain que l&rsquo;avenir des for\u00eats elles-m\u00eames \u2013 c&rsquo;est-\u00e0-dire pas du tout, vu l&rsquo;<\/span><a href=\"https:\/\/www.rncan.gc.ca\/changements-climatiques\/impacts-adaptation\/changements-climatiques\/impacts\/13096?_ga=2.36189536.133047241.1636046573-1678978512.1636046573\" target=\"_blank\" rel=\"noreferrer noopener\"><span data-mce-style=\"font-weight: 400;\" style=\"font-weight: 400;\">impact du changement climatique sur les for\u00eats<\/span><\/a><span data-mce-style=\"font-weight: 400;\" style=\"font-weight: 400;\"> et l&rsquo;augmentation des dangers naturels ou d&rsquo;origine humaine (incendies, exploitation foresti\u00e8re, s\u00e9cheresses et parasites). Les avantages de l&rsquo;\u00e9limination progressive des combustibles fossiles et de la s\u00e9questration de tout ce carbone dans le sol au lieu de le br\u00fbler sont, quant \u00e0 eux, permanents.<\/span><\/p><\/li><\/ul>\n\n<ul class=\"wp-block-list\"><li><p><span data-mce-style=\"font-weight: 400;\" style=\"font-weight: 400;\"><strong>Le temps <\/strong>: Les \u00e9missions de combustibles fossiles sont imm\u00e9diates, alors que la croissance des arbres s&rsquo;\u00e9tire sur plusieurs d\u00e9cennies. Si nous continuons \u00e0 utiliser des combustibles fossiles, nous cr\u00e9ons un d\u00e9calage temporel qui entra\u00eene des augmentations de temp\u00e9rature plus \u00e9lev\u00e9es et des impacts climatiques plus importants avant de pouvoir r\u00e9duire le taux de CO2 atmosph\u00e9rique.<\/span><\/p><\/li><\/ul>\n\n<ul class=\"wp-block-list\"><li><p><span data-mce-style=\"font-weight: 400;\" style=\"font-weight: 400;\"><strong>Fuite de carbone<\/strong> : Au niveau mondial, la protection des for\u00eats \u00e0 un endroit peut s&rsquo;av\u00e9rer inutile <a href=\"https:\/\/www-caryinstitute-org.translate.goog\/news-insights\/feature\/rethinking-forest-carbon-offsets?_x_tr_sl=auto&amp;_x_tr_tl=fr&amp;_x_tr_hl=en&amp;_x_tr_pto=nui\" target=\"_blank\" rel=\"noreferrer noopener\">si elle ne sert qu&rsquo;\u00e0 entra\u00eener des coupes<\/a> ou la d\u00e9forestation ailleurs.<\/span><\/p><\/li><\/ul>\n\n<ul class=\"wp-block-list\"><li><strong>L\u2019additionnalit\u00e9<\/strong> : Les gens en faveur de la compensation carbone partent du principe que les for\u00eats seraient d\u00e9truites sans leur intervention. Comment pouvons-nous avoir la certitude qu&rsquo;une for\u00eat \u00ab compens\u00e9e \u00bb n&rsquo;allait pas \u00eatre conserv\u00e9e ou restaur\u00e9e de toute fa\u00e7on?<\/li><\/ul>\n\n<h2 class=\"wp-block-heading\"><strong>Une menace mondiale pour le succ\u00e8s de la COP<\/strong><\/h2>\n\n<p>La plupart des \u00ab r\u00e8gles \u00bb de mise en \u0153uvre de l&rsquo;Accord de Paris de 2015 ont \u00e9t\u00e9 adopt\u00e9es. Mais l&rsquo;un des principaux points en suspens est l&rsquo;article 6. Ses neuf paragraphes ne couvrent qu&rsquo;une seule page, mais il est profond\u00e9ment controvers\u00e9. Les r\u00e8gles de l&rsquo;article 6 seront clarifi\u00e9es \u00e0 Glasgow.<\/p>\n\n<p>L&rsquo;aspect le plus controvers\u00e9 de l&rsquo;article 6 est la proposition de nouveaux march\u00e9s mondiaux du carbone afin de permettre l&rsquo;\u00e9change de r\u00e9ductions d&rsquo;\u00e9missions cr\u00e9\u00e9es partout dans le monde par le secteur public ou priv\u00e9. Les cr\u00e9dits carbone pourraient, par exemple, \u00eatre g\u00e9n\u00e9r\u00e9s en plantant des arbres ou en achetant des for\u00eats existantes afin de \u00ab compenser \u00bb un projet d&rsquo;\u00e9nergie sale \u00e0 l&rsquo;autre bout du monde.<\/p>\n\n<p>Mais la compensation n&#8217;emp\u00eache pas le carbone de p\u00e9n\u00e9trer dans l&rsquo;atmosph\u00e8re et de r\u00e9chauffer notre monde, elle le garde simplement hors des livres des entreprises responsables. En bref, c&rsquo;est une supercherie, cela ne fonctionne pas, et la cr\u00e9ation d&rsquo;un march\u00e9 mondial ne fera que retarder l&rsquo;adoption de mesures concr\u00e8tes.<\/p>\n\n<h2 class=\"wp-block-heading\"><strong>Quelles sont les vraies solutions?<\/strong><\/h2>\n\n<p>Les preuves scientifiques sont claires : pour \u00e9viter que cette crise mondiale ne s&rsquo;aggrave, nous devons r\u00e9duire imm\u00e9diatement les \u00e9missions de gaz \u00e0 effet de serre, tout en prot\u00e9geant et en restaurant de vastes \u00e9cosyst\u00e8mes naturels.<\/p>\n\n<p>Cela implique de dire NON aux compensations et OUI \u00e0 l&rsquo;\u00e9limination des combustibles fossiles.<\/p>\n\n<p>Nous devons \u00e9galement am\u00e9liorer la biodiversit\u00e9 et l&rsquo;int\u00e9grit\u00e9 \u00e9cologique de nos for\u00eats pour qu&rsquo;elles puissent redevenir des puits de carbone, tout en r<a href=\"https:\/\/www-clara-earth.translate.goog\/net-zero-and-nature?_x_tr_sl=auto&amp;_x_tr_tl=fr&amp;_x_tr_hl=en&amp;_x_tr_pto=nui\" target=\"_blank\" rel=\"noreferrer noopener\">econnaissant que la nature \u2013 et les terres autochtones \u2013 sont bien plus qu&rsquo;une solution pour \u00e9liminer et stocker le carbone<\/a>. Pour cela, il faut progresser beaucoup plus rapidement vers l&rsquo;objectif du Canada de prot\u00e9ger au moins 30 % des terres d&rsquo;ici 2030 et de favoriser le leadership autochtone par le biais des aires prot\u00e9g\u00e9es et conserv\u00e9es autochtones (<a href=\"https:\/\/www.nationaliteautochtone.ca\/\">APCA<\/a>).<\/p>\n\n<p>Enfin, lors des prochaines n\u00e9gociations de la COP \u00e0 Glasgow, l&rsquo;article 6 ne doit pas \u00eatre interpr\u00e9t\u00e9 comme s&rsquo;il concernait les march\u00e9s de compensation carbone. Greenpeace soutient que l&rsquo;article 6 concerne la coop\u00e9ration internationale pour r\u00e9soudre l&rsquo;enjeu du changement climatique et soutenir l&rsquo;apport de financement, le transfert de technologie et le renforcement des capacit\u00e9s.<\/p>\n\n<p>Tant au niveau national qu&rsquo;international, le gouvernement canadien a des d\u00e9cisions importantes \u00e0 prendre au cours des prochains mois \u2013 plus d&rsquo;excuses pour continuer \u00e0 polluer, ou une v\u00e9ritable action climatique. C&rsquo;est aussi simple que cela.<\/p>\n\n<p>Le nouveau ministre de l&rsquo;Environnement et du Changement climatique du Canada est actuellement \u00e0 la COP26 avec Justin Trudeau. Envoyez-lui un message : dites-lui de dire NON aux compensations carbone comme excuse pour polluer, et OUI \u00e0 la fin des \u00e9nergies fossiles! <strong>Envoyez-lui un tweet<\/strong> :<\/p>\n\n<figure class=\"wp-block-embed is-type-rich is-provider-twitter wp-block-embed-twitter\"><div class=\"wp-block-embed__wrapper\">\n<blockquote class=\"twitter-tweet\" data-width=\"500\" data-dnt=\"true\"><p lang=\"fr\" dir=\"ltr\"><a href=\"https:\/\/twitter.com\/s_guilbeault?ref_src=twsrc%5Etfw\">@s_guilbeault<\/a>, vous jouez un r\u00f4le cl\u00e9 dor\u00e9navant: restez fid\u00e8le \u00e0 vos racines militantes <a href=\"https:\/\/twitter.com\/GreenpeaceCA?ref_src=twsrc%5Etfw\">@GreenpeaceCA<\/a>, et portez l&#39;action climatique du Canada vers de nouveaux sommets \u00e0 <a href=\"https:\/\/twitter.com\/hashtag\/COP26?src=hash&amp;ref_src=twsrc%5Etfw\">#COP26<\/a>. Dites NON aux compensations carbone, OUI \u00e0 la fin des combustibles fossiles <a href=\"https:\/\/t.co\/Frur16Y6nj\">https:\/\/t.co\/Frur16Y6nj<\/a><\/p>&mdash; Olivier K\u00f6lmel (@Kolmel) <a href=\"https:\/\/twitter.com\/Kolmel\/status\/1456356013855105026?ref_src=twsrc%5Etfw\">November 4, 2021<\/a><\/blockquote><script async src=\"https:\/\/platform.twitter.com\/widgets.js\" charset=\"utf-8\"><\/script>\n<\/div><\/figure>\n\n<figure class=\"wp-block-image size-large\"><img loading=\"lazy\" decoding=\"async\" width=\"1024\" height=\"680\" src=\"https:\/\/www.greenpeace.org\/static\/planet4-canada-stateless\/2021\/10\/24066466-offsets-blog-3-1024x680.jpg\" alt=\"\" class=\"wp-image-50459\" srcset=\"https:\/\/www.greenpeace.org\/static\/planet4-canada-stateless\/2021\/10\/24066466-offsets-blog-3-1024x680.jpg 1024w, https:\/\/www.greenpeace.org\/static\/planet4-canada-stateless\/2021\/10\/24066466-offsets-blog-3-300x199.jpg 300w, https:\/\/www.greenpeace.org\/static\/planet4-canada-stateless\/2021\/10\/24066466-offsets-blog-3-768x510.jpg 768w, https:\/\/www.greenpeace.org\/static\/planet4-canada-stateless\/2021\/10\/24066466-offsets-blog-3-510x340.jpg 510w, https:\/\/www.greenpeace.org\/static\/planet4-canada-stateless\/2021\/10\/24066466-offsets-blog-3.jpg 1200w\" sizes=\"auto, (max-width: 1024px) 100vw, 1024px\" \/><\/figure>\n\t\t\t<section\n\t\t\tclass=\"boxout post-2163 \"\n\t\t\t\n\t\t>\n\t\t\t<a\n\t\t\t\tdata-ga-category=\"Take Action Boxout\"\n\t\t\t\tdata-ga-action=\"Image\"\n\t\t\t\tdata-ga-label=\"n\/a\"\n\t\t\t\tclass=\"cover-card-overlay\"\n\t\t\t\thref=\"https:\/\/www.greenpeace.org\/canada\/fr\/agir\/faites-un-don\/\" \n\t\t\t><\/a>\n\t\t\t\t\t\t\t<img\n\t\t\t\t\t\tsrc=\"https:\/\/www.greenpeace.org\/static\/planet4-canada-stateless\/2018\/06\/GP04IOF-1024x683.jpg\"\n\t\t\t\t\t\tsrcset=\"https:\/\/www.greenpeace.org\/static\/planet4-canada-stateless\/2018\/06\/GP04IOF-300x200.jpg 300w, https:\/\/www.greenpeace.org\/static\/planet4-canada-stateless\/2018\/06\/GP04IOF-768x512.jpg 768w, https:\/\/www.greenpeace.org\/static\/planet4-canada-stateless\/2018\/06\/GP04IOF-1024x683.jpg 1024w, https:\/\/www.greenpeace.org\/static\/planet4-canada-stateless\/2018\/06\/GP04IOF-510x340.jpg 510w, https:\/\/www.greenpeace.org\/static\/planet4-canada-stateless\/2018\/06\/GP04IOF.jpg 1200w\"\n\t\t\t\t\t\tsizes=\"(min-width: 1000px) 358px, (min-width: 780px) 313px, 88px\"\n\t\t\t\t\t\talt=\"Rainbow Warrior Open Boat in Melbourne\" title=\"Rainbow Warrior Open Boat in Melbourne\"\n\t\t\t\t\/>\n            \t\t\t<div class=\"boxout-content\">\n\t\t\t\t\t\t\t\t\t<a\n\t\t\t\t\t\tclass=\"boxout-heading medium\"\n\t\t\t\t\t\tdata-ga-category=\"Take Action Boxout\"\n\t\t\t\t\t\tdata-ga-action=\"Title\"\n\t\t\t\t\t\tdata-ga-label=\"n\/a\"\n\t\t\t\t\t\thref=\"https:\/\/www.greenpeace.org\/canada\/fr\/agir\/faites-un-don\/\"\n\t\t\t\t\t\t\n\t\t\t\t\t>\n\t\t\t\t\t\tFaites un don\n\t\t\t\t\t<\/a>\n\t\t\t\t\t\t\t\t\t\t\t\t\t<p class=\"boxout-excerpt\">Greenpeace est l\u2019une des seules organisations \u00e0 ne pas accepter de financement de la part des gouvernements, d\u2019entreprises ou de partis politiques. C\u2019est ce qui garantit notre libert\u00e9 de parole et d\u2019action face aux puissants industriels et aux gouvernements.<\/p>\n\t\t\t\t                                    <a\n                        class=\"btn btn-primary\"\n                        data-ga-category=\"Take Action Boxout\"\n                        data-ga-action=\"Call to Action\"\n                        data-ga-label=\"n\/a\"\n                        href=\"https:\/\/www.greenpeace.org\/canada\/fr\/agir\/faites-un-don\/\"\n                        \n                    >\n                        Passer \u00e0 l&#039;action\n                    <\/a>\n                \t\t\t<\/div>\n\t\t\t\t\t<\/section>\n\t","protected":false},"excerpt":{"rendered":"<p>Cette semaine, Greenpeace r\u00e9pond \u00e0 l&rsquo;\u00c9valuation strat\u00e9gique des changements climatiques du gouvernement f\u00e9d\u00e9ral canadien. Nous mettons en garde l&rsquo;\u00e9chec \u00e0 venir si on permet aux grands pollueurs de se servir des for\u00eats comme excuse pour continuer \u00e0 \u00e9mettre des GES.<\/p>\n","protected":false},"author":28,"featured_media":7306,"comment_status":"open","ping_status":"open","sticky":false,"template":"","format":"standard","meta":{"ep_exclude_from_search":false,"p4_og_title":"","p4_og_description":"","p4_og_image":"","p4_og_image_id":"","p4_seo_canonical_url":"","p4_campaign_name":"not set","p4_local_project":"not set","p4_basket_name":"not set","p4_department":"","footnotes":""},"categories":[20,19],"tags":[40,43,41],"p4-page-type":[155],"class_list":["post-50703","post","type-post","status-publish","format-standard","has-post-thumbnail","hentry","category-climat","category-nature-fr","tag-autochtones","tag-forets","tag-climat","p4-page-type-histoire"],"_links":{"self":[{"href":"https:\/\/www.greenpeace.org\/canada\/fr\/wp-json\/wp\/v2\/posts\/50703","targetHints":{"allow":["GET"]}}],"collection":[{"href":"https:\/\/www.greenpeace.org\/canada\/fr\/wp-json\/wp\/v2\/posts"}],"about":[{"href":"https:\/\/www.greenpeace.org\/canada\/fr\/wp-json\/wp\/v2\/types\/post"}],"author":[{"embeddable":true,"href":"https:\/\/www.greenpeace.org\/canada\/fr\/wp-json\/wp\/v2\/users\/28"}],"replies":[{"embeddable":true,"href":"https:\/\/www.greenpeace.org\/canada\/fr\/wp-json\/wp\/v2\/comments?post=50703"}],"version-history":[{"count":12,"href":"https:\/\/www.greenpeace.org\/canada\/fr\/wp-json\/wp\/v2\/posts\/50703\/revisions"}],"predecessor-version":[{"id":51843,"href":"https:\/\/www.greenpeace.org\/canada\/fr\/wp-json\/wp\/v2\/posts\/50703\/revisions\/51843"}],"wp:featuredmedia":[{"embeddable":true,"href":"https:\/\/www.greenpeace.org\/canada\/fr\/wp-json\/wp\/v2\/media\/7306"}],"wp:attachment":[{"href":"https:\/\/www.greenpeace.org\/canada\/fr\/wp-json\/wp\/v2\/media?parent=50703"}],"wp:term":[{"taxonomy":"category","embeddable":true,"href":"https:\/\/www.greenpeace.org\/canada\/fr\/wp-json\/wp\/v2\/categories?post=50703"},{"taxonomy":"post_tag","embeddable":true,"href":"https:\/\/www.greenpeace.org\/canada\/fr\/wp-json\/wp\/v2\/tags?post=50703"},{"taxonomy":"p4-page-type","embeddable":true,"href":"https:\/\/www.greenpeace.org\/canada\/fr\/wp-json\/wp\/v2\/p4-page-type?post=50703"}],"curies":[{"name":"wp","href":"https:\/\/api.w.org\/{rel}","templated":true}]}}