{"id":51934,"date":"2022-01-25T11:16:54","date_gmt":"2022-01-25T16:16:54","guid":{"rendered":"https:\/\/www.greenpeace.org\/canada\/?p=51934"},"modified":"2022-02-10T23:57:50","modified_gmt":"2022-02-11T04:57:50","slug":"tronquons-pour-la-reutilisation-et-la-recharge","status":"publish","type":"post","link":"https:\/\/www.greenpeace.org\/canada\/fr\/story\/51934\/tronquons-pour-la-reutilisation-et-la-recharge\/","title":{"rendered":"Troquons pour la  r\u00e9utilisation et la recharge"},"content":{"rendered":"\n<p>Nous venons tout juste d\u2019entamer une nouvelle ann\u00e9e. \u00c0 l\u2019heure des bilans de fin d\u2019ann\u00e9e et des r\u00e9solutions pour la nouvelle, nos \u00e9motions sont souvent mitig\u00e9es. Ce sentiment est probablement amplifi\u00e9 cette ann\u00e9e avec sanitaire et environnemental. Les enjeux urgents auxquels les gouvernements du monde entier font face ne manquent pas, et baisser les bras n\u2019est pas une option. Mais le d\u00e9but d&rsquo;une nouvelle ann\u00e9e peut aussi \u00eatre synonyme de nouveau d\u00e9part. Lorsqu\u2019il s&rsquo;agit de s&rsquo;attaquer \u00e0 un d\u00e9fi mondial \u00e9vitable \u2013 la pollution plastique \u2013 2022 est l&rsquo;ann\u00e9e o\u00f9 les gouvernements mondiaux doivent intensifier, recentrer et r\u00e9orienter leurs efforts pour \u00e9liminer progressivement les plastiques non essentiels et acc\u00e9l\u00e9rer la transition dont nous avons d\u00e9sesp\u00e9r\u00e9ment besoin vers les syst\u00e8mes qui favoriseraient un avenir plus vert, plus juste et plus sain pour l\u2019ensemble de la population.&nbsp;<\/p>\n\n<p>Heureusement, gr\u00e2ce \u00e0 la pression exerc\u00e9e par des millions de personnes \u00e0 travers le monde, <a href=\"https:\/\/plasticoceans.org\/chile-passes-law-that-regulates-single-use-plastics\/\">les gouvernements commencent enfin \u00e0 reconna\u00eetre<\/a> que la seule fa\u00e7on de s&rsquo;attaquer \u00e0 la crise de la pollution plastique est d\u2019adopter un syst\u00e8me bas\u00e9 sur la r\u00e9utilisation. Lentement, nous avons vu <a href=\"https:\/\/www.reuselandscape.org\/\">les mod\u00e8les commerciaux de r\u00e9utilisation et de recharge gagner du terrain dans le monde entier<\/a>, mais il est temps pour nous de redoubler d\u2019effort afin d\u2019\u00e9tendre ces mod\u00e8les plus rapidement \u00e0 l&rsquo;ensemble de l&rsquo;industrie et des communaut\u00e9s, notamment par le biais de politiques et de lois.<\/p>\n\n<p>Au niveau mondial, nous avons la possibilit\u00e9 de n\u00e9gocier un <a href=\"https:\/\/act.greenpeace.org\/page\/49013\/petition\/1\">trait\u00e9 mondial contraignant sur les plastiques<\/a>. C&rsquo;est ce dont nous avons besoin pour que les gouvernements et les grandes entreprises agissent imm\u00e9diatement afin de r\u00e9duire consid\u00e9rablement leur empreinte plastique et de passer \u00e0 la r\u00e9utilisation et \u00e0 la recharge. La bonne nouvelle, c&rsquo;est que nous avons r\u00e9cemment assist\u00e9 \u00e0 d&rsquo;importants changements et amendements de politique au niveau mondial en mati\u00e8re de r\u00e9utilisation qui m\u00e9ritent d&rsquo;\u00eatre soulign\u00e9s.&nbsp;<\/p>\n\n<p><strong>\u00c9tablir des normes<\/strong><\/p>\n\n<p>En novembre dernier, l&rsquo;Autriche est devenue le premier pays europ\u00e9en \u00e0 int\u00e9grer des objectifs de r\u00e9utilisation contraignants et ex\u00e9cutoires dans sa loi sur la gestion des d\u00e9chets en imposant un quota de r\u00e9utilisation des contenants de boisson de 25 % d&rsquo;ici 2025. Cette loi exige que des cat\u00e9gories sp\u00e9cifiques de boissons aient un quota minimum d&#8217;emballages r\u00e9utilisables allant de 10 \u00e0 15 %. Cela signifie que les supermarch\u00e9s sont tenus de fournir au moins 15 % de leur stock de bi\u00e8re et d&rsquo;eau dans des emballages r\u00e9utilisables, alors que ce quota est de 10 % pour les boissons non alcoolis\u00e9es, les jus et le lait.<\/p>\n\n<figure class=\"wp-block-image size-large\"><img decoding=\"async\" src=\"https:\/\/www.greenpeace.org\/static\/planet4-international-stateless\/2021\/12\/97972c98-gp1suvkc-1024x819.jpg\" alt=\"\"\/><figcaption>En f\u00e9vrier 2021, Greenpeace Autriche a organis\u00e9 une manifestation \u2013 mettant en vedette une montagne totalisant 100 000 bouteilles en plastique comprim\u00e9es \u2013 sur la place de la cath\u00e9drale Saint-\u00c9tienne, dans le centre-ville de Vienne, afin de sensibiliser le public aux effets n\u00e9fastes des bouteilles \u00e0 usage unique sur l&rsquo;environnement. \u00a9 Mitja Kobal \/ Greenpeace<\/figcaption><\/figure>\n\n<p>Il y a encore 25 ans, l&rsquo;Autriche poss\u00e9dait un taux de r\u00e9utilisation des boissons d&rsquo;environ 80 %. Suite au passage aux bouteilles en plastique \u00e0 usage unique, consid\u00e9r\u00e9es comme \u00e9tant plus pratiques, <a href=\"https:\/\/infothek.bmk.gv.at\/pfandsystem-fuer-oesterreich-3-punkte-plan\/\">l&rsquo;Autriche affiche aujourd&rsquo;hui un maigre taux de r\u00e9utilisation de 19 %<\/a>.<\/p>\n\n<p><strong>La r\u00e9utilisation en hausse<\/strong><\/p>\n\n<p>La France poss\u00e8de d\u00e9j\u00e0 une <a href=\"https:\/\/www.legifrance.gouv.fr\/jorf\/id\/JORFTEXT000041553759\">loi sur la r\u00e9utilisation des emballages<\/a> qui exige que 10 % des emballages mis sur le march\u00e9 soient r\u00e9utilisables d&rsquo;ici 2027 et a r\u00e9cemment introduit un <a href=\"https:\/\/www.legifrance.gouv.fr\/loda\/id\/JORFTEXT000043458675\">d\u00e9cret \u00ab 3R \u00bb (r\u00e9duire, r\u00e9utiliser et recycler<\/a>). Ce dernier fixe des objectifs de r\u00e9duction et de r\u00e9utilisation jusqu&rsquo;en 2025 et pr\u00e9cise que 50 % de la r\u00e9duction de 20 % des emballages plastiques \u00e0 usage unique doit venir de la r\u00e9utilisation. Il convient \u00e9galement de noter que la France a allou\u00e9 une somme impressionnante de 40 millions d&rsquo;euros \u00e0 des investissements de r\u00e9utilisation pour la p\u00e9riode 2021 \u2013 2022 dans le cadre de son fonds pour l&rsquo;\u00e9conomie circulaire.<\/p>\n\n<p>Son proche voisin, le Portugal, a modifi\u00e9 sa loi, qui stimule maintenant que d\u2019ici 2030, 30 % de tous les emballages mis sur le march\u00e9 devront \u00eatre r\u00e9utilisables, et ce, peu importe le mat\u00e9riel utilis\u00e9. De m\u00eame, la Roumanie a inclus dans sa <a href=\"https:\/\/gov.ro\/fisiere\/subpagini_fisiere\/NF_OUG_74-2018.pdf\">politique de gestion des d\u00e9chets<\/a> une augmentation annuelle de 5 % des emballages r\u00e9utilisables jusqu&rsquo;en 2025 (pour atteindre un minimum de 25 % en 2025). De m\u00eame, l&rsquo;Espagne a r\u00e9dig\u00e9 un projet de d\u00e9cret national fort prometteur qui contient plusieurs propositions, notamment des quotas de r\u00e9utilisation des contenants de boisson dans le secteur de l\u2019h\u00f4tellerie (HORECA) pour l&rsquo;eau, la bi\u00e8re, les jus et les boissons non alcoolis\u00e9es, ainsi qu&rsquo;un objectif g\u00e9n\u00e9ral de r\u00e9utilisation des contenants de boisson pour la consommation domestique. Les r\u00e9gions espagnoles de <a href=\"https:\/\/www.boe.es\/buscar\/pdf\/2018\/BOE-A-2018-8953-consolidado.pdf\">Navarre<\/a> et des <a href=\"https:\/\/www.boe.es\/eli\/es-ib\/l\/2019\/02\/19\/8\/dof\/spa\/pdf\">Bal\u00e9ares<\/a> disposent de lois progressives sur la r\u00e9utilisation des contenants de boisson depuis 2018.<\/p>\n\n<figure class=\"wp-block-image size-large\"><img decoding=\"async\" src=\"https:\/\/www.greenpeace.org\/static\/planet4-international-stateless\/2021\/12\/bd8997ea-gp0stuigb-1024x727.jpg\" alt=\"\"\/><figcaption>Des activistes de Greenpeace surplombent un d\u00e9versement de plastique dans une usine d&#8217;embouteillage en Autriche pour demander \u00e0 Coca-Cola de troquer les bouteilles \u00e0 usage unique pour des bouteilles r\u00e9utilisables. La banni\u00e8re dit : \u00ab Mettez fin au d\u00e9luge de plastique. \u00bb \u00a9 Mitja Kobal \/ Greenpeace<\/figcaption><\/figure>\n\n<p><strong>Les pays du Sud ouvrent la voie<\/strong><strong><br><\/strong><\/p>\n\n<p>Les pays du Sud sont familiers avec les mod\u00e8les de r\u00e9utilisation, et l&rsquo;adoption de tels syst\u00e8mes peut \u00eatre acc\u00e9l\u00e9r\u00e9e \u00e0 l\u2019aide de politiques encourageant leur adoption tout en imposant une r\u00e9duction de la production et de l&rsquo;utilisation du plastique. Il est toutefois essentiel que les syst\u00e8mes de r\u00e9utilisation soient con\u00e7us en tenant compte du contexte local, de leur co\u00fbt et de leur accessibilit\u00e9 pour les communaut\u00e9s \u00e0 faible revenu.<\/p>\n\n<p>Le Chili, soit le pays le plus avanc\u00e9 des Am\u00e9riques en termes de r\u00e9utilisation, a introduit un <a href=\"https:\/\/www.bcn.cl\/leychile\/navegar?idNorma=1163603\">projet de loi sur la r\u00e9glementation du plastique<\/a> en ao\u00fbt 2021. Ce texte promeut et encourage la vente de contenants de boisson r\u00e9utilisables; les fournisseurs doivent proposer des bouteilles r\u00e9utilisables et reprendre les bouteilles consign\u00e9es. Il pr\u00e9voit \u00e9galement qu\u2019au moins 30 % des bouteilles vendues dans les supermarch\u00e9s soient consign\u00e9es pour \u00eatre r\u00e9utilis\u00e9es.<\/p>\n\n<p>Du c\u00f4t\u00e9 de l\u2019Inde, le gouvernement a annonc\u00e9 que les assiettes, les gobelets, les couverts (ainsi que d&rsquo;autres articles inutiles en plastique \u00e0 usage unique) seront <a href=\"https:\/\/pib.gov.in\/PressReleaseIframePage.aspx?PRID=1745433#:~:text=and%20Climate%20Change-,Government%20notifies%20the%20Plastic%20Waste%20Management%20Amendment%20Rules,%202021,%20pr\">interdits \u00e0 compter du 1er juin 2022<\/a>. Bien que cette interdiction soit n\u00e9cessaire, nous ne devons pas oublier que de nombreux pays du Sud ont encore des syst\u00e8mes traditionnels bas\u00e9s sur la r\u00e9utilisation qui ne d\u00e9pendent pas des plastiques \u00e0 usage unique, comme le syst\u00e8me des <a href=\"https:\/\/mumbaidabbawala.in\/\">dabbawala<\/a><em> <\/em>en Inde. L&rsquo;incorporation de ces syst\u00e8mes fond\u00e9s sur la r\u00e9utilisation par le biais de politiques est loin d\u2019\u00eatre pr\u00e9sente au niveau l\u00e9gislatif. En dehors des politiques, des pays comme l&rsquo;Indon\u00e9sie ont de nombreux projets de r\u00e9utilisation qui red\u00e9finissent la commodit\u00e9 des pratiques de recharge gr\u00e2ce \u00e0 des applications num\u00e9riques telles <a href=\"https:\/\/www.koinpack.id\/\">KoinPack<\/a>, <a href=\"https:\/\/www.qyos.id\/\">Qyos<\/a> de Algramo et d&rsquo;<a href=\"http:\/\/zerowastelivinglab.enviu.org\">autres initiatives<\/a>.<\/p>\n\n<p><strong>Qu\u2019en est-il du Canada?<\/strong><\/p>\n\n<p>Malheureusement, la r\u00e9utilisation a \u00e9t\u00e9 largement omise du plan d&rsquo;action canadien visant l\u2019atteinte de z\u00e9ro&nbsp;d\u00e9chet de plastique d\u2019ici 2030. Bien que le gouvernement f\u00e9d\u00e9ral ait r\u00e9cemment publi\u00e9 une <a href=\"https:\/\/www.canada.ca\/fr\/environnement-changement-climatique\/services\/evaluation-substances-existantes\/ebauche-evaluation-scientifique-pollution-plastique.html\">\u00e9bauche d\u2019\u00e9valuation scientifique de la pollution plastique<\/a> portant sur l\u2019interdiction de six articles en plastique \u00e0 usage unique, l&rsquo;absence d&rsquo;objectifs de r\u00e9utilisation ou d&rsquo;exigences de remplacement signifie que les plastiques \u00e0 usage unique seront tr\u00e8s probablement remplac\u00e9s par d&rsquo;autres produits jetables et que les syst\u00e8mes d\u00e9faillants de production et de prestation de services ax\u00e9s sur l&rsquo;\u00e9limination se retrouveront renforc\u00e9s. Le Canada doit s\u00e9rieusement investir dans l&rsquo;infrastructure de r\u00e9utilisation et dans une transition rapide et juste vers des syst\u00e8mes de r\u00e9utilisation et de recharge r\u00e9ellement z\u00e9ro d\u00e9chet et ax\u00e9s sur la communaut\u00e9. Plut\u00f4t que de subventionner la production de plastique et les fausses solutions aux d\u00e9chets et \u00e0 la&nbsp; pollution, l\u2019ann\u00e9e 2022 doit faire du soutien et des incitatifs aux initiatives de r\u00e9utilisation et de r\u00e9duction son cheval de bataille. Il faut commencer par s&rsquo;assurer que les 100 millions de dollars du fonds <a href=\"https:\/\/liberal.ca\/fr\/notre-plateforme\/investir-dans-des-innovations-de-recyclage-du-plastique\/\">d\u2019infrastructure et d&rsquo;innovation<\/a> pour la r\u00e9utilisation et le recyclage servent \u00e0 soutenir les initiatives de r\u00e9utilisation et de recharge en pleine croissance et \u00e0 d\u00e9velopper les infrastructures, mod\u00e8les et syst\u00e8mes de r\u00e9utilisation.<\/p>\n\n<p><strong>Et ensuite?&nbsp;<\/strong><\/p>\n\n<p>Bien que ces mesures constituent un pas dans la bonne direction, le temps presse et nous devons inciter davantage de gouvernements \u00e0 prioriser la r\u00e9utilisation, la recharge et la r\u00e9duction des plastiques dans leurs politiques \u00e0 l&rsquo;\u00e9chelle mondiale. La <a href=\"https:\/\/archive.ellenmacarthurfoundation.org\/fr\/economie-circulaire\/concept\">Fondation Ellen MacArthur<\/a> a r\u00e9cemment publi\u00e9 son rapport d&rsquo;activit\u00e9 annuel, qui fait \u00e9tat des engagements pris par le secteur des biens de consommation en mati\u00e8re de r\u00e9duction des plastiques et dans lequel la fondation d\u00e9clare que \u00ab le manque d&rsquo;ambition et d&rsquo;action en mati\u00e8re de r\u00e9utilisation est pr\u00e9occupant \u00bb.<\/p>\n\n<p>Comme le souligne le rapport <a href=\"https:\/\/rethinkplasticalliance.eu\/wp-content\/uploads\/2021\/07\/Realising-Reuse-Final-report-July-2021.pdf\"><em>Realising Reuse<\/em><\/a> publi\u00e9 plus t\u00f4t cette ann\u00e9e, l&rsquo;intensification des efforts de r\u00e9utilisation pr\u00e9sente de nombreux avantages environnementaux et \u00e9conomiques qui peuvent contribuer aux objectifs de l&rsquo;\u00e9conomie circulaire. En fait, l&rsquo;augmentation de 50 % de la r\u00e9utilisation dans le secteur de l&rsquo;alimentation et des boissons d&rsquo;ici 2030 nous permettrait d&rsquo;utiliser 27,1 millions de tonnes de ressources en moins.<\/p>\n\n<figure class=\"wp-block-image size-large\"><img decoding=\"async\" src=\"https:\/\/www.greenpeace.org\/static\/planet4-international-stateless\/2019\/10\/30bc52bd-gp0sttopn-1024x684.jpg\" alt=\"\"\/><figcaption>Distributeurs de produits alimentaires secs dans une station de recharge offrant une gamme de produits non emball\u00e9s, et ce, dans le but d&rsquo;\u00e9conomiser des milliers de tonnes de plastique inutile. Isabelle Rose Povey \/ Greenpeace<\/figcaption><\/figure>\n\n<p>Pour lutter contre la crise du plastique et du climat, les gouvernements doivent faire front commun et mettre en \u0153uvre des politiques contraignantes pour d\u00e9velopper des syst\u00e8mes fond\u00e9s sur la r\u00e9utilisation. En r\u00e9alit\u00e9, nous avons une immense opportunit\u00e9 d\u2019ouvrir la voie \u00e0 une <a href=\"https:\/\/www.greenpeace.org\/usa\/the-reuse-revolution-is-the-answer-to-the-plastics-crisis\/\">r\u00e9volution du r\u00e9utilisable<\/a> par le biais d&rsquo;un trait\u00e9 mondial contraignant sur les plastiques qui \u00e9tablit un cadre afin que les pays puissent r\u00e9duire leur production et leur consommation de plastique, et se diriger vers un avenir sans plastique. Et cette l\u00e9gislation doit inclure des mesures fortes de r\u00e9utilisation et de recharge.<\/p>\n\n<p>Nous appelons les gouvernements du monde entier et les grandes marques \u00e0 s&rsquo;engager en faveur d&rsquo;un trait\u00e9 mondial sur les plastiques, \u00e0 r\u00e9duire la quantit\u00e9 d&#8217;emballages plastiques produits et \u00e0 investir dans la recharge et la r\u00e9utilisation afin de sauver notre plan\u00e8te.&nbsp;<\/p>\n\n<p><strong><em>Sarah King <\/em><\/strong><em>est responsable de la campagne Oc\u00e9ans et Plastique chez Greenpeace Canada. <\/em><strong><em>Caroline Wagner <\/em><\/strong><em>est charg\u00e9e de la campagne globale sur les plastiques de Greenpeace International.<\/em><\/p>\n","protected":false},"excerpt":{"rendered":"<p>Nous venons tout juste d\u2019entamer une nouvelle ann\u00e9e. \u00c0 l\u2019heure des bilans de fin d\u2019ann\u00e9e et des r\u00e9solutions pour la nouvelle, nos \u00e9motions sont souvent mitig\u00e9es.<\/p>\n","protected":false},"author":104,"featured_media":51853,"comment_status":"closed","ping_status":"open","sticky":false,"template":"","format":"standard","meta":{"ep_exclude_from_search":false,"p4_og_title":"","p4_og_description":"","p4_og_image":"","p4_og_image_id":"","p4_seo_canonical_url":"","p4_campaign_name":"not set","p4_local_project":"not set","p4_basket_name":"not set","p4_department":"","footnotes":""},"categories":[19],"tags":[41,46,72,83],"p4-page-type":[155],"class_list":["post-51934","post","type-post","status-publish","format-standard","has-post-thumbnail","hentry","category-nature-fr","tag-climat","tag-oceans-fr","tag-plastique","tag-consommation","p4-page-type-histoire"],"_links":{"self":[{"href":"https:\/\/www.greenpeace.org\/canada\/fr\/wp-json\/wp\/v2\/posts\/51934","targetHints":{"allow":["GET"]}}],"collection":[{"href":"https:\/\/www.greenpeace.org\/canada\/fr\/wp-json\/wp\/v2\/posts"}],"about":[{"href":"https:\/\/www.greenpeace.org\/canada\/fr\/wp-json\/wp\/v2\/types\/post"}],"author":[{"embeddable":true,"href":"https:\/\/www.greenpeace.org\/canada\/fr\/wp-json\/wp\/v2\/users\/104"}],"replies":[{"embeddable":true,"href":"https:\/\/www.greenpeace.org\/canada\/fr\/wp-json\/wp\/v2\/comments?post=51934"}],"version-history":[{"count":4,"href":"https:\/\/www.greenpeace.org\/canada\/fr\/wp-json\/wp\/v2\/posts\/51934\/revisions"}],"predecessor-version":[{"id":52027,"href":"https:\/\/www.greenpeace.org\/canada\/fr\/wp-json\/wp\/v2\/posts\/51934\/revisions\/52027"}],"wp:featuredmedia":[{"embeddable":true,"href":"https:\/\/www.greenpeace.org\/canada\/fr\/wp-json\/wp\/v2\/media\/51853"}],"wp:attachment":[{"href":"https:\/\/www.greenpeace.org\/canada\/fr\/wp-json\/wp\/v2\/media?parent=51934"}],"wp:term":[{"taxonomy":"category","embeddable":true,"href":"https:\/\/www.greenpeace.org\/canada\/fr\/wp-json\/wp\/v2\/categories?post=51934"},{"taxonomy":"post_tag","embeddable":true,"href":"https:\/\/www.greenpeace.org\/canada\/fr\/wp-json\/wp\/v2\/tags?post=51934"},{"taxonomy":"p4-page-type","embeddable":true,"href":"https:\/\/www.greenpeace.org\/canada\/fr\/wp-json\/wp\/v2\/p4-page-type?post=51934"}],"curies":[{"name":"wp","href":"https:\/\/api.w.org\/{rel}","templated":true}]}}