{"id":52008,"date":"2022-02-07T17:00:35","date_gmt":"2022-02-07T22:00:35","guid":{"rendered":"https:\/\/www.greenpeace.org\/canada\/?p=52008"},"modified":"2022-02-07T17:21:12","modified_gmt":"2022-02-07T22:21:12","slug":"victoire-majeure-le-message-est-lance-au-reste-du-monde-le-gaz-nest-pas-une-energie-de-transition","status":"publish","type":"post","link":"https:\/\/www.greenpeace.org\/canada\/fr\/blog-des-volontaires\/52008\/victoire-majeure-le-message-est-lance-au-reste-du-monde-le-gaz-nest-pas-une-energie-de-transition\/","title":{"rendered":"Victoire majeure ! Le message est lanc\u00e9 au reste du monde : le gaz n\u2019est pas une \u00e9nergie de transition"},"content":{"rendered":"\n<p><strong>Montr\u00e9al, Qu\u00e9bec, Saguenay, Rouyn-Noranda, Tadoussac &#8211;<\/strong> Les groupes environnementaux et citoyens qui se sont battus contre GNL Qu\u00e9bec\/Gazoduq depuis plus de quatre ans peuvent enfin crier d\u00e9finitivement victoire. Sans surprise au vu des impacts n\u00e9gatifs d\u00e9crits dans le rapport provisoire de l\u2019Agence canadienne d\u2019\u00e9valuation d\u2019impact du 9 ao\u00fbt 2021 et confirm\u00e9s par le rapport final du 7 f\u00e9vrier 2022, <a href=\"https:\/\/www.aeic-iaac.gc.ca\/050\/documents\/p80115\/142756F.pdf\">le gouvernement f\u00e9d\u00e9ral vient d\u2019annoncer le rejet du projet \u00c9nergie Saguenay<\/a>. Il reconna\u00eet par l\u00e0 m\u00eame que le gaz fossile n\u2019est pas une \u00e9nergie de transition. Cela constituait l\u2019ultime \u00e9tape tant attendue afin de pouvoir tourner d\u00e9finitivement la page sur ce projet d\u2019un autre si\u00e8cle.&nbsp;<\/p>\n\n<p>\u00ab C\u2019est un soulagement pour les Saguen\u00e9ens et Saguen\u00e9ennes de voir enfin la d\u00e9cision du gouvernement f\u00e9d\u00e9ral. Il \u00e9tait temps qu\u2019on puisse fermer la porte \u00e0 ce projet pour tourner la page et se diriger vers une \u00e9conomie verte beaucoup plus prometteuse pour la r\u00e9gion. C\u2019est un soulagement aussi de voir que le travail de centaines de b\u00e9n\u00e9voles a port\u00e9 fruit et que les luttes citoyennes ont un impact clair sur les politiques climatiques. \u00bb <strong>Adrien Guibert-Barthez, co-porte-parole de la Coalition Fjord&nbsp;<\/strong><\/p>\n\n<p>\u00ab Ce rejet de GNL-Qu\u00e9bec par le f\u00e9d\u00e9ral est un \u00e9ni\u00e8me rappel que les nouveaux projets li\u00e9s \u00e0 l\u2019industrie fossile n\u2019ont pas d\u2019avenir et mettent en p\u00e9ril notre sant\u00e9 et notre s\u00e9curit\u00e9. On esp\u00e8re que ce gouvernement appliquera la m\u00eame logique aux potentiels forages p\u00e9troliers au large de Terre-Neuve de m\u00eame qu\u2019aux autres dangereux projets du genre. \u00bb <strong>\u00c9mile Boisseau-Bouvier, analyste des politiques climatiques chez \u00c9quiterre<\/strong><\/p>\n\n<p>\u00ab La d\u00e9cision du gouvernement Trudeau est le clou final dans le cercueil de ce projet. Les gouvernements doivent maintenant appliquer la m\u00eame logique \u00e0 tous les autres projets d\u2019expansion de la production de p\u00e9trole et de gaz au Qu\u00e9bec et au Canada et les rejeter. Cette gigantesque victoire est le fruit du travail des groupes environnementaux et citoyens et des scientifiques qui se sont battus sans rel\u00e2che pour que les gouvernements les entendent, \u00e9coutent la science et soient plus coh\u00e9rents face \u00e0 la crise climatique. \u00bb <strong>Patrick Bonin, responsable de la campagne climat-\u00e9nergie \u00e0 Greenpeace Canada<\/strong><\/p>\n\n<p>\u00ab Le projet de GNL Qu\u00e9bec est enfin mort et enterr\u00e9. Le rapport final de l&rsquo;Agence d&rsquo;\u00e9valuation d&rsquo;impact du Canada d\u00e9montre que ce projet d&rsquo;exportation de gaz liqu\u00e9fi\u00e9 aurait eu des impacts n\u00e9gatifs importants sur l&rsquo;atteinte des cibles climatiques du Qu\u00e9bec et du Canada, en plus de nuire aux efforts de r\u00e9tablissement du b\u00e9luga du Saint-Laurent. Le gouvernement f\u00e9d\u00e9ral a pris la seule d\u00e9cision qui s\u2019imposait. Maintenant, nous devons acc\u00e9l\u00e9rer une bonne fois pour toute la sortie des \u00e9nergies fossiles dans leur ensemble. \u00bb <strong>Alice-Anne Simard, directrice g\u00e9n\u00e9rale de Nature Qu\u00e9bec.<\/strong><\/p>\n\n<p>\u00abLa mobilisation a port\u00e9 fruit, la science et la raison ont prim\u00e9, les b\u00e9lugas sont aujourd\u2019hui en peu moins en danger. GNL Qu\u00e9bec est chose du pass\u00e9. On peut se tourner vers un autre avenir \u00bb <strong>Alain Branchaud, directeur g\u00e9n\u00e9ral de la SNAP Qu\u00e9bec.&nbsp;<\/strong><\/p>\n\n<p>\u00ab Apr\u00e8s des ann\u00e9es de lutte et de mobilisation citoyenne, le projet GNL Qu\u00e9bec est pour de bon un projet du pass\u00e9. L\u2019annonce du gouvernement f\u00e9d\u00e9ral lance un signal fort au reste du Canada et \u00e0 l\u2019industrie p\u00e9troli\u00e8re et gazi\u00e8re. Concentrons maintenant nos efforts sur l\u2019atteinte de nos cibles climatiques et tournons le dos une fois pour toutes \u00e0 cette industrie qui nous a men\u00e9s au bord du gouffre climatique. \u00bb<strong>, d\u00e9clare Charles Bonhomme, sp\u00e9cialiste communications et affaires publiques \u00e0 la Fondation David Suzuki.<\/strong><\/p>\n\n<p>\u00ab Le Regroupement vigilance hydrocarbures Qu\u00e9bec (RVHQ) lutte contre ce type de projets depuis plus de dix ans et se r\u00e9jouit de cette autre victoire sur un projet du si\u00e8cle dernier. \u00bb <strong>Jacques Rousseau, secr\u00e9taire g\u00e9n\u00e9ral du RVHQ<\/strong><\/p>\n\n<p>\u00abCe projet allait \u00e0 l\u2019encontre des objectifs canadiens et qu\u00e9b\u00e9cois en mati\u00e8re de lutte contre les changements climatiques, il \u00e9tait \u00e9vident que celui-ci n\u2019\u00e9tait pas compatible avec le d\u00e9veloppement durable du Saguenay ni celui du Qu\u00e9bec. Il ne pouvait&nbsp; qu\u2019\u00eatre fermement refus\u00e9 par le gouvernement.\u00bb <strong>Martin Vaillancourt, directeur g\u00e9n\u00e9ral du RNCREQ<\/strong><\/p>\n\n<p class=\"has-text-align-center\">-30-<\/p>\n\n<p><strong>Pour plus d\u2019information :&nbsp;<\/strong><\/p>\n\n<p>Adrien Guibert-Barthez, co-porte-parole, Coalition Fjord<br>(418) 376-3371 ; <a href=\"mailto:comm.fjord@gmail.com\">comm.fjord@gmail.com<\/a><\/p>\n\n<p>Gabriel Marquis, responsable des communications, Nature Qu\u00e9bec<br>(581) 307-8613 ; <a href=\"mailto:gabriel.marquis@naturequebec.org\">gabriel.marquis@naturequebec.org<\/a>&nbsp;<\/p>\n\n<p>Patrick Bonin, Responsable de la campagne Climat-\u00c9nergie, Greenpeace<br>514-594-1221 ; <a href=\"mailto:pbonin@greenpeace.org\">pbonin@greenpeace.org<\/a>&nbsp;<\/p>\n\n<p>Anthony C\u00f4t\u00e9 Leduc, relations m\u00e9dias, \u00c9quiterre<br>514-605-2000 ; <a href=\"mailto:acoteleduc@equiterre.org\">acoteleduc@equiterre.org<\/a>&nbsp;<\/p>\n\n<p>Charles Bonhomme, Sp\u00e9cialiste &#8211; communications et affaires publiques, Fondation David Suzuki<br>438-883-8348 ; <a href=\"mailto:cbonhomme@davidsuzuki.org\">cbonhomme@davidsuzuki.org<\/a><\/p>\n\n<p>Diego Creimer, Solutions nature pour le climat et relations gouvernementales<br>SNAP Qu\u00e9bec (N.B. pour toute question li\u00e9e aux b\u00e9lugas du Saguenay)<br>514-999-6743 | <a href=\"mailto:diego@snapquebec.org\">diego@snapquebec.org<\/a>&nbsp;<\/p>\n\n<p>Nicolas Valente, Conseiller en communication, RNCREQ<br>514 861-7022 | <a href=\"mailto:nicolas.valente@rncreq.org\">nicolas.valente@rncreq.org<\/a><\/p>\n\n<p><\/p>\n\n<p><\/p>\n\n<p><\/p>\n","protected":false},"excerpt":{"rendered":"<p>Montr\u00e9al, Qu\u00e9bec, Saguenay, Rouyn-Noranda, Tadoussac, le 7 f\u00e9vrier 2022 &#8211; Les groupes environnementaux et citoyens qui se sont battus contre GNL Qu\u00e9bec\/Gazoduq depuis plus de quatre ans peuvent enfin crier&hellip;<\/p>\n","protected":false},"author":45,"featured_media":52018,"comment_status":"closed","ping_status":"open","sticky":false,"template":"","format":"standard","meta":{"ep_exclude_from_search":false,"p4_og_title":"","p4_og_description":"","p4_og_image":"","p4_og_image_id":"","p4_seo_canonical_url":"","p4_campaign_name":"not set","p4_local_project":"not set","p4_basket_name":"not set","p4_department":"","footnotes":""},"categories":[20],"tags":[41,47],"p4-page-type":[],"class_list":["post-52008","post","type-post","status-publish","format-standard","has-post-thumbnail","hentry","category-climat","tag-climat","tag-petrole"],"_links":{"self":[{"href":"https:\/\/www.greenpeace.org\/canada\/fr\/wp-json\/wp\/v2\/posts\/52008","targetHints":{"allow":["GET"]}}],"collection":[{"href":"https:\/\/www.greenpeace.org\/canada\/fr\/wp-json\/wp\/v2\/posts"}],"about":[{"href":"https:\/\/www.greenpeace.org\/canada\/fr\/wp-json\/wp\/v2\/types\/post"}],"author":[{"embeddable":true,"href":"https:\/\/www.greenpeace.org\/canada\/fr\/wp-json\/wp\/v2\/users\/45"}],"replies":[{"embeddable":true,"href":"https:\/\/www.greenpeace.org\/canada\/fr\/wp-json\/wp\/v2\/comments?post=52008"}],"version-history":[{"count":2,"href":"https:\/\/www.greenpeace.org\/canada\/fr\/wp-json\/wp\/v2\/posts\/52008\/revisions"}],"predecessor-version":[{"id":52020,"href":"https:\/\/www.greenpeace.org\/canada\/fr\/wp-json\/wp\/v2\/posts\/52008\/revisions\/52020"}],"wp:featuredmedia":[{"embeddable":true,"href":"https:\/\/www.greenpeace.org\/canada\/fr\/wp-json\/wp\/v2\/media\/52018"}],"wp:attachment":[{"href":"https:\/\/www.greenpeace.org\/canada\/fr\/wp-json\/wp\/v2\/media?parent=52008"}],"wp:term":[{"taxonomy":"category","embeddable":true,"href":"https:\/\/www.greenpeace.org\/canada\/fr\/wp-json\/wp\/v2\/categories?post=52008"},{"taxonomy":"post_tag","embeddable":true,"href":"https:\/\/www.greenpeace.org\/canada\/fr\/wp-json\/wp\/v2\/tags?post=52008"},{"taxonomy":"p4-page-type","embeddable":true,"href":"https:\/\/www.greenpeace.org\/canada\/fr\/wp-json\/wp\/v2\/p4-page-type?post=52008"}],"curies":[{"name":"wp","href":"https:\/\/api.w.org\/{rel}","templated":true}]}}