{"id":52783,"date":"2022-03-09T10:34:00","date_gmt":"2022-03-09T15:34:00","guid":{"rendered":"https:\/\/www.greenpeace.org\/canada\/?p=52783"},"modified":"2022-04-06T10:45:40","modified_gmt":"2022-04-06T14:45:40","slug":"les-scientifiques-de-lexpedition-antarctique-de-greenpeace-decouvrent-une-abondance-de-vie-lors-de-la-plongee-de-recherche-sous-marine-la-plus-meridionale-de-lhistoire","status":"publish","type":"post","link":"https:\/\/www.greenpeace.org\/canada\/fr\/blog-des-volontaires\/52783\/les-scientifiques-de-lexpedition-antarctique-de-greenpeace-decouvrent-une-abondance-de-vie-lors-de-la-plongee-de-recherche-sous-marine-la-plus-meridionale-de-lhistoire\/","title":{"rendered":"Les scientifiques de l&rsquo;exp\u00e9dition antarctique de Greenpeace d\u00e9couvrent une abondance de vie lors de la plong\u00e9e de recherche sous-marine la plus m\u00e9ridionale de l&rsquo;histoire"},"content":{"rendered":"\n<p><strong>\u00cele&nbsp;du Roi-George, Antarctique, le 9 mars 2022 \u2013<\/strong>&nbsp;L\u2019\u00e9quipe de recherche \u00e0 bord d&rsquo;une exp\u00e9dition de Greenpeace International visant \u00e0 identifier les \u00e9cosyst\u00e8mes vuln\u00e9rables du plancher oc\u00e9anique de l&rsquo;Antarctique a effectu\u00e9 ce que l&rsquo;on pense \u00eatre la plong\u00e9e sous-marine scientifique la plus m\u00e9ridionale de l&rsquo;histoire, \u00e0 65 degr\u00e9s sud. Les scientifiques ont not\u00e9 une \u00ab incroyable abondance de vie, notamment de coraux et d&rsquo;autres esp\u00e8ces vuln\u00e9rables \u00bb et s\u2019appuieront sur ce fait pour demander que la zone b\u00e9n\u00e9ficie d&rsquo;une protection sp\u00e9ciale aupr\u00e8s de la Commission pour la conservation de la faune et de la flore marines de l\u2019Antarctique (CCAMLR). L&rsquo;exp\u00e9dition a r\u00e9ussi \u00e0 p\u00e9n\u00e9trer dans la lointaine mer de Weddell alors que la glace de mer antarctique atteignait son niveau le plus bas jamais enregistr\u00e9 par satellite [1].<\/p>\n\n<p><strong>John Hocevar, pilote du sous-marin et membre de la campagne Prot\u00e9geons les oc\u00e9ans de Greenpeace, a d\u00e9clar\u00e9 :&nbsp;<\/strong><\/p>\n\n<p>\u00ab Les profondeurs que nous avons explor\u00e9es seraient normalement couvertes de glace \u2013 elles contenaient une incroyable abondance de vie. Mais le niveau de glace actuel dans les eaux de l&rsquo;Antarctique a atteint son niveau le plus bas jamais enregistr\u00e9. Depuis que le dernier record a \u00e9t\u00e9 battu en 2017, une zone de glace de mer correspondant \u00e0 la superficie de la Suisse a disparu. Cette glace prot\u00e9geait jadis cette pr\u00e9cieuse r\u00e9gion, et nous avons maintenant besoin des gouvernements pour le faire. Nous devons de toute urgence cr\u00e9er des sanctuaires oc\u00e9aniques dans les eaux de l&rsquo;Antarctique pour prot\u00e9ger cet \u00e9cosyst\u00e8me crucial et lui donner la chance de se r\u00e9tablir [2]. \u00bb<\/p>\n\n<p><strong>La D<\/strong><strong><sup>re<\/sup><\/strong><strong> Susanne Lockhart, associ\u00e9e de recherche \u00e0 l&rsquo;Acad\u00e9mie des sciences de Californie et scientifique principale de l&rsquo;exp\u00e9dition, a d\u00e9clar\u00e9 :<\/strong><\/p>\n\n<p>\u00ab C&rsquo;\u00e9tait incroyable de voir toute la vie que renfermait une partie du fond oc\u00e9anique normalement maintenue dans l&rsquo;obscurit\u00e9 par la glace de mer sur des kilom\u00e8tres \u00e0 la ronde.&nbsp; Nous avons \u00e9t\u00e9 t\u00e9moins non seulement d&rsquo;une surprenante abondance de vie, mais aussi d&rsquo;une incroyable diversit\u00e9 de coraux et d&rsquo;autres esp\u00e8ces tr\u00e8s vuln\u00e9rables.<\/p>\n\n<p>Voil\u00e0 des milliers d\u2019ann\u00e9es que la vie marine prosp\u00e8re ici, cach\u00e9e sous la glace de mer. Nous utiliserons les donn\u00e9es de cette excursion sous-marine pour demander que la zone soit d\u00e9sign\u00e9e comme un \u00e9cosyst\u00e8me marin vuln\u00e9rable et obtienne la protection dont elle a besoin de toute urgence. \u00bb&nbsp;<\/p>\n\n<p>Le dernier rapport du GIEC appelle \u00e0 la protection de 30 \u00e0 50 % des oc\u00e9ans de la plan\u00e8te. Le rapport affirme \u00e9galement que les changements climatiques ont caus\u00e9 des dommages substantiels et des pertes de plus en plus irr\u00e9versibles aux \u00e9cosyst\u00e8mes marins. L&rsquo;\u00e9tendue et l&rsquo;ampleur des effets des changements climatiques sont plus importantes que celles estim\u00e9es lors des \u00e9valuations pr\u00e9c\u00e9dentes [3].<\/p>\n\n<p>La mer de Weddell est le site d&rsquo;un vaste projet d&rsquo;aire marine prot\u00e9g\u00e9e (AMP) \u2013 ou \u00ab sanctuaire oc\u00e9anique \u00bb \u2013 propos\u00e9 pour la premi\u00e8re fois il y a pr\u00e8s de dix ans. Greenpeace International a d\u00e9j\u00e0 critiqu\u00e9 la CCAMLR pour avoir laiss\u00e9 l&rsquo;exploitation des eaux de l&rsquo;Antarctique guider son programme, ne laissant que 5 % des eaux de l&rsquo;Antarctique prot\u00e9g\u00e9es, et ce, malgr\u00e9 l&rsquo;engagement pris par la Commission de mettre en place un r\u00e9seau repr\u00e9sentatif d\u2019aires marines prot\u00e9g\u00e9es d&rsquo;ici 2012 [4].&nbsp;<\/p>\n\n<p>Cette exp\u00e9dition s&rsquo;inscrit dans le cadre de la campagne de Greenpeace visant \u00e0 prot\u00e9ger au moins 30 % des oc\u00e9ans de la plan\u00e8te d&rsquo;ici 2030. Cette semaine, les gouvernements se r\u00e9uniront aux Nations Unies pour convenir d&rsquo;un trait\u00e9 mondial sur les oc\u00e9ans \u2013 un nouvel outil essentiel visant \u00e0 cr\u00e9er un r\u00e9seau de sanctuaires oc\u00e9aniques libres de toute activit\u00e9 humaine nuisible dans les eaux internationales.&nbsp;<\/p>\n\n<p class=\"has-text-align-center\"><strong>-30-<\/strong><\/p>\n\n<p><strong>Remarques aux \u00e9diteur\u00b7rices :<\/strong><\/p>\n\n<p>Des images des plong\u00e9es sous-marines de l&rsquo;exp\u00e9dition sont disponibles ici :&nbsp;<a href=\"https:\/\/media.greenpeace.org\/collection\/27MDHUHDVSBW\">https:\/\/media.greenpeace.org\/collection\/27MDHUHDVSBW<\/a>&nbsp;<\/p>\n\n<p>[1] L&rsquo;excursion sous-marine a eu lieu par 65\u00b003.624 S. et 055\u00b054.300 O. Bien que l&rsquo;\u00e9tendue de la glace de mer dans la r\u00e9gion puisse changer de fa\u00e7on spectaculaire, la baisse de cette ann\u00e9e constitue un record sans pr\u00e9c\u00e9dent.&nbsp;<a href=\"https:\/\/www.greenpeace.org\/international\/press-release\/52380\/antarctic-sea-ice-minimum-set-for-a-record-low\/\">https:\/\/www.greenpeace.org\/international\/press-release\/52380\/antarctic-sea-ice-minimum-set-for-a-record-low\/<\/a>&nbsp;<\/p>\n\n<p>[2] John Hocevar est Responsable de la campagne Prot\u00e9geons les oc\u00e9ans<strong> <\/strong>chez Greenpeace \u00c9tats-Unis<\/p>\n\n<p>[3] Nouveau rapport du GIEC : la population n&rsquo;est pas pr\u00eate \u00e0 affronter ce qui se dessine \u00e0 l&rsquo;horizon&nbsp;<a href=\"https:\/\/www.greenpeace.org\/international\/press-release\/52406\/new-ipcc-report-not-prepared-for-what-coming\/\">https:\/\/www.greenpeace.org\/international\/press-release\/52406\/new-ipcc-report-not-prepared-for-what-coming\/<\/a>&nbsp;<\/p>\n\n<p>[4] Greenpeace reproche \u00e0 la CCAMLR de ne pas avoir rempli son mandat de protection des eaux de l&rsquo;Antarctique.&nbsp;<a href=\"https:\/\/www.greenpeace.org\/international\/press-release\/19137\/greenpeace-slams-antarctic-ocean-commission-for-failing-its-mandate-to-protect-antarctic-waters\/\">https:\/\/www.greenpeace.org\/international\/press-release\/19137\/greenpeace-slams-antarctic-ocean-commission-for-failing-its-mandate-to-protect-antarctic-waters\/<\/a>&nbsp;<\/p>\n\n<p><strong>Contacts :<\/strong><\/p>\n\n<p>Luke Massey,&nbsp;<a href=\"mailto:luke.massey@greenpeace.org\">luke.massey@greenpeace.org<\/a><\/p>\n\n<p>Bureau de presse de Greenpeace International :&nbsp;<\/p>\n\n<p><a href=\"mailto:pressdesk.int@greenpeace.org\">pressdesk.int@greenpeace.org<\/a>, +31 (0) 20 718 2470 (disponible 24 h sur 24)<\/p>\n\n<p>Suivez @greenpeacepress sur Twitter pour consulter nos derniers communiqu\u00e9s de presse internationaux.<\/p>\n","protected":false},"excerpt":{"rendered":"<p>Depuis que le dernier record a \u00e9t\u00e9 battu en 2017, une zone de glace de mer correspondant \u00e0 la superficie de la Suisse a disparu. Cette glace prot\u00e9geait jadis cette pr\u00e9cieuse r\u00e9gion, et nous avons maintenant besoin des gouvernements pour le faire. <\/p>\n","protected":false},"author":102,"featured_media":52785,"comment_status":"closed","ping_status":"closed","sticky":false,"template":"","format":"standard","meta":{"ep_exclude_from_search":false,"p4_og_title":"","p4_og_description":"","p4_og_image":"","p4_og_image_id":"","p4_seo_canonical_url":"","p4_campaign_name":"not set","p4_local_project":"not set","p4_basket_name":"not set","p4_department":"","footnotes":""},"categories":[19],"tags":[46],"p4-page-type":[],"class_list":["post-52783","post","type-post","status-publish","format-standard","has-post-thumbnail","hentry","category-nature-fr","tag-oceans-fr"],"_links":{"self":[{"href":"https:\/\/www.greenpeace.org\/canada\/fr\/wp-json\/wp\/v2\/posts\/52783","targetHints":{"allow":["GET"]}}],"collection":[{"href":"https:\/\/www.greenpeace.org\/canada\/fr\/wp-json\/wp\/v2\/posts"}],"about":[{"href":"https:\/\/www.greenpeace.org\/canada\/fr\/wp-json\/wp\/v2\/types\/post"}],"author":[{"embeddable":true,"href":"https:\/\/www.greenpeace.org\/canada\/fr\/wp-json\/wp\/v2\/users\/102"}],"replies":[{"embeddable":true,"href":"https:\/\/www.greenpeace.org\/canada\/fr\/wp-json\/wp\/v2\/comments?post=52783"}],"version-history":[{"count":1,"href":"https:\/\/www.greenpeace.org\/canada\/fr\/wp-json\/wp\/v2\/posts\/52783\/revisions"}],"predecessor-version":[{"id":52788,"href":"https:\/\/www.greenpeace.org\/canada\/fr\/wp-json\/wp\/v2\/posts\/52783\/revisions\/52788"}],"wp:featuredmedia":[{"embeddable":true,"href":"https:\/\/www.greenpeace.org\/canada\/fr\/wp-json\/wp\/v2\/media\/52785"}],"wp:attachment":[{"href":"https:\/\/www.greenpeace.org\/canada\/fr\/wp-json\/wp\/v2\/media?parent=52783"}],"wp:term":[{"taxonomy":"category","embeddable":true,"href":"https:\/\/www.greenpeace.org\/canada\/fr\/wp-json\/wp\/v2\/categories?post=52783"},{"taxonomy":"post_tag","embeddable":true,"href":"https:\/\/www.greenpeace.org\/canada\/fr\/wp-json\/wp\/v2\/tags?post=52783"},{"taxonomy":"p4-page-type","embeddable":true,"href":"https:\/\/www.greenpeace.org\/canada\/fr\/wp-json\/wp\/v2\/p4-page-type?post=52783"}],"curies":[{"name":"wp","href":"https:\/\/api.w.org\/{rel}","templated":true}]}}