{"id":53161,"date":"2022-06-08T12:28:56","date_gmt":"2022-06-08T16:28:56","guid":{"rendered":"https:\/\/www.greenpeace.org\/canada\/?p=53161"},"modified":"2022-06-08T12:30:16","modified_gmt":"2022-06-08T16:30:16","slug":"systeme-de-compensation-des-gaz-a-effet-de-serre-un-recul-selon-greenpeace","status":"publish","type":"post","link":"https:\/\/www.greenpeace.org\/canada\/fr\/blog-des-volontaires\/53161\/systeme-de-compensation-des-gaz-a-effet-de-serre-un-recul-selon-greenpeace\/","title":{"rendered":"Syst\u00e8me de compensation des gaz \u00e0 effet de serre : un recul selon Greenpeace"},"content":{"rendered":"\n<p><strong>MONTR\u00c9AL \u2013 <\/strong>En r\u00e9action \u00e0 <a href=\"https:\/\/www.canada.ca\/fr\/environnement-changement-climatique\/nouvelles\/2022\/06\/le-gouvernement-du-canada-lancera-le-systeme-de-credits-compensatoires-pour-les-gaz-a-effet-de-serre-du-canada.html\">l\u2019annonce<\/a> du gouvernement f\u00e9d\u00e9ral d\u2019un syst\u00e8me de compensation des gaz \u00e0 effet de serre, Salom\u00e9 San\u00e9, charg\u00e9e de la campagne Nature et Alimentation, chez Greenpeace Canada, a affirm\u00e9:&nbsp;<\/p>\n\n<p>\u00ab La d\u00e9cision du gouvernement d\u2019aller de l\u2019avant avec les compensations de carbone est un grand pas en arri\u00e8re en termes d\u2019ambitions climatiques au Canada. La science est claire : pour emp\u00eacher l&rsquo;aggravation de cette crise mondiale, nous devons r\u00e9duire imm\u00e9diatement les \u00e9missions de gaz \u00e0 effet de serre tout en prot\u00e9geant et en restaurant les \u00e9cosyst\u00e8mes naturels. Cela signifie qu&rsquo;on doit dire NON aux compensations et OUI \u00e0 l&rsquo;\u00e9limination des combustibles fossiles. Les compensations n&#8217;emp\u00eachent pas le carbone de p\u00e9n\u00e9trer dans l&rsquo;atmosph\u00e8re et de r\u00e9chauffer la plan\u00e8te, mais sur papier, elles font bien para\u00eetre les grands pollueurs responsables. &nbsp;\u00bb<\/p>\n\n<p class=\"has-text-align-center\">&#8211; 30 &#8211;<\/p>\n\n<p><strong>Pour de plus amples renseignements, veuillez consulter notre soumission \u00e0 l\u2019<em>\u00c9valuation strat\u00e9gique des changements climatiques<\/em> du gouvernement f\u00e9d\u00e9ral <\/strong><a href=\"https:\/\/www.greenpeace.org\/static\/planet4-canada-stateless\/2021\/10\/0d100314-greenpeace-canada-submission-to-the-strategic-assessment-of-climate-change-%E2%80%93-draft-technical-guide-october-25th-2021.docx-1.pdf\"><strong>ici<\/strong><\/a><strong> (ANG).&nbsp;<\/strong><\/p>\n\n<p><\/p>\n\n<p><strong>Pour plus d\u2019informations, veuillez contacter :<\/strong><\/p>\n\n<p><strong>Dina Ni, conseill\u00e8re aux communication, Greenpeace Canada&nbsp;<\/strong><\/p>\n\n<p>(416) 820-2148, <a href=\"mailto:dina.ni@greenpeace.org\">dina.ni@greenpeace.org&nbsp;<\/a><\/p>\n","protected":false},"excerpt":{"rendered":"<p>La d\u00e9cision du gouvernement d\u2019aller de l\u2019avant avec les compensations de carbone est un grand pas en arri\u00e8re en termes d\u2019ambitions climatiques au Canada. <\/p>\n","protected":false},"author":102,"featured_media":53158,"comment_status":"closed","ping_status":"closed","sticky":false,"template":"","format":"standard","meta":{"ep_exclude_from_search":false,"p4_og_title":"","p4_og_description":"","p4_og_image":"","p4_og_image_id":"","p4_seo_canonical_url":"","p4_campaign_name":"not set","p4_local_project":"not set","p4_basket_name":"not set","p4_department":"","footnotes":""},"categories":[19,21],"tags":[41,43],"p4-page-type":[],"class_list":["post-53161","post","type-post","status-publish","format-standard","has-post-thumbnail","hentry","category-nature-fr","category-vivre-de-facon-durable","tag-climat","tag-forets"],"_links":{"self":[{"href":"https:\/\/www.greenpeace.org\/canada\/fr\/wp-json\/wp\/v2\/posts\/53161","targetHints":{"allow":["GET"]}}],"collection":[{"href":"https:\/\/www.greenpeace.org\/canada\/fr\/wp-json\/wp\/v2\/posts"}],"about":[{"href":"https:\/\/www.greenpeace.org\/canada\/fr\/wp-json\/wp\/v2\/types\/post"}],"author":[{"embeddable":true,"href":"https:\/\/www.greenpeace.org\/canada\/fr\/wp-json\/wp\/v2\/users\/102"}],"replies":[{"embeddable":true,"href":"https:\/\/www.greenpeace.org\/canada\/fr\/wp-json\/wp\/v2\/comments?post=53161"}],"version-history":[{"count":2,"href":"https:\/\/www.greenpeace.org\/canada\/fr\/wp-json\/wp\/v2\/posts\/53161\/revisions"}],"predecessor-version":[{"id":53163,"href":"https:\/\/www.greenpeace.org\/canada\/fr\/wp-json\/wp\/v2\/posts\/53161\/revisions\/53163"}],"wp:featuredmedia":[{"embeddable":true,"href":"https:\/\/www.greenpeace.org\/canada\/fr\/wp-json\/wp\/v2\/media\/53158"}],"wp:attachment":[{"href":"https:\/\/www.greenpeace.org\/canada\/fr\/wp-json\/wp\/v2\/media?parent=53161"}],"wp:term":[{"taxonomy":"category","embeddable":true,"href":"https:\/\/www.greenpeace.org\/canada\/fr\/wp-json\/wp\/v2\/categories?post=53161"},{"taxonomy":"post_tag","embeddable":true,"href":"https:\/\/www.greenpeace.org\/canada\/fr\/wp-json\/wp\/v2\/tags?post=53161"},{"taxonomy":"p4-page-type","embeddable":true,"href":"https:\/\/www.greenpeace.org\/canada\/fr\/wp-json\/wp\/v2\/p4-page-type?post=53161"}],"curies":[{"name":"wp","href":"https:\/\/api.w.org\/{rel}","templated":true}]}}