{"id":54799,"date":"2022-10-12T15:40:57","date_gmt":"2022-10-12T19:40:57","guid":{"rendered":"https:\/\/www.greenpeace.org\/canada\/?p=54799"},"modified":"2022-10-12T15:42:28","modified_gmt":"2022-10-12T19:42:28","slug":"pourquoi-les-leaders-de-ce-monde-doivent-sengager-a-proteger-la-biodiversite-lors-de-la-cop15-de-la-cdb","status":"publish","type":"post","link":"https:\/\/www.greenpeace.org\/canada\/fr\/blog-des-volontaires\/54799\/pourquoi-les-leaders-de-ce-monde-doivent-sengager-a-proteger-la-biodiversite-lors-de-la-cop15-de-la-cdb\/","title":{"rendered":"Pourquoi les leaders de ce monde doivent s&rsquo;engager \u00e0 prot\u00e9ger la biodiversit\u00e9 lors de la COP15 de la CDB"},"content":{"rendered":"\n<p>Le message de Greenpeace aux leaders du monde entier est clair : <a href=\"https:\/\/www.context.news\/nature\/opinion\/the-cop15-biodiversity-treaty-needs-a-hero-now\">si vous prenez la biodiversit\u00e9 au s\u00e9rieux, il est temps de vous inviter \u00e0 la COP15<\/a>.<\/p>\n\n<p>La COP15 de la Convention sur la diversit\u00e9 biologique (CDB), qui se tiendra \u00e0 Montr\u00e9al en d\u00e9cembre, est notre meilleure chance de prot\u00e9ger la biodiversit\u00e9 \u00e0 l&rsquo;\u00e9chelle mondiale et de mettre fin \u00e0 la crise de la biodiversit\u00e9 et aux extinctions massives qui menace toute vie sur terre.&nbsp;<\/p>\n\n<figure class=\"wp-block-image size-full\"><img loading=\"lazy\" decoding=\"async\" width=\"800\" height=\"533\" src=\"https:\/\/www.greenpeace.org\/static\/planet4-canada-stateless\/2022\/10\/eafe5747-gp0stu1r8_web_size_with_credit_line.jpg\" alt=\"\" class=\"wp-image-54778\" srcset=\"https:\/\/www.greenpeace.org\/static\/planet4-canada-stateless\/2022\/10\/eafe5747-gp0stu1r8_web_size_with_credit_line.jpg 800w, https:\/\/www.greenpeace.org\/static\/planet4-canada-stateless\/2022\/10\/eafe5747-gp0stu1r8_web_size_with_credit_line-300x200.jpg 300w, https:\/\/www.greenpeace.org\/static\/planet4-canada-stateless\/2022\/10\/eafe5747-gp0stu1r8_web_size_with_credit_line-768x512.jpg 768w, https:\/\/www.greenpeace.org\/static\/planet4-canada-stateless\/2022\/10\/eafe5747-gp0stu1r8_web_size_with_credit_line-510x340.jpg 510w\" sizes=\"auto, (max-width: 800px) 100vw, 800px\" \/><\/figure>\n\n<p>Greenpeace <a href=\"https:\/\/www.context.news\/nature\/opinion\/the-cop15-biodiversity-treaty-needs-a-hero-now\">appelle les n\u00e9gociateur\u00b7rices<\/a> \u00e0 cr\u00e9er des protections ambitieuses pour la faune en s\u2019engageant \u00e0 prot\u00e9ger plus de 30% de toutes les terres et mers d&rsquo;ici 2030 (une politique connue plus commun\u00e9ment sous le nom de 30\u00d730). Elle les invite \u00e9galement \u00e0 faire en sorte que les droits des peuples autochtones soient explicitement reconnus et respect\u00e9s tout au long des n\u00e9gociations en pla\u00e7ant les peuples autochtones et les communaut\u00e9s locales au centre de la prise de d\u00e9cision, de la gestion et du financement pour prot\u00e9ger la faune. &nbsp;<\/p>\n\n<p>Les n\u00e9gociateur\u00b7rice\u00b7s doivent \u00e9galement se r\u00e9unir pour aborder la fa\u00e7on dont diff\u00e9rentes nations mettront en \u0153uvre les plans propos\u00e9s en fonction de leur propre contexte. Le financement de la protection de la biodiversit\u00e9 est essentiel, d&rsquo;autant plus que bon nombre des pays les plus affect\u00e9s par la perte de biodiversit\u00e9 ont souffert de l&rsquo;oppression et de l&rsquo;extraction coloniales.<\/p>\n\n<p>Pourtant, bien que la COP15 de la CDB soit notre meilleure chance de prot\u00e9ger la biodiversit\u00e9 et que la crise de la biodiversit\u00e9 soit une menace aussi grave que les changements climatiques, la crise de la biodiversit\u00e9 et la COP15 de la CDB restent relativement m\u00e9connues. Il existe actuellement un risque s\u00e9rieux que cette chance de prot\u00e9ger l&rsquo;environnement nous \u00e9chappe. Des d\u00e9cennies plus tard, nous pourrions regarder en arri\u00e8re et regretter que les gouvernements n&rsquo;aient pas agi davantage.<\/p>\n\n<p>C&rsquo;est pourquoi nous demandons aux leaders politiques d&rsquo;agir aujourd&rsquo;hui. \u00c0 l&rsquo;heure actuelle, les n\u00e9gociations n\u2019avancent gu\u00e8re \u00e0 la COP15 de la CDB, et il y a un risque s\u00e9rieux que ces r\u00e9unions \u00e9chouent. La participation politique est essentielle pour pr\u00e9parer le terrain \u00e0 des actions ambitieuses. Qu&rsquo;il s&rsquo;agisse de la pollution par l&rsquo;ozone, des changements climatiques ou de la biodiversit\u00e9, il est clair que l\u2019\u00e9laboration de protections mondiales n\u00e9cessite un leadership de la part de nos dirigeant\u00b7es.<\/p>\n\n<figure class=\"wp-block-image size-large\"><img loading=\"lazy\" decoding=\"async\" width=\"1024\" height=\"684\" src=\"https:\/\/www.greenpeace.org\/static\/planet4-canada-stateless\/2022\/10\/20a7804a-gp0stqiy3-1024x684.jpg\" alt=\"\" class=\"wp-image-54781\" srcset=\"https:\/\/www.greenpeace.org\/static\/planet4-canada-stateless\/2022\/10\/20a7804a-gp0stqiy3-1024x684.jpg 1024w, https:\/\/www.greenpeace.org\/static\/planet4-canada-stateless\/2022\/10\/20a7804a-gp0stqiy3-300x200.jpg 300w, https:\/\/www.greenpeace.org\/static\/planet4-canada-stateless\/2022\/10\/20a7804a-gp0stqiy3-768x513.jpg 768w, https:\/\/www.greenpeace.org\/static\/planet4-canada-stateless\/2022\/10\/20a7804a-gp0stqiy3-510x340.jpg 510w, https:\/\/www.greenpeace.org\/static\/planet4-canada-stateless\/2022\/10\/20a7804a-gp0stqiy3.jpg 1200w\" sizes=\"auto, (max-width: 1024px) 100vw, 1024px\" \/><figcaption><em>Des ibis \u00e9carlates volent au-dessus des basses terres inond\u00e9es \u00e0 environ 30 km au sud-ouest de Bom Amigo, pr\u00e8s de la c\u00f4te br\u00e9silienne.<\/em><\/figcaption><\/figure>\n\n<p>La biodiversit\u00e9 est un enjeu qui est appel\u00e9 \u00e0 prendre une importance grandissante sur la sc\u00e8ne mondiale dans les d\u00e9cennies \u00e0 venir. <a href=\"https:\/\/www.who.int\/news-room\/fact-sheets\/detail\/biodiversity-and-health\">La vie humaine d\u00e9pend de la biodiversit\u00e9<\/a>. Lorsque la biodiversit\u00e9 s\u2019effondre, notre population lui emboite le pas. La biodiversit\u00e9 est essentielle \u00e0 notre sant\u00e9, \u00e0 notre soci\u00e9t\u00e9 et \u00e0 nos \u00e9conomies \u2013 de la <a href=\"https:\/\/www.google.com.hk\/url?sa=t&amp;rct=j&amp;q=&amp;esrc=s&amp;source=web&amp;cd=&amp;cad=rja&amp;uact=8&amp;ved=2ahUKEwjyotHl8Mv6AhWUCYgKHVPTAbQQFnoECAoQAQ&amp;url=https:\/\/www.climatechangenews.com\/2022\/02\/18\/amazon-indigenous-community-restores-giant-freshwater-fish-and-thrives\/&amp;usg=AOvVaw3c0JJFDW_fgxCByWuS7wod\">p\u00eache locale<\/a> \u00e0 la <a href=\"https:\/\/www.bloomberg.com\/news\/articles\/2022-09-28\/moody-s-1-9-trillion-warning-over-biodiversity-green-insight\">finance mondiale<\/a>. La biodiversit\u00e9 est \u00e9galement l&rsquo;une des principales sources de solutions au changement climatique, c\u2019est-\u00e0-dire les fa\u00e7ons dont nous allons att\u00e9nuer les effets de notre climat en \u00e9volution et nous y adapter.&nbsp;<\/p>\n\n<p>Le moment d\u00e9cisif pour la biodiversit\u00e9 mondiale et notre avenir collectif ici sur terre est maintenant.<br>Consid\u00e9rez ceci comme une invitation ouverte \u00e0 agir en faveur de la biodiversit\u00e9. Nous demandons donc aux leaders de ce monde : la nature peut-elle compter sur vous \u00e0 Montr\u00e9al?<\/p>\n\n<p><em>August Rick est responsable des communications internationales chez Greenpeace Asie de l\u2019Est<\/em><\/p>\n","protected":false},"excerpt":{"rendered":"<p>Le message de Greenpeace aux leaders du monde entier est clair : si vous prenez la biodiversit\u00e9 au s\u00e9rieux, il est temps de vous inviter \u00e0 la COP15.<\/p>\n","protected":false},"author":102,"featured_media":54800,"comment_status":"closed","ping_status":"closed","sticky":false,"template":"","format":"standard","meta":{"ep_exclude_from_search":false,"p4_og_title":"","p4_og_description":"","p4_og_image":"","p4_og_image_id":"","p4_seo_canonical_url":"","p4_campaign_name":"not set","p4_local_project":"not set","p4_basket_name":"not set","p4_department":"","footnotes":""},"categories":[19],"tags":[40,41,43,46],"p4-page-type":[],"class_list":["post-54799","post","type-post","status-publish","format-standard","has-post-thumbnail","hentry","category-nature-fr","tag-autochtones","tag-climat","tag-forets","tag-oceans-fr"],"_links":{"self":[{"href":"https:\/\/www.greenpeace.org\/canada\/fr\/wp-json\/wp\/v2\/posts\/54799","targetHints":{"allow":["GET"]}}],"collection":[{"href":"https:\/\/www.greenpeace.org\/canada\/fr\/wp-json\/wp\/v2\/posts"}],"about":[{"href":"https:\/\/www.greenpeace.org\/canada\/fr\/wp-json\/wp\/v2\/types\/post"}],"author":[{"embeddable":true,"href":"https:\/\/www.greenpeace.org\/canada\/fr\/wp-json\/wp\/v2\/users\/102"}],"replies":[{"embeddable":true,"href":"https:\/\/www.greenpeace.org\/canada\/fr\/wp-json\/wp\/v2\/comments?post=54799"}],"version-history":[{"count":2,"href":"https:\/\/www.greenpeace.org\/canada\/fr\/wp-json\/wp\/v2\/posts\/54799\/revisions"}],"predecessor-version":[{"id":54804,"href":"https:\/\/www.greenpeace.org\/canada\/fr\/wp-json\/wp\/v2\/posts\/54799\/revisions\/54804"}],"wp:featuredmedia":[{"embeddable":true,"href":"https:\/\/www.greenpeace.org\/canada\/fr\/wp-json\/wp\/v2\/media\/54800"}],"wp:attachment":[{"href":"https:\/\/www.greenpeace.org\/canada\/fr\/wp-json\/wp\/v2\/media?parent=54799"}],"wp:term":[{"taxonomy":"category","embeddable":true,"href":"https:\/\/www.greenpeace.org\/canada\/fr\/wp-json\/wp\/v2\/categories?post=54799"},{"taxonomy":"post_tag","embeddable":true,"href":"https:\/\/www.greenpeace.org\/canada\/fr\/wp-json\/wp\/v2\/tags?post=54799"},{"taxonomy":"p4-page-type","embeddable":true,"href":"https:\/\/www.greenpeace.org\/canada\/fr\/wp-json\/wp\/v2\/p4-page-type?post=54799"}],"curies":[{"name":"wp","href":"https:\/\/api.w.org\/{rel}","templated":true}]}}