{"id":5501,"date":"2018-10-12T11:01:47","date_gmt":"2018-10-12T15:01:47","guid":{"rendered":"https:\/\/www.greenpeace.org\/canada\/?p=5501"},"modified":"2021-12-06T06:33:03","modified_gmt":"2021-12-06T11:33:03","slug":"lincroyable-discours-dune-jeune-sage","status":"publish","type":"post","link":"https:\/\/www.greenpeace.org\/canada\/fr\/blog-des-volontaires\/5501\/lincroyable-discours-dune-jeune-sage\/","title":{"rendered":"L\u2019incroyable discours d\u2019une jeune sage\u2026"},"content":{"rendered":"<p><span style=\"font-weight: 400;\">En septembre, vous vous en souvenez peut-\u00eatre, nous sommes all\u00e9-e-s en Finlande pour faire acte de solidarit\u00e9 avec les Samis, des peuples autochtones qui vivent dans la for\u00eat bor\u00e9ale finlandaise. <\/span><\/p>\n<p><span style=\"font-weight: 400;\">Par \u201cnous\u201d, j\u2019entends des membres de la communaut\u00e9 crie du Canada: <\/span><span style=\"font-weight: 400;\">Mandy Gull, Grande Chef adjointe de la Nation crie; Kaitlynn Hester-Moses, Grande Chef des jeunes de la Nation crie<\/span><span style=\"font-weight: 400;\">; Clayton Thomas-Muller, activiste pour la justice climatique et membre de la Nation crie de Mathias Colomb (Pukatawagan). Et moi-m\u00eame, Philippa, charg\u00e9e de campagne for\u00eat pour Greenpeace Canada. <\/span><\/p>\n<p><span style=\"font-weight: 400;\">La communaut\u00e9 Samie lutte pour emp\u00eacher la construction d\u2019un chemin de fer industriel qui traverserait la for\u00eat et d\u00e9truirait des terres que les Samis et Greenpeace cherchent \u00e0 prot\u00e9ger depuis des ann\u00e9es. Ce projet a \u00e9t\u00e9 propos\u00e9 par le gouvernement finlandais, sans obtenir au pr\u00e9alable le consentement libre et \u00e9clair\u00e9 des Samis. <\/span><\/p>\n<p><span style=\"font-weight: 400;\">Un jour, alors que nous \u00e9tions \u00e0 un \u00e9v\u00e9nement public \u00e0 Inari, en Finlande, Kaitlynn a prononc\u00e9 un discours, dont les mots sont all\u00e9s droit au coeur des Samis et de toutes celles et ceux qui travaillent avec les peuples autochtones pour prot\u00e9ger les for\u00eats et le climat. <\/span><\/p>\n<p>J&rsquo;aimerais vous partager ses mots&#8230;<\/p>\n<div id=\"attachment_5502\" style=\"width: 310px\" class=\"wp-caption aligncenter\"><img loading=\"lazy\" decoding=\"async\" aria-describedby=\"caption-attachment-5502\" class=\"size-medium wp-image-5502\" src=\"https:\/\/www.greenpeace.org\/static\/planet4-canada-stateless\/2018\/10\/98cc96b8-gp0stsdv3_web_size_with_credit_line-300x200.jpg\" alt=\"\" width=\"300\" height=\"200\" srcset=\"https:\/\/www.greenpeace.org\/static\/planet4-canada-stateless\/2018\/10\/98cc96b8-gp0stsdv3_web_size_with_credit_line-300x200.jpg 300w, https:\/\/www.greenpeace.org\/static\/planet4-canada-stateless\/2018\/10\/98cc96b8-gp0stsdv3_web_size_with_credit_line-768x512.jpg 768w, https:\/\/www.greenpeace.org\/static\/planet4-canada-stateless\/2018\/10\/98cc96b8-gp0stsdv3_web_size_with_credit_line-510x340.jpg 510w, https:\/\/www.greenpeace.org\/static\/planet4-canada-stateless\/2018\/10\/98cc96b8-gp0stsdv3_web_size_with_credit_line.jpg 800w\" sizes=\"auto, (max-width: 300px) 100vw, 300px\" \/><p id=\"caption-attachment-5502\" class=\"wp-caption-text\"><em><span style=\"font-weight: 400;\">Kaitlynn Hester-Moses, Grande Chef des jeunes de la Nation crie<\/span><\/em><\/p><\/div>\n<p><i><span style=\"font-weight: 400;\">\u201cWachiya, bonjour \u00e0 tous et \u00e0 toutes. <\/span><\/i><\/p>\n<p><i><span style=\"font-weight: 400;\">C\u2019est un grand honneur et un immense plaisir d\u2019\u00eatre l\u00e0 avec vous. Je suis venue ici, emplie de curiosit\u00e9 et d\u2019excitation, pour en apprendre davantage sur votre culture et lutter \u00e0 vos c\u00f4t\u00e9s. Avant que je n\u2019entame mon discours, j\u2019aimerais me pr\u00e9senter. Je m\u2019appelle <\/span><\/i><i><span style=\"font-weight: 400;\">Kaitlynn Hester Moses, et je suis une jeune chef<\/span><\/i><i><span style=\"font-weight: 400;\"> de la jeunesse au sein de ma communaut\u00e9. Mon r\u00f4le est Grande Chef des jeunes de la Nation crie, au nord du Qu\u00e9bec, au Canada. <\/span><\/i><\/p>\n<p><i><span style=\"font-weight: 400;\">Je vais faire court pour vous raconter une longue histoire, lors de laquelle nos jeunes ont touch\u00e9 le monde en plein coeur, simplement en luttant pour une cause en laquelle ils croyaient, quelque chose qui valait la peine de se battre. Le Voyage de Nishiyuu est celui de six jeunes marcheurs qui sont partis de leur communaut\u00e9 de <\/span><\/i><i><span style=\"font-weight: 400;\">Whapmagoostui pour rejoindre Ottawa. Lorsqu\u2019ils sont partis, ils \u00e9taient 6 marcheurs et un guide. \u00c0 leur arriv\u00e9e, ils \u00e9taient accompagn\u00e9s de centaines de Cris et de membres d\u2019autres nations. Leur p\u00e9riple a dur\u00e9 plus de 1 600 kms. Leur objectif \u00e9tait de lutter pour les besoins de la jeunesse dans leur communaut\u00e9, ainsi que de soutenir le mouvement \u201cIdle No More\u201d. Cela s\u2019est pass\u00e9 en 2013. L\u2019un des marcheurs fait aujourd\u2019hui partie de mon Conseil. Il fait partie des jeunes chefs de sa communaut\u00e9. Ce p\u00e9riple a commenc\u00e9 avec 6 marcheurs et un ancien. Il a fini avec des centaines de Premi\u00e8res Nations. Voici \u00e0 quel point la jeunesse est puissante lorsqu\u2019elle s\u2019unit. <\/span><\/i><\/p>\n<p><i><span style=\"font-weight: 400;\">\u00c0 mes ami-e-s Samis, vous avez une terre, une culture et une langue magnifiques. Vous avez \u00e9t\u00e9 entendus \u00e0 travers le monde. Nous sommes ici pour lutter \u00e0 vos c\u00f4t\u00e9s. N\u2019ayez pas peur de faire front pour prot\u00e9ger vos traditions, votre culture, et votre identit\u00e9, car c\u2019est votre droit. Vos traditions, votre culture et votre identit\u00e9 sont vos armes sacr\u00e9es les plus puissantes car elles vous prot\u00e8gent vous, votre peuple, et votre mani\u00e8re de vivre. Ces rivi\u00e8res coulent dans vos veines et ces arbres sont l\u2019air dans vos poumons. Vos anc\u00eatres sont les battements de votre coeur, car c\u2019est votre vie. Cet endroit est votre foyer. <\/span><\/i><\/p>\n<p><i><span style=\"font-weight: 400;\">La jeunesse est puissante. Ses actions parlent plus fort que ses mots. Les jeunes ne sont pas seulement des leaders, ils contribuent aussi \u00e0 leurs terres. Ils rendront hommage \u00e0 votre culture et la transmettront aux futures g\u00e9n\u00e9rations, ils raconteront les histoires de votre peuple, ils apprendront de vos exp\u00e9riences et de vos sacrifices. Leur savoir vient de ce que vous leur montrez et leur racontez. Et ils le transmettront \u00e0 vos enfants. La voix d\u2019un jeune r\u00e9sonne aussi fort que le rugissement d\u2019un lion et se propage comme le tonnerre. Cela nous a pris du temps, de d\u00e9velopper une voix forte. Et maintenant que nous l\u2019avons, nous ne resterons pas silencieux. Lorsque les jeunesses se soul\u00e8vent, le changement est en marche. Car si nous ne luttons pas, qui le fera? <\/span><\/i><\/p>\n<p><i><span style=\"font-weight: 400;\">Merci, de m\u2019avoir ouvert les yeux et d\u2019avoir touch\u00e9 mon coeur. Vous m\u2019avez appris que si un peuple autochtone fait face \u00e0 un probl\u00e8me, nous y faisons tous face. Votre lutte est aussi la mienne. Nous nous tiendrons \u00e0 vos c\u00f4t\u00e9s, et m\u00eame lorsque nous rentrerons chez nous, je continuerai \u00e0 me battre. Nous ne vous oublierons pas. Mon coeur sera avec vous. <\/span><\/i><\/p>\n<p><i><span style=\"font-weight: 400;\">J\u2019esp\u00e8re que ce message vous apportera force, courage et espoir, et j\u2019esp\u00e8re qu\u2019il vous inspirera. Vous \u00eates le peuple Sami, rien ni personne ne pourra vous enlever ceci. Merci \u00e0 tous et \u00e0 toutes, et que Dieu vous b\u00e9nisse\u201d. <\/span><\/i><\/p>\n<p><span style=\"font-weight: 400;\">Ces mots d\u2019une incroyable sagesse m\u00e9ritent d\u2019\u00eatre entendus. S\u2019il vous pla\u00eet, s\u2019il vous pla\u00eet <a href=\"https:\/\/www.facebook.com\/sharer\/sharer.php?u=https%3A\/\/www.greenpeace.org\/canada\/fr\/histoires\/5501\/lincroyable-discours-dune-jeune-sage\/\">partagez<\/a> ce discours pour dire au monde que le courage et la t\u00e9nacit\u00e9 sont les seules qualit\u00e9s dont nous avons besoin pour le rendre meilleur. <\/span><\/p>\n<p><a href=\"https:\/\/www.facebook.com\/sharer\/sharer.php?u=https%3A\/\/www.greenpeace.org\/canada\/fr\/histoires\/5501\/lincroyable-discours-dune-jeune-sage\/\">Partagez sur Facebook<\/a><\/p>\n<p><span style=\"font-weight: 400;\">Merci,<\/span><\/p>\n<p><span style=\"font-weight: 400;\">Philippa<\/span><\/p>\n\t\t\t<section\n\t\t\tclass=\"boxout post-2575 \"\n\t\t\t\n\t\t>\n\t\t\t<a\n\t\t\t\tdata-ga-category=\"Take Action Boxout\"\n\t\t\t\tdata-ga-action=\"Image\"\n\t\t\t\tdata-ga-label=\"n\/a\"\n\t\t\t\tclass=\"cover-card-overlay\"\n\t\t\t\thref=\"https:\/\/www.greenpeace.org\/canada\/fr\/protegez-le-caribou-boreal\/\" \n\t\t\t><\/a>\n\t\t\t\t\t\t\t<img\n\t\t\t\t\t\tsrc=\"https:\/\/www.greenpeace.org\/static\/planet4-canada-stateless\/2018\/06\/GP03QUW-1024x1024.jpg\"\n\t\t\t\t\t\tsrcset=\"https:\/\/www.greenpeace.org\/static\/planet4-canada-stateless\/2018\/06\/GP03QUW-300x300.jpg 300w, https:\/\/www.greenpeace.org\/static\/planet4-canada-stateless\/2018\/06\/GP03QUW-150x150.jpg 150w, https:\/\/www.greenpeace.org\/static\/planet4-canada-stateless\/2018\/06\/GP03QUW-768x768.jpg 768w, https:\/\/www.greenpeace.org\/static\/planet4-canada-stateless\/2018\/06\/GP03QUW-1024x1024.jpg 1024w, https:\/\/www.greenpeace.org\/static\/planet4-canada-stateless\/2018\/06\/GP03QUW-340x340.jpg 340w, https:\/\/www.greenpeace.org\/static\/planet4-canada-stateless\/2018\/06\/GP03QUW.jpg 1200w\"\n\t\t\t\t\t\tsizes=\"(min-width: 1000px) 358px, (min-width: 780px) 313px, 88px\"\n\t\t\t\t\t\talt=\"Woodland Caribou in Canada\" title=\"Woodland Caribou in Canada\"\n\t\t\t\t\/>\n            \t\t\t<div class=\"boxout-content\">\n\t\t\t\t\t\t\t\t\t<a\n\t\t\t\t\t\tclass=\"boxout-heading medium\"\n\t\t\t\t\t\tdata-ga-category=\"Take Action Boxout\"\n\t\t\t\t\t\tdata-ga-action=\"Title\"\n\t\t\t\t\t\tdata-ga-label=\"n\/a\"\n\t\t\t\t\t\thref=\"https:\/\/www.greenpeace.org\/canada\/fr\/protegez-le-caribou-boreal\/\"\n\t\t\t\t\t\t\n\t\t\t\t\t>\n\t\t\t\t\t\tProt\u00e9gez le caribou bor\u00e9al\n\t\t\t\t\t<\/a>\n\t\t\t\t\t\t\t\t\t\t\t\t\t<p class=\"boxout-excerpt\">\u00c0 travers le pays, les hardes de caribous font face \u00e0 un d\u00e9clin alarmant et risquent m\u00eame l\u2019extinction dans certaines zones.<\/p>\n\t\t\t\t                                    <a\n                        class=\"btn btn-primary\"\n                        data-ga-category=\"Take Action Boxout\"\n                        data-ga-action=\"Call to Action\"\n                        data-ga-label=\"n\/a\"\n                        href=\"https:\/\/www.greenpeace.org\/canada\/fr\/protegez-le-caribou-boreal\/\"\n                        \n                    >\n                        Passer \u00e0 l&#039;action\n                    <\/a>\n                \t\t\t<\/div>\n\t\t\t\t\t<\/section>\n\t","protected":false},"excerpt":{"rendered":"<p>En septembre, vous vous en souvenez peut-\u00eatre, nous sommes all\u00e9-e-s en Finlande pour faire acte de solidarit\u00e9 avec les Samis, des peuples autochtones qui vivent dans la for\u00eat bor\u00e9ale finlandaise.&hellip;<\/p>\n","protected":false},"author":34,"featured_media":5502,"comment_status":"open","ping_status":"open","sticky":false,"template":"","format":"standard","meta":{"ep_exclude_from_search":false,"p4_og_title":"","p4_og_description":"","p4_og_image":"","p4_og_image_id":"","p4_seo_canonical_url":"","p4_campaign_name":"","p4_local_project":"","p4_basket_name":"","p4_department":"","footnotes":""},"categories":[19],"tags":[40,43],"p4-page-type":[],"class_list":["post-5501","post","type-post","status-publish","format-standard","has-post-thumbnail","hentry","category-nature-fr","tag-autochtones","tag-forets"],"_links":{"self":[{"href":"https:\/\/www.greenpeace.org\/canada\/fr\/wp-json\/wp\/v2\/posts\/5501","targetHints":{"allow":["GET"]}}],"collection":[{"href":"https:\/\/www.greenpeace.org\/canada\/fr\/wp-json\/wp\/v2\/posts"}],"about":[{"href":"https:\/\/www.greenpeace.org\/canada\/fr\/wp-json\/wp\/v2\/types\/post"}],"author":[{"embeddable":true,"href":"https:\/\/www.greenpeace.org\/canada\/fr\/wp-json\/wp\/v2\/users\/34"}],"replies":[{"embeddable":true,"href":"https:\/\/www.greenpeace.org\/canada\/fr\/wp-json\/wp\/v2\/comments?post=5501"}],"version-history":[{"count":5,"href":"https:\/\/www.greenpeace.org\/canada\/fr\/wp-json\/wp\/v2\/posts\/5501\/revisions"}],"predecessor-version":[{"id":51411,"href":"https:\/\/www.greenpeace.org\/canada\/fr\/wp-json\/wp\/v2\/posts\/5501\/revisions\/51411"}],"wp:featuredmedia":[{"embeddable":true,"href":"https:\/\/www.greenpeace.org\/canada\/fr\/wp-json\/wp\/v2\/media\/5502"}],"wp:attachment":[{"href":"https:\/\/www.greenpeace.org\/canada\/fr\/wp-json\/wp\/v2\/media?parent=5501"}],"wp:term":[{"taxonomy":"category","embeddable":true,"href":"https:\/\/www.greenpeace.org\/canada\/fr\/wp-json\/wp\/v2\/categories?post=5501"},{"taxonomy":"post_tag","embeddable":true,"href":"https:\/\/www.greenpeace.org\/canada\/fr\/wp-json\/wp\/v2\/tags?post=5501"},{"taxonomy":"p4-page-type","embeddable":true,"href":"https:\/\/www.greenpeace.org\/canada\/fr\/wp-json\/wp\/v2\/p4-page-type?post=5501"}],"curies":[{"name":"wp","href":"https:\/\/api.w.org\/{rel}","templated":true}]}}