{"id":55044,"date":"2022-11-03T18:12:19","date_gmt":"2022-11-03T22:12:19","guid":{"rendered":"https:\/\/www.greenpeace.org\/canada\/?p=55044"},"modified":"2022-11-04T14:48:48","modified_gmt":"2022-11-04T18:48:48","slug":"votre-dose-de-bonnes-nouvelles-3","status":"publish","type":"post","link":"https:\/\/www.greenpeace.org\/canada\/fr\/story\/55044\/votre-dose-de-bonnes-nouvelles-3\/","title":{"rendered":"Votre Dose de Bonnes Nouvelles!"},"content":{"rendered":"\n<p>On n&rsquo;est jamais aussi bien que chez soi.<\/p>\n\n<p>Peut-\u00eatre que cela signifie la vue famili\u00e8re d&rsquo;une montagne ou le ciel infini des prairies. Peut-\u00eatre y a-t-il un citronnier dans le jardin ou des m\u00e9sanges qui chantent dans le pin devant la maison. Peut-\u00eatre le parfum des lilas au printemps ou la brise sal\u00e9e de l&rsquo;oc\u00e9an toute l&rsquo;ann\u00e9e.<\/p>\n\n<p>Ce qu\u2019on consid\u00e8re comme chez soi peut \u00eatre diff\u00e9rent pour chacun\u00b7e d&rsquo;entre nous, et pourtant, nous partageons tous cette belle plan\u00e8te.<\/p>\n\n<p>Il y a beaucoup de personnes qui travaillent pour prot\u00e9ger ce que nous aimons. Poursuivez votre lecture pour conna\u00eetre les histoires et les d\u00e9veloppements les plus r\u00e9cents. Vous trouverez quelques recommandations de contenu vers la fin pour vous faire sourire!<\/p>\n\n<h2 class=\"has-text-align-center wp-block-heading\">LES FAITS MARQUANTS DU MOIS<\/h2>\n\n<h3 class=\"has-text-align-center wp-block-heading\">La Nouvelle-Z\u00e9lande agit pour l&rsquo;oc\u00e9an<\/h3>\n\n<figure class=\"wp-block-image aligncenter size-full is-resized\"><img loading=\"lazy\" decoding=\"async\" src=\"https:\/\/www.greenpeace.org\/static\/planet4-canada-stateless\/2022\/11\/95c2dbc6-gp1swpp3_web_size_with_credit_line.jpg\" alt=\"\" class=\"wp-image-55045\" width=\"688\" height=\"516\" srcset=\"https:\/\/www.greenpeace.org\/static\/planet4-canada-stateless\/2022\/11\/95c2dbc6-gp1swpp3_web_size_with_credit_line.jpg 800w, https:\/\/www.greenpeace.org\/static\/planet4-canada-stateless\/2022\/11\/95c2dbc6-gp1swpp3_web_size_with_credit_line-300x225.jpg 300w, https:\/\/www.greenpeace.org\/static\/planet4-canada-stateless\/2022\/11\/95c2dbc6-gp1swpp3_web_size_with_credit_line-768x576.jpg 768w, https:\/\/www.greenpeace.org\/static\/planet4-canada-stateless\/2022\/11\/95c2dbc6-gp1swpp3_web_size_with_credit_line-453x340.jpg 453w\" sizes=\"auto, (max-width: 688px) 100vw, 688px\" \/><figcaption><em>En 2021, Greenpeace Aotearoa a d\u00e9voil\u00e9 \u00e0 Auckland une sculpture d&rsquo;albatros r\u00e9alis\u00e9e \u00e0 partir de bouteilles en plastique \u00e0 usage unique. Cette \u0153uvre s&rsquo;inscrit dans le cadre d&rsquo;un appel \u00e0 l&rsquo;interdiction des plastiques \u00e0 usage unique.<\/em><\/figcaption><\/figure>\n\n<div class=\"wp-block-group is-layout-flow wp-block-group-is-layout-flow\">\n<p><strong>La Nouvelle-Z\u00e9lande fait des vagues pour prot\u00e9ger les oc\u00e9ans!<\/strong><\/p>\n\n\n\n<p>Pour commencer,<strong> le gouvernement a d\u00e9cid\u00e9 d&rsquo;\u00e9tendre son interdiction des plastiques \u00e0 usage unique! <\/strong>En 2021, le gouvernement a annonc\u00e9 qu&rsquo;il \u00e9liminerait la plupart des plastiques \u00e0 usage unique d&rsquo;ici 2025. Dans le cadre de ce plan, il a \u00e9largi son interdiction pour cibler davantage de plastiques, comme les b\u00e2tonnets \u00e0 m\u00e9langer \u00e0 usage unique et certains types d&#8217;emballages de plats \u00e0 emporter.[1] D&rsquo;autres articles seront progressivement \u00e9limin\u00e9s en 2023, notamment les ustensiles \u00e0 usage unique et les sacs de fruits et l\u00e9gumes.&nbsp;<\/p>\n\n\n\n<p>Et comme si cette nouvelle n&rsquo;\u00e9tait pas assez prometteuse, <strong>le gouvernement vient aussi d&rsquo;annoncer qu&rsquo;il soutient un moratoire conditionnel sur l&rsquo;exploitation mini\u00e8re en eaux profondes dans les eaux internationales![2] <\/strong>Avec la r\u00e9union de l&rsquo;Autorit\u00e9 internationale des fonds marins au d\u00e9but novembre, l&rsquo;annonce ne pouvait pas mieux tomber. La conf\u00e9rence comprendra probablement des discussions sur la r\u00e9glementation de l&rsquo;exploitation mini\u00e8re en eaux profondes, et la position de la Nouvelle-Z\u00e9lande pourrait encourager d&rsquo;autres gouvernements \u00e0 soutenir un moratoire jusqu&rsquo;\u00e0 ce que des r\u00e8gles plus strictes soient \u00e9tablies.<\/p>\n\n\n\n<p>L&rsquo;exploitation mini\u00e8re et la pollution plastique repr\u00e9sentent des menaces consid\u00e9rables pour la sant\u00e9 des oc\u00e9ans, et nous nous r\u00e9jouissons de ces avanc\u00e9es significatives dans la bonne direction. Il reste encore beaucoup \u00e0 faire, mais comme ces victoires nous le montrent,<strong> il n&rsquo;y a pas de limite \u00e0 ce que nous pouvons accomplir lorsque nous travaillons ensemble!<\/strong> Il suffit de regarder les chiffres. Plus de 16 000 personnes ont sign\u00e9 des p\u00e9titions ou \u00e9crit des courriels demandant au gouvernement d&rsquo;adopter un moratoire sur l&rsquo;exploitation mini\u00e8re en eaux profondes.[3] De son c\u00f4t\u00e9, Greenpeace a lanc\u00e9 plus t\u00f4t cette ann\u00e9e une p\u00e9tition visant \u00e0 interdire les bouteilles en plastique \u00e0 usage unique, qui a recueilli plus de 100 000 signatures.[4] <strong>Nos messages sont clairs et cr\u00e9ent un \u00e9lan pour prot\u00e9ger les oc\u00e9ans!<\/strong><\/p>\n<\/div>\n\n<hr class=\"wp-block-separator has-alpha-channel-opacity\"\/>\n\n<h3 class=\"has-text-align-center wp-block-heading\">La d\u00e9faite du <em>Dirty Deal<\/em><\/h3>\n\n<figure class=\"wp-block-image aligncenter size-full is-resized\"><img loading=\"lazy\" decoding=\"async\" src=\"https:\/\/www.greenpeace.org\/static\/planet4-canada-stateless\/2022\/11\/789b800f-gp1t01mo_web_size_with_credit_line.jpg\" alt=\"\" class=\"wp-image-55048\" width=\"697\" height=\"464\" srcset=\"https:\/\/www.greenpeace.org\/static\/planet4-canada-stateless\/2022\/11\/789b800f-gp1t01mo_web_size_with_credit_line.jpg 800w, https:\/\/www.greenpeace.org\/static\/planet4-canada-stateless\/2022\/11\/789b800f-gp1t01mo_web_size_with_credit_line-300x200.jpg 300w, https:\/\/www.greenpeace.org\/static\/planet4-canada-stateless\/2022\/11\/789b800f-gp1t01mo_web_size_with_credit_line-768x512.jpg 768w, https:\/\/www.greenpeace.org\/static\/planet4-canada-stateless\/2022\/11\/789b800f-gp1t01mo_web_size_with_credit_line-510x340.jpg 510w\" sizes=\"auto, (max-width: 697px) 100vw, 697px\" \/><figcaption><em>Le 29 septembre, un groupe de leaders du milieu environnemental et de la soci\u00e9t\u00e9 civile a manifest\u00e9 au Capitole, appelant le S\u00e9nat \u00e0 rejeter une proposition l\u00e9gislative favorable aux projets de combustibles fossiles. Sur la photo, la co-directrice g\u00e9n\u00e9rale de Greenpeace \u00c9tats-Unis, Ebony Twilley Martin.<\/em><\/figcaption><\/figure>\n\n<div class=\"wp-block-group is-layout-flow wp-block-group-is-layout-flow\">\n<p>Greenpeace \u00c9tats-Unis c\u00e9l\u00e8bre une victoire dans sa lutte contre un projet de loi qui aurait port\u00e9 atteinte aux protections environnementales. [5]&nbsp;<\/p>\n\n\n\n<p>La proposition en question aurait min\u00e9 le <em>National Environmental Policy Act<\/em>, une loi qui exige des agences f\u00e9d\u00e9rales qu&rsquo;elles proc\u00e8dent \u00e0 des \u00e9valuations environnementales et consultent les populations locales avant tout projet de d\u00e9veloppement. [6] <strong>En affaiblissant ces protections, la l\u00e9gislation aurait acc\u00e9l\u00e9r\u00e9 le d\u00e9veloppement de projets p\u00e9troliers et gaziers aux \u00c9tats-Unis. [7] <\/strong>Ce faisant, elle aurait \u00e9galement exacerb\u00e9 les injustices environnementales en \u00e9touffant la voix des populations en premi\u00e8re ligne qui font principalement les frais de la pollution engendr\u00e9e par les combustibles fossiles.<\/p>\n\n\n\n<p>L&rsquo;accord a \u00e9t\u00e9 propos\u00e9 en septembre et devait \u00eatre assorti d&rsquo;une mesure de financement. Pendant deux mois, Greenpeace a travaill\u00e9 sans rel\u00e2che aux c\u00f4t\u00e9s d&rsquo;autres organisations environnementales et de la soci\u00e9t\u00e9 civile pour emp\u00eacher son inclusion dans le projet de loi sur les d\u00e9penses. Des sympathisant\u00b7es de Greenpeace ont envoy\u00e9 plus de 100000 messages au Congr\u00e8s en organisant des centres de t\u00e9l\u00e9sollicitation et en diffusant des messages sur les r\u00e9seaux sociaux. Des b\u00e9n\u00e9voles ont \u00e9galement visit\u00e9 les bureaux de leurs repr\u00e9sentant\u00b7es au Congr\u00e8s, tandis que le personnel de Greenpeace a pris la parole lors de la Convention nationale d\u00e9mocrate.<\/p>\n\n\n\n<p>Et ces efforts ont port\u00e9 fruit! La proposition a \u00e9t\u00e9 retir\u00e9e du projet de loi sur les d\u00e9penses avant la tenue du vote.&nbsp;<\/p>\n\n\n\n<p>C&rsquo;est une victoire pour toutes les personnes qui se sont mobilis\u00e9es pour d\u00e9fendre les int\u00e9r\u00eats publics contre ceux des grandes compagnies p\u00e9troli\u00e8res! Selon nous, il ne s\u2019agira probablement pas de la derni\u00e8re atteinte aux mesures essentielles de protection environnementale, mais m\u00eame si les d\u00e9cideur\u00b7ses tentent de faire passer des lois plus favorables aux entreprises fossiles, Greenpeace se tiendra pr\u00eate \u00e0 riposter.<\/p>\n<\/div>\n\n<hr class=\"wp-block-separator has-alpha-channel-opacity is-style-wide\"\/>\n\n<h2 class=\"has-text-align-center wp-block-heading\">MISES \u00c0 JOUR<\/h2>\n\n<h3 class=\"has-text-align-center wp-block-heading\">Le Parlement europ\u00e9en vote en faveur de la loi sur les for\u00eats<\/h3>\n\n<figure class=\"wp-block-image aligncenter size-full is-resized\"><img loading=\"lazy\" decoding=\"async\" src=\"https:\/\/www.greenpeace.org\/static\/planet4-canada-stateless\/2022\/11\/f8b6e218-gp1suh7k_web_size_with_credit_line.jpg\" alt=\"\" class=\"wp-image-55051\" width=\"606\" height=\"434\" srcset=\"https:\/\/www.greenpeace.org\/static\/planet4-canada-stateless\/2022\/11\/f8b6e218-gp1suh7k_web_size_with_credit_line.jpg 800w, https:\/\/www.greenpeace.org\/static\/planet4-canada-stateless\/2022\/11\/f8b6e218-gp1suh7k_web_size_with_credit_line-300x215.jpg 300w, https:\/\/www.greenpeace.org\/static\/planet4-canada-stateless\/2022\/11\/f8b6e218-gp1suh7k_web_size_with_credit_line-768x550.jpg 768w, https:\/\/www.greenpeace.org\/static\/planet4-canada-stateless\/2022\/11\/f8b6e218-gp1suh7k_web_size_with_credit_line-475x340.jpg 475w\" sizes=\"auto, (max-width: 606px) 100vw, 606px\" \/><figcaption><em>En octobre 2020, Greenpeace Autriche a utilis\u00e9 une projection vid\u00e9o en 3D pour protester contre les incendies en Amazonie \u2013 des incendies qui ont \u00e9t\u00e9 aliment\u00e9s en partie par la demande internationale en viande, aliments pour animaux, min\u00e9raux et bois.<\/em><br><\/figcaption><\/figure>\n\n<div class=\"wp-block-group is-layout-flow wp-block-group-is-layout-flow\">\n<p><strong>Le Parlement europ\u00e9en a vot\u00e9 en faveur d&rsquo;une loi qui mettrait fin \u00e0 l&rsquo;importation de produits li\u00e9s \u00e0 la d\u00e9forestation et aux violations des droits humains.[8]<\/strong><\/p>\n\n\n\n<p>Fait important, le Parlement a vot\u00e9 plusieurs mesures visant \u00e0 renforcer les protections pr\u00e9vues par la loi.[9] Par exemple, les l\u00e9gislateur\u00b7rices ont propos\u00e9 une d\u00e9finition pr\u00e9cise de la \u00ab d\u00e9gradation des for\u00eats \u00bb afin de tenir compte des diff\u00e9rents types de pratiques d&rsquo;exploitation foresti\u00e8re et ont \u00e9galement approuv\u00e9 une liste plus \u00e9tendue de produits couverts par la loi afin de prendre en compte le caoutchouc et le cuir. En outre, le Parlement a vot\u00e9 pour que la loi s\u2019applique aussi aux institutions financi\u00e8res europ\u00e9ennes. Ainsi, les investissements des institutions seraient \u00e9valu\u00e9s pour s&rsquo;assurer qu&rsquo;ils ne soutiennent ni des projets ni des entreprises contribuant \u00e0 la d\u00e9forestation.<\/p>\n\n\n\n<p><strong>Les progr\u00e8s r\u00e9alis\u00e9s vis-\u00e0-vis de cette l\u00e9gislation sont un v\u00e9ritable t\u00e9moignage du #PouvoirPopulaire. <\/strong>En 2020, un nombre record de 1,1 million de personnes ont soumis des propositions lors d\u2019une consultation publique de l&rsquo;Union europ\u00e9enne (UE) sur la d\u00e9forestation.[10] Les activistes ont \u00e9galement utilis\u00e9 d\u2019autres moyens de communication innovants pour faire passer le message et attirer l&rsquo;attention sur la n\u00e9cessit\u00e9 d&rsquo;une telle loi. En octobre 2020, par exemple, Greenpeace Autriche a projet\u00e9 des images de la faune amazonienne sur des arbres devant la Karlskirche (une cath\u00e9drale de Vienne) pour sensibiliser le public aux incendies en Amazonie. Cette action a mis en \u00e9vidence le r\u00f4le que joue l&rsquo;UE dans ce type de d\u00e9forestation par ses importations de viande et de soja.<\/p>\n\n\n\n<p><strong>Aujourd&rsquo;hui, des n\u00e9gociations entre le Parlement europ\u00e9en, la Commission europ\u00e9enne et les gouvernements nationaux sont en cours pour r\u00e9diger une loi. <\/strong>Le mois dernier, Greenpeace et plus de 140 organisations de la soci\u00e9t\u00e9 civile ont publi\u00e9 une lettre ouverte appelant les responsables \u00e0 n\u00e9gocier une l\u00e9gislation forte.[11] Nous suivrons de pr\u00e8s les n\u00e9gociations pour nous assurer qu\u2019elles se soldent par des mesures l\u00e9gislatives qui prot\u00e8gent de mani\u00e8re concr\u00e8te les \u00e9cosyst\u00e8mes naturels.<\/p>\n<\/div>\n\n<hr class=\"wp-block-separator has-alpha-channel-opacity\"\/>\n\n<h3 class=\"has-text-align-center wp-block-heading\">Greenpeace r\u00e9clame la protection des jaguars<\/h3>\n\n<figure class=\"wp-block-image aligncenter size-full is-resized\"><img loading=\"lazy\" decoding=\"async\" src=\"https:\/\/www.greenpeace.org\/static\/planet4-canada-stateless\/2022\/11\/3868b34e-gp1t2o40_web_size_with_credit_line.jpg\" alt=\"\" class=\"wp-image-55054\" width=\"609\" height=\"406\" srcset=\"https:\/\/www.greenpeace.org\/static\/planet4-canada-stateless\/2022\/11\/3868b34e-gp1t2o40_web_size_with_credit_line.jpg 800w, https:\/\/www.greenpeace.org\/static\/planet4-canada-stateless\/2022\/11\/3868b34e-gp1t2o40_web_size_with_credit_line-300x200.jpg 300w, https:\/\/www.greenpeace.org\/static\/planet4-canada-stateless\/2022\/11\/3868b34e-gp1t2o40_web_size_with_credit_line-768x513.jpg 768w, https:\/\/www.greenpeace.org\/static\/planet4-canada-stateless\/2022\/11\/3868b34e-gp1t2o40_web_size_with_credit_line-510x340.jpg 510w\" sizes=\"auto, (max-width: 609px) 100vw, 609px\" \/><figcaption><em>Des activistes de Greenpeace ont grimp\u00e9 sur un pont pour d\u00e9noncer la d\u00e9forestation qui menace les jaguars en Argentine.<\/em><\/figcaption><\/figure>\n\n<p>Greenpeace Argentine se mobilise pour sauver les jaguars!&nbsp;<\/p>\n\n<p><strong>Le 24 octobre, 10 activistes de Greenpeace ont grimp\u00e9 sur un pont enjambant une rivi\u00e8re dans le Gran Chaco argentin. <\/strong>Le Gran Chaco est la deuxi\u00e8me plus grande for\u00eat d&rsquo;Am\u00e9rique du Sud et abrite une population de jaguars. Les activistes ont occup\u00e9 le pont pendant 13 heures, accrochant des banderoles pour promouvoir la protection de cette esp\u00e8ce en p\u00e9ril. Alors que le Gran Chaco comptait autrefois 250 jaguars, il en reste d\u00e9sormais moins de 20. Leur habitat est menac\u00e9 par la d\u00e9forestation engendr\u00e9e par l&rsquo;exportation de b\u00e9tail et de soja g\u00e9n\u00e9tiquement modifi\u00e9.<\/p>\n\n<p>Pour survivre, chaque animal a besoin d&rsquo;environ 40 000 hectares de for\u00eat continue.<strong> Greenpeace appelle le gouvernement argentin \u00e0 mettre fin \u00e0 la d\u00e9forestation dans le Gran Chaco pour sauver les jaguars.<\/strong> Dans le cadre de cette campagne, Greenpeace Argentine a aussi utilis\u00e9 des kayaks pour d\u00e9ployer des banderoles et a bloqu\u00e9 des bulldozers op\u00e9rant dans la for\u00eat en cadenassant leurs leviers de commande. Greenpeace Andes a \u00e9galement r\u00e9alis\u00e9 trois courts documentaires sur le lien spirituel qui existe entre le jaguar et les peuples autochtones du Gran Chaco.<\/p>\n\n<hr class=\"wp-block-separator has-alpha-channel-opacity\"\/>\n\n<h3 class=\"has-text-align-center wp-block-heading\">La tourn\u00e9e <em>United for Climate Justice<\/em><\/h3>\n\n<figure class=\"wp-block-image aligncenter size-full is-resized\"><img loading=\"lazy\" decoding=\"async\" src=\"https:\/\/www.greenpeace.org\/static\/planet4-canada-stateless\/2022\/11\/d935c36e-gp1t2lnv_web_size_with_credit_line.jpg\" alt=\"\" class=\"wp-image-55071\" width=\"628\" height=\"418\" srcset=\"https:\/\/www.greenpeace.org\/static\/planet4-canada-stateless\/2022\/11\/d935c36e-gp1t2lnv_web_size_with_credit_line.jpg 800w, https:\/\/www.greenpeace.org\/static\/planet4-canada-stateless\/2022\/11\/d935c36e-gp1t2lnv_web_size_with_credit_line-300x200.jpg 300w, https:\/\/www.greenpeace.org\/static\/planet4-canada-stateless\/2022\/11\/d935c36e-gp1t2lnv_web_size_with_credit_line-768x512.jpg 768w, https:\/\/www.greenpeace.org\/static\/planet4-canada-stateless\/2022\/11\/d935c36e-gp1t2lnv_web_size_with_credit_line-510x340.jpg 510w\" sizes=\"auto, (max-width: 628px) 100vw, 628px\" \/><figcaption>Le <em>Rainbow Warrior<\/em> en M\u00e9diterran\u00e9e, pr\u00e8s de l&rsquo;\u00c9gypte.<\/figcaption><\/figure>\n\n<p><strong>Greenpeace met les voiles sur la COP27 et appelle tout le monde sur le pont!<\/strong><\/p>\n\n<p>En pr\u00e9paration du sommet des Nations Unies sur le climat qui se tiendra en \u00c9gypte \u00e0 la fin du mois, Greenpeace MENA (Moyen-Orient et Afrique du Nord) se mobilise pour la justice climatique. Le 20 octobre, un groupe de jeunes leaders climatiques du Moyen-Orient et d&rsquo;Afrique du Nord est arriv\u00e9 \u00e0 Alexandrie, en \u00c9gypte, \u00e0 bord du <em>Rainbow Warrior<\/em>.[12] Au cours des semaines pr\u00e9c\u00e9dant la conf\u00e9rence, les leaders de la jeunesse longeront les c\u00f4tes \u00e9gyptiennes \u00e0 bord du navire de Greenpeace et visiteront les populations touch\u00e9es par la crise climatique.&nbsp;<\/p>\n\n<p><strong>La campagne <\/strong><strong><em>United for Climate Justice<\/em><\/strong><strong> vise \u00e0 faire de la justice climatique une priorit\u00e9 lors de la COP27. <\/strong>L&rsquo;objectif de cette tourn\u00e9e est d&rsquo;attirer l&rsquo;attention sur les r\u00e9percussions disproportionn\u00e9es des changements climatiques sur les pays du Sud. Le navire sert de plateforme aux jeunes pour partager leurs luttes et promouvoir un changement syst\u00e9mique, tout en demandant aux d\u00e9cideurs de trouver des solutions aux changements climatiques et en faveur&nbsp; d\u2019un monde plus juste. Dans le cadre de cette campagne, Greenpeace MENA publiera un rapport sur les effets des changements climatiques au Moyen-Orient et en Afrique du Nord.[13] Greenpeace organisera \u00e9galement une table ronde \u00e0 Alexandrie avec des pan\u00e9listes du Sud pour discuter de la justice climatique et de la mani\u00e8re d\u2019aborder cet enjeu lors de la COP27.&nbsp;<\/p>\n\n<p><strong>Restez \u00e0 l\u2019aff\u00fbt des informations qui vous seront communiqu\u00e9es au cours des prochaines semaines!&nbsp;<\/strong><\/p>\n\n<hr class=\"wp-block-separator has-alpha-channel-opacity is-style-wide\"\/>\n\n<h2 class=\"has-text-align-center wp-block-heading\">LUMI\u00c8RE SUR\u2026<\/h2>\n\n<figure class=\"wp-block-image aligncenter size-full is-resized\"><img decoding=\"async\" src=\"https:\/\/www.greenpeace.org\/static\/planet4-canada-stateless\/2022\/11\/5b0ff16f-6d0b862cca3f59c60248dd937fe013ae.jpg\" alt=\"\" class=\"wp-image-55121\" width=\"-87\" height=\"-87\" srcset=\"https:\/\/www.greenpeace.org\/static\/planet4-canada-stateless\/2022\/11\/5b0ff16f-6d0b862cca3f59c60248dd937fe013ae.jpg 300w, https:\/\/www.greenpeace.org\/static\/planet4-canada-stateless\/2022\/11\/5b0ff16f-6d0b862cca3f59c60248dd937fe013ae-150x150.jpg 150w\" sizes=\"(max-width: 300px) 100vw, 300px\" \/><\/figure>\n\n<p class=\"has-text-align-center\">Vanessa, une photographe qu\u00e9b\u00e9coise qui trouve que la nature est le plus beau des studios. L&rsquo;ann\u00e9e derni\u00e8re, Vanessa a d\u00e9cid\u00e9 d&rsquo;utiliser certaines de ses photos pour collecter des fonds pour la protection de l&rsquo;environnement. Ses images de renards, de for\u00eats et de bien d&rsquo;autres merveilles de la nature lui ont permis de r\u00e9colter 339 dollars!<\/p>\n\n<p class=\"has-text-align-center\">Bravo, Vanessa!&nbsp;<\/p>\n\n<p class=\"has-text-align-center\">Avez-vous une id\u00e9e de d\u00e9fi ou de collecte de fonds? Vous aussi pouvez aider \u00e0 prot\u00e9ger nos oc\u00e9ans, nos for\u00eats et notre climat! Consultez la campagne de collecte de fonds #PARCEQUE de Greenpeace pour trouver des outils et de l\u2019inspiration!<\/p>\n\n<div class=\"wp-block-buttons is-content-justification-center is-layout-flex wp-container-core-buttons-is-layout-16018d1d wp-block-buttons-is-layout-flex\">\n<div class=\"wp-block-button is-style-secondary\"><a class=\"wp-block-button__link\" href=\"https:\/\/fundraising.greenpeace.ca\/?lang=FR\" target=\"_blank\" rel=\"noreferrer noopener\">D\u00c9MARRER UNE COLLECTE<\/a><\/div>\n<\/div>\n\n<hr class=\"wp-block-separator has-alpha-channel-opacity is-style-wide\"\/>\n\n<h2 class=\"has-text-align-center wp-block-heading\">LA PHOTO DU MOIS<\/h2>\n\n<figure class=\"wp-block-image size-full\"><img loading=\"lazy\" decoding=\"async\" width=\"800\" height=\"533\" src=\"https:\/\/www.greenpeace.org\/static\/planet4-canada-stateless\/2022\/11\/4ce3cc1f-gp1t05np_web_size_with_credit_line.jpg\" alt=\"\" class=\"wp-image-55060\" srcset=\"https:\/\/www.greenpeace.org\/static\/planet4-canada-stateless\/2022\/11\/4ce3cc1f-gp1t05np_web_size_with_credit_line.jpg 800w, https:\/\/www.greenpeace.org\/static\/planet4-canada-stateless\/2022\/11\/4ce3cc1f-gp1t05np_web_size_with_credit_line-300x200.jpg 300w, https:\/\/www.greenpeace.org\/static\/planet4-canada-stateless\/2022\/11\/4ce3cc1f-gp1t05np_web_size_with_credit_line-768x512.jpg 768w, https:\/\/www.greenpeace.org\/static\/planet4-canada-stateless\/2022\/11\/4ce3cc1f-gp1t05np_web_size_with_credit_line-510x340.jpg 510w\" sizes=\"auto, (max-width: 800px) 100vw, 800px\" \/><figcaption><em>Greenpeace Aotearoa a conduit un faux troupeau de vaches laiti\u00e8res sur la pelouse du Parlement n\u00e9o-z\u00e9landais pour protester contre les tactiques d&rsquo;\u00e9coblanchiment du gouvernement. L&rsquo;industrie laiti\u00e8re intensive est l&rsquo;un des plus grands pollueurs du pays, mais le projet du gouvernement de r\u00e9duire les \u00e9missions agricoles ne devrait r\u00e9duire les \u00e9missions que de 1 % et favorise en fait l\u2019\u00e9levage laitier intensif.<\/em> <em>[14]<\/em><\/figcaption><\/figure>\n\n<div class=\"wp-block-cards-block-list\"><div class=\"cards-list-search is-hidden\"><span class=\"data-hidden show-search\">false<\/span><div class=\"cards-list-search-controls\"><span class=\"icon\" role=\"img\" aria-label=\"Search\"><\/span> <input type=\"text\"\/><\/div><ol class=\"cards-list-search-results\"><\/ol><\/div><div class=\"cards-list-map is-hidden\"><span class=\"data-hidden show-map\">false<\/span><span class=\"data-hidden map-api-key\"><\/span><span class=\"data-hidden map-style\">mapbox:\/\/styles\/mapbox\/streets-v11<\/span><div id=\"cards-list-map-element\"><\/div><\/div>\n<div class=\"wp-block-cards-block-category\"><span class=\"data-hidden starts-closed\">false<\/span><h2 class=\"category-title opened\"><a id=\"strongnotre-selection-du-mois-strong\" href=\"#strongnotre-selection-du-mois-strong\" title=\"<strong&gt;NOTRE S\u00c9LECTION DU MOIS<\/strong&gt;\">&lt;strong>NOTRE S\u00c9LECTION DU MOIS&lt;\/strong><\/a><\/h2><div class=\"cards-list-category-contents\">\n<div class=\"wp-block-cards-block-card\"><div class=\"a-card\"><strong class=\"card-title\"><a target=\"_self\" rel=\"noopener noreferrer\"><strong>DE QUOI VOUS RAVIR<\/strong><\/a><\/strong><p class=\"card-desc\">Vous souhaitez lire des articles qui vous&nbsp; r\u00e9chauffent le c\u0153ur? Lisez cet article sur un&nbsp; orphelinat pour oursons!<br><br><a href=\"https:\/\/ici.radio-canada.ca\/recit-numerique\/3859\/ours-refuge-animaux-smithers-grizzly\" target=\"_blank\" rel=\"noreferrer noopener\">C&rsquo;est par ici!<\/a><\/p><\/div><\/div>\n\n\n\n<div class=\"wp-block-cards-block-card\"><div class=\"a-card\"><strong class=\"card-title\"><a target=\"_self\" rel=\"noopener noreferrer\"><strong>DE QUOI RIRE<\/strong><\/a><\/strong><p class=\"card-desc\">Les images pr\u00e9s\u00e9lectionn\u00e9es pour le prix Comedy Wildlife Photography 2022 ont \u00e9t\u00e9 annonc\u00e9es!<br><br><a href=\"https:\/\/www.geo.fr\/environnement\/comedy-wildlife-photography-awards-et-les-poilantes-photos-danimaux-finalistes-de-2022-sont-212278\" target=\"_blank\" rel=\"noreferrer noopener\">Jetez-y un coup d&rsquo;\u0153il!<\/a><\/p><\/div><\/div>\n<\/div><\/div>\n\n\n\n<div class=\"wp-block-cards-block-category\"><span class=\"data-hidden starts-closed\">false<\/span><h2 class=\"category-title opened\"><a id=\"greenpeace-canada-dans-les-nouvelles\" href=\"#greenpeace-canada-dans-les-nouvelles\" title=\"GREENPEACE CANADA DANS LES NOUVELLES\">GREENPEACE CANADA DANS LES NOUVELLES<\/a><\/h2><div class=\"cards-list-category-contents\">\n<div class=\"wp-block-cards-block-card\"><div class=\"a-card\"><strong class=\"card-title\"><a target=\"_self\" rel=\"noopener noreferrer\">\u00c0 \u00c9COUTER<\/a><\/strong><p class=\"card-desc\">Patrick Bonin, responsable de la campagne Climat-\u00c9nergie, a discut\u00e9 des objectifs des conf\u00e9rences de l&rsquo;ONU sur le climat.<br><br><a rel=\"noreferrer noopener\" href=\"https:\/\/ici.radio-canada.ca\/info\/videos\/1-8685295\/2460-est-ce-que-cop-onu-est-une-mascarade-ecologique\" target=\"_blank\">\u00c0 voir ici<\/a><\/p><\/div><\/div>\n\n\n\n<div class=\"wp-block-cards-block-card\"><div class=\"a-card\"><strong class=\"card-title\"><a target=\"_self\" rel=\"noopener noreferrer\">\u00c0 D\u00c9COUVRIR<\/a><\/strong><p class=\"card-desc\">Un nouveau rapport de Greenpeace r\u00e9v\u00e8le \u00e0 qui appartient l&rsquo;une des plus grandes entreprises foresti\u00e8res au Canada.<br><br><a href=\"https:\/\/www.greenpeace.org\/canada\/fr\/communique-de-presse\/54868\/une-enquete-revele-a-qui-appartient-un-geant-de-lexploitation-forestiere-au-canada%2525EF%2525BF%2525BC\/\" target=\"_blank\" rel=\"noreferrer noopener\">Lire le rapport<\/a><\/p><\/div><\/div>\n\n\n\n<div class=\"wp-block-cards-block-card\"><div class=\"a-card\"><strong class=\"card-title\"><a target=\"_self\" rel=\"noopener noreferrer\">\u00c0 REGARDER<\/a><\/strong><p class=\"card-desc\"><em>Game on<\/em>! Nous avons assist\u00e9 au match d&rsquo;ouverture des Canadiens de Montr\u00e9al et protest\u00e9 contre l&rsquo;\u00e9coblanchiment de la RBC par le biais de sa commandite culturelle.<br><br><a href=\"https:\/\/www.lapresse.ca\/actualites\/environnement\/2022-10-12\/greenpeace-manifeste-contre-rbc-a-l-avant-match-du-canadien.php\" target=\"_blank\" rel=\"noreferrer noopener\">En savoir plus<\/a><\/p><\/div><\/div>\n<\/div><\/div>\n<\/div>\n\n<hr class=\"wp-block-separator has-alpha-channel-opacity is-style-wide\"\/>\n\n<p>Sources (disponibles en anglais seulement)<\/p>\n\n<p>[1]<a href=\"https:\/\/www.greenpeace.org\/aotearoa\/story\/a-win-for-people-power-as-more-problem-plastics-banned\/\" target=\"_blank\" rel=\"noreferrer noopener\">https:\/\/www.greenpeace.org\/aotearoa\/story\/a-win-for-people-power-as-more-problem-plastics-banned\/<\/a>&nbsp;<\/p>\n\n<p>[2]<a href=\"https:\/\/www.greenpeace.org\/aotearoa\/press-release\/new-zealands-support-for-deep-sea-mining-moratorium-a-win-for-ocean-protection\/\" target=\"_blank\" rel=\"noreferrer noopener\">https:\/\/www.greenpeace.org\/aotearoa\/press-release\/new-zealands-support-for-deep-sea-mining-moratorium-a-win-for-ocean-protection\/<\/a>&nbsp;<\/p>\n\n<p>[3] <a href=\"https:\/\/petition.act.greenpeace.org.nz\/oceans-stop-deep-sea-mining\" target=\"_blank\" rel=\"noreferrer noopener\">https:\/\/petition.act.greenpeace.org.nz\/oceans-stop-deep-sea-mining<\/a>&nbsp;<\/p>\n\n<p>[4]<a href=\"https:\/\/www.greenpeace.org\/aotearoa\/story\/the-nz-government-has-100000-reasons-to-ban-single-use-plastic-bottles\/\" target=\"_blank\" rel=\"noreferrer noopener\">https:\/\/www.greenpeace.org\/aotearoa\/story\/the-nz-government-has-100000-reasons-to-ban-single-use-plastic-bottles\/<\/a>&nbsp;<\/p>\n\n<p>[5] <a href=\"https:\/\/www.greenpeace.org\/usa\/greenpeacers-helped-stop-the-dirty-deal-thank-you\/\" target=\"_blank\" rel=\"noreferrer noopener\">https:\/\/www.greenpeace.org\/usa\/greenpeacers-helped-stop-the-dirty-deal-thank-you\/<\/a>&nbsp;<\/p>\n\n<p>[6]<a href=\"https:\/\/www.theguardian.com\/us-news\/2022\/sep\/22\/schumer-manchin-side-deal-pipelines-backlash\" target=\"_blank\" rel=\"noreferrer noopener\">https:\/\/www.theguardian.com\/us-news\/2022\/sep\/22\/schumer-manchin-side-deal-pipelines-backlash<\/a>&nbsp;<\/p>\n\n<p>[7] <a href=\"https:\/\/www.greenpeace.org\/usa\/we-passed-a-climate-billwith-a-dirty-deal\/\">https:\/\/www.greenpeace.org\/usa\/we-passed-a-climate-billwith-a-dirty-deal\/<\/a>&nbsp;<\/p>\n\n<p>[8]<a href=\"https:\/\/www.greenpeace.org\/eu-unit\/issues\/nature-food\/45182\/eu-parliament-backs-strong-law-to-protect-forests\/\" target=\"_blank\" rel=\"noreferrer noopener\">https:\/\/www.greenpeace.org\/eu-unit\/issues\/nature-food\/45182\/eu-parliament-backs-strong-law-to-protect-forests\/<\/a>&nbsp;<\/p>\n\n<p>[9]<a href=\"https:\/\/www.greenpeace.org\/eu-unit\/issues\/nature-food\/46368\/eu-parliament-votes-to-take-forest-destruction-off-supermarket-shelves\/\" target=\"_blank\" rel=\"noreferrer noopener\">https:\/\/www.greenpeace.org\/eu-unit\/issues\/nature-food\/46368\/eu-parliament-votes-to-take-forest-destruction-off-supermarket-shelves\/<\/a>&nbsp;<\/p>\n\n<p>[10]<a href=\"https:\/\/www.greenpeace.org\/eu-unit\/issues\/nature-food\/45406\/over-1-million-people-tell-eu-to-stop-funding-forest-destruction\/\" target=\"_blank\" rel=\"noreferrer noopener\">https:\/\/www.greenpeace.org\/eu-unit\/issues\/nature-food\/45406\/over-1-million-people-tell-eu-to-stop-funding-forest-destruction\/<\/a>&nbsp;<\/p>\n\n<p>[11]<a href=\"https:\/\/www.greenpeace.org\/eu-unit\/issues\/nature-food\/46432\/eu-negotiators-must-protect-forests-and-human-rights\/\" target=\"_blank\" rel=\"noreferrer noopener\">https:\/\/www.greenpeace.org\/eu-unit\/issues\/nature-food\/46432\/eu-negotiators-must-protect-forests-and-human-rights\/<\/a>&nbsp;<\/p>\n\n<p>[12]<a href=\"https:\/\/www.greenpeace.org\/mena\/en\/greenpeace-sails-with-young-climate-leaders-to-egypt-ahead-of-cop27\/\" target=\"_blank\" rel=\"noreferrer noopener\">https:\/\/www.greenpeace.org\/mena\/en\/greenpeace-sails-with-young-climate-leaders-to-egypt-ahead-of-cop27\/<\/a>&nbsp;<\/p>\n\n<p>[13]<a href=\"https:\/\/www.greenpeace.org\/static\/planet4-mena-stateless\/2022\/11\/b57fcf2f-greenpeace-living-on-the-edge-full-english.pdf\" target=\"_blank\" rel=\"noreferrer noopener\">https:\/\/www.greenpeace.org\/static\/planet4-mena-stateless\/2022\/11\/b57fcf2f-greenpeace-living-on-the-edge-full-english.pdf<\/a>&nbsp;<\/p>\n\n<p>[14]<a href=\"https:\/\/www.stuff.co.nz\/national\/politics\/300461560\/climate-change-official-plan-to-price-and-cut-agricultural-emissions-would-lead-to-less-than-1-per-cent-reduction\" target=\"_blank\" rel=\"noreferrer noopener\">https:\/\/www.stuff.co.nz\/national\/politics\/300461560\/climate-change-official-plan-to-price-and-cut-agricultural-emissions-would-lead-to-less-than-1-per-cent-reduction<\/a> <\/p>\n","protected":false},"excerpt":{"rendered":"<p>Ce qu\u2019on consid\u00e8re comme chez soi peut etre diff\u00e9rent pour chacun d&rsquo;entre nous, et pourtant, nous partageons tous cette belle plan\u00e8te.<\/p>\n","protected":false},"author":124,"featured_media":55045,"comment_status":"open","ping_status":"open","sticky":false,"template":"","format":"standard","meta":{"ep_exclude_from_search":false,"p4_og_title":"","p4_og_description":"","p4_og_image":"","p4_og_image_id":"","p4_seo_canonical_url":"","p4_campaign_name":"not set","p4_local_project":"not set","p4_basket_name":"not set","p4_department":"","footnotes":""},"categories":[20],"tags":[41,44,46,47,51,72],"p4-page-type":[155],"class_list":["post-55044","post","type-post","status-publish","format-standard","has-post-thumbnail","hentry","category-climat","tag-climat","tag-navires","tag-oceans-fr","tag-petrole","tag-victoires","tag-plastique","p4-page-type-histoire"],"_links":{"self":[{"href":"https:\/\/www.greenpeace.org\/canada\/fr\/wp-json\/wp\/v2\/posts\/55044","targetHints":{"allow":["GET"]}}],"collection":[{"href":"https:\/\/www.greenpeace.org\/canada\/fr\/wp-json\/wp\/v2\/posts"}],"about":[{"href":"https:\/\/www.greenpeace.org\/canada\/fr\/wp-json\/wp\/v2\/types\/post"}],"author":[{"embeddable":true,"href":"https:\/\/www.greenpeace.org\/canada\/fr\/wp-json\/wp\/v2\/users\/124"}],"replies":[{"embeddable":true,"href":"https:\/\/www.greenpeace.org\/canada\/fr\/wp-json\/wp\/v2\/comments?post=55044"}],"version-history":[{"count":20,"href":"https:\/\/www.greenpeace.org\/canada\/fr\/wp-json\/wp\/v2\/posts\/55044\/revisions"}],"predecessor-version":[{"id":55125,"href":"https:\/\/www.greenpeace.org\/canada\/fr\/wp-json\/wp\/v2\/posts\/55044\/revisions\/55125"}],"wp:featuredmedia":[{"embeddable":true,"href":"https:\/\/www.greenpeace.org\/canada\/fr\/wp-json\/wp\/v2\/media\/55045"}],"wp:attachment":[{"href":"https:\/\/www.greenpeace.org\/canada\/fr\/wp-json\/wp\/v2\/media?parent=55044"}],"wp:term":[{"taxonomy":"category","embeddable":true,"href":"https:\/\/www.greenpeace.org\/canada\/fr\/wp-json\/wp\/v2\/categories?post=55044"},{"taxonomy":"post_tag","embeddable":true,"href":"https:\/\/www.greenpeace.org\/canada\/fr\/wp-json\/wp\/v2\/tags?post=55044"},{"taxonomy":"p4-page-type","embeddable":true,"href":"https:\/\/www.greenpeace.org\/canada\/fr\/wp-json\/wp\/v2\/p4-page-type?post=55044"}],"curies":[{"name":"wp","href":"https:\/\/api.w.org\/{rel}","templated":true}]}}