{"id":55519,"date":"2022-11-30T17:30:00","date_gmt":"2022-11-30T22:30:00","guid":{"rendered":"https:\/\/www.greenpeace.org\/canada\/?p=55519"},"modified":"2022-11-30T17:06:09","modified_gmt":"2022-11-30T22:06:09","slug":"nouveau-sondage-plus-de-80-des-canadien%c2%b7nes-sinquietent-de-la-crise-de-la-nature-et-croient-que-le-gouvernement-federal-devrait-faire-preuve-de-leadership-a-la-cop15","status":"publish","type":"post","link":"https:\/\/www.greenpeace.org\/canada\/fr\/press-release\/55519\/nouveau-sondage-plus-de-80-des-canadien%c2%b7nes-sinquietent-de-la-crise-de-la-nature-et-croient-que-le-gouvernement-federal-devrait-faire-preuve-de-leadership-a-la-cop15\/","title":{"rendered":"<strong>Nouveau sondage : plus de 80 % des Canadien\u00b7nes s&rsquo;inqui\u00e8tent de la crise de la nature et croient que le gouvernement f\u00e9d\u00e9ral devrait faire preuve de leadership \u00e0 la COP15<\/strong>"},"content":{"rendered":"\n<p><strong>OTTAWA \u2013 <\/strong>\u00c0 l&rsquo;approche de la Conf\u00e9rence des Nations Unies sur la biodiversit\u00e9 qui se tiendra \u00e0 Montr\u00e9al, un nouveau sondage r\u00e9alis\u00e9 par Environics \u00e0 la demande de Greenpeace Canada r\u00e9v\u00e8le que 84 % des Canadien\u00b7nes disent s&rsquo;inqui\u00e9ter pour l&rsquo;avenir de la plan\u00e8te en raison de l&rsquo;\u00e9tat actuel de la faune et de la nature. De plus, 82 % des Canadien\u00b7nes croient qu&rsquo;en tant que gouvernement du pays h\u00f4te de la COP15, le f\u00e9d\u00e9ral doit donner l\u2019exemple en mati\u00e8re de protection de l\u2019environnement.<\/p>\n\n<p>\u00c0 cette fin, Greenpeace Canada demande une nouvelle loi sur la nature et la biodiversit\u00e9 qui fournirait un cadre clair pour que le Canada atteigne ses prochains objectifs en mati\u00e8re de biodiversit\u00e9 de mani\u00e8re transparente et responsable, y compris en accordant au public le droit de poursuivre le gouvernement en cas de manque de progr\u00e8s. Selon le sondage men\u00e9 par Environics, plus de sept Canadien\u00b7nes sur dix sont favorables \u00e0 une telle nouvelle loi.&nbsp;<\/p>\n\n<p><strong>Lagi Toribau, directeur g\u00e9n\u00e9ral int\u00e9rimaire de Greenpeace Canada, a d\u00e9clar\u00e9 :&nbsp;<\/strong><\/p>\n\n<p>\u00ab Les r\u00e9sultats sont clairs : les Canadien\u00b7nes savent que la nature est en crise. Cet enjeu est une source d\u2019inqui\u00e9tude, et les r\u00e9pondant\u00b7es au sondage veulent que des mesures soient prises. Le gouvernement f\u00e9d\u00e9ral doit tenir compte de leurs voix et faire preuve d&rsquo;un leadership fort, comme le souhaite et l&rsquo;attend la population canadienne. Il est temps pour le Canada de relever le d\u00e9fi en adoptant des lois plus strictes pour prot\u00e9ger la nature et en travaillant pour obtenir un accord mondial solide. \u00bb<\/p>\n\n<p><strong>Autres r\u00e9sultats cl\u00e9s :&nbsp;<\/strong><\/p>\n\n<ul class=\"wp-block-list\">\n<li>Deux tiers des Canadien\u00b7nes savent que la nature est en crise et que nous devons agir maintenant. Ce sentiment d&rsquo;urgence est particuli\u00e8rement \u00e9lev\u00e9 chez les jeunes Canadien\u00b7nes de 18 \u00e0 34 ans;<\/li>\n\n\n\n<li>Plus de quatre Canadien\u00b7nes sur dix disent beaucoup s\u2019inqui\u00e9ter de l&rsquo;avenir de la plan\u00e8te en raison de la crise de la biodiversit\u00e9;<\/li>\n\n\n\n<li>Bien que les Canadien\u00b7nes aient des avis partag\u00e9s sur la question de savoir \u00e0 qui devrait revenir la plus grande part de responsabilit\u00e9 dans la protection de la nature et de la faune, le gouvernement f\u00e9d\u00e9ral en particulier est apparu comme l&rsquo;acteur pr\u00e9f\u00e9r\u00e9 pour assumer ce r\u00f4le (surtout au Qu\u00e9bec : 34 %);<\/li>\n\n\n\n<li>Les m\u00e9nages ayant un revenu modeste (moins de 40 000 $ par an) se sont av\u00e9r\u00e9s \u00eatre parmi ceux qui soutiennent le plus fortement une nouvelle l\u00e9gislation f\u00e9d\u00e9rale sur la nature.&nbsp;<\/li>\n<\/ul>\n\n<p class=\"has-text-align-center\"><strong>-30-<\/strong><\/p>\n\n<p><strong>Remarques \u00e0 l\u2019intention des \u00e9diteur\u00b7rices<\/strong><\/p>\n\n<p>Les r\u00e9sultats complets du sondage sont disponibles <a href=\"https:\/\/www.greenpeace.org\/static\/planet4-canada-stateless\/2022\/11\/19044ea7-11632-greenpeace-biodiversity-loss-omnibus-report-1-1.pdf\">ici<\/a>.<\/p>\n\n<p>Le rapport <em>Prot\u00e9ger la nature, prot\u00e9ger la vie<\/em> est disponible <a href=\"https:\/\/www.greenpeace.org\/static\/planet4-canada-stateless\/2022\/06\/e0df35a4-greenpeace-rapport-proteger-la-nature-proteger-la-vie.pdf\">ici<\/a>.&nbsp;<\/p>\n\n<p><strong>Pour plus de renseignements, veuillez contacter :<\/strong><\/p>\n\n<p>Dina Ni, conseill\u00e8re aux communications, Greenpeace Canada<br><a href=\"mailto:xyx@greenpeace.org\">dina.ni@greenpeace.org<\/a>; +1 416 820-2148<\/p>\n","protected":false},"excerpt":{"rendered":"<p>Un nouveau sondage r\u00e9alis\u00e9 par Environics r\u00e9v\u00e8le que 84 % des Canadien\u00b7nes disent s&rsquo;inqui\u00e9ter pour l&rsquo;avenir de la plan\u00e8te en raison de l&rsquo;\u00e9tat actuel de la faune et de la nature. <\/p>\n","protected":false},"author":102,"featured_media":54800,"comment_status":"closed","ping_status":"closed","sticky":false,"template":"","format":"standard","meta":{"ep_exclude_from_search":false,"p4_og_title":"","p4_og_description":"","p4_og_image":"","p4_og_image_id":"","p4_seo_canonical_url":"","p4_campaign_name":"not set","p4_local_project":"not set","p4_basket_name":"not set","p4_department":"","footnotes":""},"categories":[140,19],"tags":[40,43,46],"p4-page-type":[183],"class_list":["post-55519","post","type-post","status-publish","format-standard","has-post-thumbnail","hentry","category-egalite","category-nature-fr","tag-autochtones","tag-forets","tag-oceans-fr","p4-page-type-communique-de-presse"],"_links":{"self":[{"href":"https:\/\/www.greenpeace.org\/canada\/fr\/wp-json\/wp\/v2\/posts\/55519","targetHints":{"allow":["GET"]}}],"collection":[{"href":"https:\/\/www.greenpeace.org\/canada\/fr\/wp-json\/wp\/v2\/posts"}],"about":[{"href":"https:\/\/www.greenpeace.org\/canada\/fr\/wp-json\/wp\/v2\/types\/post"}],"author":[{"embeddable":true,"href":"https:\/\/www.greenpeace.org\/canada\/fr\/wp-json\/wp\/v2\/users\/102"}],"replies":[{"embeddable":true,"href":"https:\/\/www.greenpeace.org\/canada\/fr\/wp-json\/wp\/v2\/comments?post=55519"}],"version-history":[{"count":3,"href":"https:\/\/www.greenpeace.org\/canada\/fr\/wp-json\/wp\/v2\/posts\/55519\/revisions"}],"predecessor-version":[{"id":55556,"href":"https:\/\/www.greenpeace.org\/canada\/fr\/wp-json\/wp\/v2\/posts\/55519\/revisions\/55556"}],"wp:featuredmedia":[{"embeddable":true,"href":"https:\/\/www.greenpeace.org\/canada\/fr\/wp-json\/wp\/v2\/media\/54800"}],"wp:attachment":[{"href":"https:\/\/www.greenpeace.org\/canada\/fr\/wp-json\/wp\/v2\/media?parent=55519"}],"wp:term":[{"taxonomy":"category","embeddable":true,"href":"https:\/\/www.greenpeace.org\/canada\/fr\/wp-json\/wp\/v2\/categories?post=55519"},{"taxonomy":"post_tag","embeddable":true,"href":"https:\/\/www.greenpeace.org\/canada\/fr\/wp-json\/wp\/v2\/tags?post=55519"},{"taxonomy":"p4-page-type","embeddable":true,"href":"https:\/\/www.greenpeace.org\/canada\/fr\/wp-json\/wp\/v2\/p4-page-type?post=55519"}],"curies":[{"name":"wp","href":"https:\/\/api.w.org\/{rel}","templated":true}]}}