{"id":55669,"date":"2022-12-06T17:16:05","date_gmt":"2022-12-06T22:16:05","guid":{"rendered":"https:\/\/www.greenpeace.org\/canada\/?p=55669"},"modified":"2022-12-06T17:18:15","modified_gmt":"2022-12-06T22:18:15","slug":"reaction-a-lannonce-par-trudeau-dun-financement-international-de-350-millions-de-dollars-pour-la-biodiversite","status":"publish","type":"post","link":"https:\/\/www.greenpeace.org\/canada\/fr\/blog-des-volontaires\/55669\/reaction-a-lannonce-par-trudeau-dun-financement-international-de-350-millions-de-dollars-pour-la-biodiversite\/","title":{"rendered":"<strong>R\u00e9action \u00e0 l&rsquo;annonce par Trudeau d&rsquo;un financement international de 350 millions de dollars pour la biodiversit\u00e9<\/strong>"},"content":{"rendered":"\n<p>En r\u00e9action \u00e0 l&rsquo;<a href=\"https:\/\/pm.gc.ca\/fr\/nouvelles\/communiques\/2022\/12\/06\/canada-accueille-monde-la-cop15-proteger-la-nature\">annonce par le premier ministre Justin Trudeau d&rsquo;un financement international de 350 millions de dollars pour la biodiversit\u00e9<\/a>, <strong>Reykia Fick, charg\u00e9e de campagne Nature et Alimentation chez Greenpeace Canada, a d\u00e9clar\u00e9 :<\/strong><\/p>\n\n<p>\u00ab Il est bon que le Canada ait engag\u00e9 de nouveaux fonds pour r\u00e9pondre \u00e0 la crise mondiale de la biodiversit\u00e9. Cette annonce faite \u00e0 l&rsquo;occasion du lancement de la COP15 sur la biodiversit\u00e9 \u00e0 Montr\u00e9al accentue la pression exerc\u00e9e sur les autres pays d\u00e9velopp\u00e9s pour qu&rsquo;ils lui embo\u00eetent le pas et engagent de nouveaux fonds qui n&rsquo;avaient pas \u00e9t\u00e9 allou\u00e9s auparavant.<\/p>\n\n<p>Cependant, face au <a href=\"https:\/\/www.cbd.int\/doc\/c\/a0fc\/1919\/dbfdcf2d663d96c735982eb9\/wg2020-03-07-fr.pdf\">d\u00e9ficit annuel de 100 milliards de dollars US dans le financement mondial de la biodiversit\u00e9 identifi\u00e9 par le Groupe africain aux Nations Unies et les autres pays ayant la m\u00eame optique<\/a>, et au <a href=\"https:\/\/greenbudget.ca\/recommandations\/2023-fr\/recommandations-transversales-fr\/engagements-internationaux-du-canada-en-matiere-de-climat-et-de-biodiversite\/?lang=fr\">financement annuel de 600 millions de dollars CA recommand\u00e9 par la Coalition pour un budget vert<\/a>, cet engagement ne doit \u00eatre qu&rsquo;un premier pas pour que le Canada paie sa juste part dans l&rsquo;effort mondial en cours pour arr\u00eater et inverser cette extinction massive. \u00bb<\/p>\n\n<p><strong>Pour plus de renseignements, veuillez contacter :<\/strong><\/p>\n\n<p>Dina Ni, conseill\u00e8re aux communications, Greenpeace Canada<\/p>\n\n<p>dina.ni@greenpeace.org, +1 416 820-2148<\/p>\n","protected":false},"excerpt":{"rendered":"<p>En r\u00e9action \u00e0 l&rsquo;annonce par le premier ministre Justin Trudeau d&rsquo;un financement international de 350 millions de dollars pour la biodiversit\u00e9, Reykia Fick, charg\u00e9e de campagne Nature et Alimentation chez&#8230;<\/p>\n","protected":false},"author":102,"featured_media":55667,"comment_status":"closed","ping_status":"closed","sticky":false,"template":"","format":"standard","meta":{"ep_exclude_from_search":false,"p4_og_title":"","p4_og_description":"","p4_og_image":"","p4_og_image_id":"","p4_seo_canonical_url":"","p4_campaign_name":"not set","p4_local_project":"not set","p4_basket_name":"not set","p4_department":"","footnotes":""},"categories":[19],"tags":[],"p4-page-type":[],"class_list":["post-55669","post","type-post","status-publish","format-standard","has-post-thumbnail","hentry","category-nature-fr"],"_links":{"self":[{"href":"https:\/\/www.greenpeace.org\/canada\/fr\/wp-json\/wp\/v2\/posts\/55669","targetHints":{"allow":["GET"]}}],"collection":[{"href":"https:\/\/www.greenpeace.org\/canada\/fr\/wp-json\/wp\/v2\/posts"}],"about":[{"href":"https:\/\/www.greenpeace.org\/canada\/fr\/wp-json\/wp\/v2\/types\/post"}],"author":[{"embeddable":true,"href":"https:\/\/www.greenpeace.org\/canada\/fr\/wp-json\/wp\/v2\/users\/102"}],"replies":[{"embeddable":true,"href":"https:\/\/www.greenpeace.org\/canada\/fr\/wp-json\/wp\/v2\/comments?post=55669"}],"version-history":[{"count":1,"href":"https:\/\/www.greenpeace.org\/canada\/fr\/wp-json\/wp\/v2\/posts\/55669\/revisions"}],"predecessor-version":[{"id":55670,"href":"https:\/\/www.greenpeace.org\/canada\/fr\/wp-json\/wp\/v2\/posts\/55669\/revisions\/55670"}],"wp:featuredmedia":[{"embeddable":true,"href":"https:\/\/www.greenpeace.org\/canada\/fr\/wp-json\/wp\/v2\/media\/55667"}],"wp:attachment":[{"href":"https:\/\/www.greenpeace.org\/canada\/fr\/wp-json\/wp\/v2\/media?parent=55669"}],"wp:term":[{"taxonomy":"category","embeddable":true,"href":"https:\/\/www.greenpeace.org\/canada\/fr\/wp-json\/wp\/v2\/categories?post=55669"},{"taxonomy":"post_tag","embeddable":true,"href":"https:\/\/www.greenpeace.org\/canada\/fr\/wp-json\/wp\/v2\/tags?post=55669"},{"taxonomy":"p4-page-type","embeddable":true,"href":"https:\/\/www.greenpeace.org\/canada\/fr\/wp-json\/wp\/v2\/p4-page-type?post=55669"}],"curies":[{"name":"wp","href":"https:\/\/api.w.org\/{rel}","templated":true}]}}