{"id":55900,"date":"2022-12-15T11:31:29","date_gmt":"2022-12-15T16:31:29","guid":{"rendered":"https:\/\/www.greenpeace.org\/canada\/?p=55900"},"modified":"2022-12-15T11:31:33","modified_gmt":"2022-12-15T16:31:33","slug":"reaction-au-soutien-du-ministre-guilbeault-a-une-loi-sur-la-protection-de-la-nature","status":"publish","type":"post","link":"https:\/\/www.greenpeace.org\/canada\/fr\/blog-des-volontaires\/55900\/reaction-au-soutien-du-ministre-guilbeault-a-une-loi-sur-la-protection-de-la-nature\/","title":{"rendered":"R\u00e9action au soutien du ministre Guilbeault \u00e0 une loi sur la protection de la nature\u00a0"},"content":{"rendered":"\n<p>MONTR\u00c9AL\/ TERRITOIRE TRADITIONNEL DES PEUPLES KANIEN&rsquo;KEH\u00c1:KA DE LA CONF\u00c9D\u00c9RATION DES HAUDENOSAUNEE &#8211; Ecojustice et Greenpeace Canada applaudissent le leadership dont fait preuve le ministre de l&rsquo;Environnement et du Changement climatique, Steven Guilbeault, qui a signal\u00e9 aujourd&rsquo;hui sa volont\u00e9 d&rsquo;inscrire les objectifs du Canada en mati\u00e8re de nature dans une loi.<\/p>\n\n<p>Plus t\u00f4t cette ann\u00e9e, Greenpeace Canada, en collaboration avec Ecojustice, a <a href=\"https:\/\/www.greenpeace.org\/static\/planet4-canada-stateless\/2022\/06\/e0df35a4-greenpeace-rapport-proteger-la-nature-proteger-la-vie.pdf\">publi\u00e9 un rapport <\/a>exhortant le gouvernement f\u00e9d\u00e9ral \u00e0 \u00e9laborer, en coop\u00e9ration \u00e9thique avec les dirigeant\u00b7es autochtones, un cadre l\u00e9gislatif qui lie les objectifs de biodiversit\u00e9 \u00e0 un calendrier pr\u00e9cis, d\u00e9colonise les pratiques de protection et de restauration et garantit une responsabilit\u00e9 juridique des gouvernements.<\/p>\n\n<p><strong>Melanie Snow, sp\u00e9cialiste des affaires l\u00e9gislatives chez Ecojustice, a d\u00e9clar\u00e9 :<\/strong><\/p>\n\n<p>\u00ab Les remarques faites aujourd&rsquo;hui par le ministre Guilbeault constituent une \u00e9tape importante pour garantir que le Canada atteigne ses objectifs en mati\u00e8re de biodiversit\u00e9. Nous avons besoin d&rsquo;une loi qui oblige les gouvernements f\u00e9d\u00e9ral et provinciaux \u00e0 rendre des comptes sur la r\u00e9alisation des ambitions et des promesses faites lors de la COP15, et \u00e0 atteindre les objectifs de biodiversit\u00e9 d&rsquo;une mani\u00e8re qui respecte les droits et la souverainet\u00e9 des peuples autochtones.<\/p>\n\n<p>Gr\u00e2ce en grande partie \u00e0 l&rsquo;intendance et au leadership des peuples autochtones, un dixi\u00e8me des for\u00eats du monde, un quart des zones humides de la plan\u00e8te, et plus de lacs d&rsquo;eau douce que tous les autres pays r\u00e9unis continuent d&rsquo;exister ici, au Canada.<\/p>\n\n<p>Tout comme le Canada a l\u00e9gif\u00e9r\u00e9 sur la responsabilit\u00e9 d&rsquo;atteindre des \u00e9missions nettes nulles dans la lutte contre la crise climatique, nous avons besoin de lois fortes qui obligent les gouvernements \u00e0 rendre des comptes sur l&rsquo;atteinte des objectifs de biodiversit\u00e9. \u00bb<\/p>\n\n<p><strong>Reykia Fick, responsable de la campagne Nature et Alimentation de Greenpeace Canada, a d\u00e9clar\u00e9 :<\/strong><\/p>\n\n<p>\u00ab La d\u00e9claration de soutien du ministre Guilbeault \u00e0 une nouvelle l\u00e9gislation est une excellente nouvelle pour la nature et la faune \u00e0 travers le Canada. Maintenant que le ministre a exprim\u00e9 sa volont\u00e9 de faire le travail n\u00e9cessaire pour que cela se produise, c&rsquo;est au Premier ministre Trudeau de donner le feu vert.<\/p>\n\n<p>Pour \u00e9viter de r\u00e9p\u00e9ter les \u00e9checs quant aux objectifs de biodiversit\u00e9 fix\u00e9s dans les dix derni\u00e8res ann\u00e9es, nous avons besoin que cette l\u00e9gislation fournisse un plan clair pour arr\u00eater et inverser la crise d&rsquo;extinction du Canada. Elle doit garantir le respect des droits des peuples autochtones, un acc\u00e8s \u00e9quitable \u00e0 la nature et de solides mesures de responsabilit\u00e9 publique.&nbsp;<\/p>\n\n<p>\u00c0 l&rsquo;instar des n\u00e9gociations de la Convention sur la diversit\u00e9 biologique (CDB) qui se d\u00e9roulent \u00e0 Montr\u00e9al cette semaine, il sera de la plus haute importance de reconna\u00eetre la gouvernance et l&rsquo;intendance autochtones comme des formes tout \u00e0 fait l\u00e9gitimes de protection de la nature. \u00bb<\/p>\n\n<p class=\"has-text-align-center\">-30-<\/p>\n\n<p><strong>Pour plus d\u2019information, veuillez contacter:&nbsp;<\/strong><\/p>\n\n<p>Sean O\u2019Shea, strat\u00e8ge en communications, Ecojustice<br>+1 (416) 368-7533 ext\u00e9 523, <a href=\"mailto:soshea@ecojustice.ca\">soshea@ecojustice.ca<\/a><\/p>\n\n<p>Marie-Christine Fiset, Directrice de l\u2019\u00e9quipe m\u00e9dia, Greenpeace Canada&nbsp;+ 1 (514) 972-6316, <a href=\"mailto:mfiset@greenpeace.org\">mfiset@greenpeace.org<\/a><\/p>\n","protected":false},"excerpt":{"rendered":"<p>MONTR\u00c9AL\/ TERRITOIRE TRADITIONNEL DES PEUPLES KANIEN&rsquo;KEH\u00c1:KA DE LA CONF\u00c9D\u00c9RATION DES HAUDENOSAUNEE &#8211; Ecojustice et Greenpeace Canada applaudissent le leadership dont fait preuve le ministre de l&rsquo;Environnement et du Changement climatique,&hellip;<\/p>\n","protected":false},"author":45,"featured_media":55906,"comment_status":"open","ping_status":"open","sticky":false,"template":"","format":"standard","meta":{"ep_exclude_from_search":false,"p4_og_title":"","p4_og_description":"","p4_og_image":"","p4_og_image_id":"","p4_seo_canonical_url":"","p4_campaign_name":"not set","p4_local_project":"not set","p4_basket_name":"not set","p4_department":"","footnotes":""},"categories":[19],"tags":[38,40,43,46,48],"p4-page-type":[],"class_list":["post-55900","post","type-post","status-publish","format-standard","has-post-thumbnail","hentry","category-nature-fr","tag-alimentation","tag-autochtones","tag-forets","tag-oceans-fr","tag-sante"],"_links":{"self":[{"href":"https:\/\/www.greenpeace.org\/canada\/fr\/wp-json\/wp\/v2\/posts\/55900","targetHints":{"allow":["GET"]}}],"collection":[{"href":"https:\/\/www.greenpeace.org\/canada\/fr\/wp-json\/wp\/v2\/posts"}],"about":[{"href":"https:\/\/www.greenpeace.org\/canada\/fr\/wp-json\/wp\/v2\/types\/post"}],"author":[{"embeddable":true,"href":"https:\/\/www.greenpeace.org\/canada\/fr\/wp-json\/wp\/v2\/users\/45"}],"replies":[{"embeddable":true,"href":"https:\/\/www.greenpeace.org\/canada\/fr\/wp-json\/wp\/v2\/comments?post=55900"}],"version-history":[{"count":2,"href":"https:\/\/www.greenpeace.org\/canada\/fr\/wp-json\/wp\/v2\/posts\/55900\/revisions"}],"predecessor-version":[{"id":55909,"href":"https:\/\/www.greenpeace.org\/canada\/fr\/wp-json\/wp\/v2\/posts\/55900\/revisions\/55909"}],"wp:featuredmedia":[{"embeddable":true,"href":"https:\/\/www.greenpeace.org\/canada\/fr\/wp-json\/wp\/v2\/media\/55906"}],"wp:attachment":[{"href":"https:\/\/www.greenpeace.org\/canada\/fr\/wp-json\/wp\/v2\/media?parent=55900"}],"wp:term":[{"taxonomy":"category","embeddable":true,"href":"https:\/\/www.greenpeace.org\/canada\/fr\/wp-json\/wp\/v2\/categories?post=55900"},{"taxonomy":"post_tag","embeddable":true,"href":"https:\/\/www.greenpeace.org\/canada\/fr\/wp-json\/wp\/v2\/tags?post=55900"},{"taxonomy":"p4-page-type","embeddable":true,"href":"https:\/\/www.greenpeace.org\/canada\/fr\/wp-json\/wp\/v2\/p4-page-type?post=55900"}],"curies":[{"name":"wp","href":"https:\/\/api.w.org\/{rel}","templated":true}]}}