{"id":56210,"date":"2023-02-01T09:10:25","date_gmt":"2023-02-01T14:10:25","guid":{"rendered":"https:\/\/www.greenpeace.org\/canada\/?p=56210"},"modified":"2024-08-21T13:06:44","modified_gmt":"2024-08-21T17:06:44","slug":"pourquoi-nous-honorons-et-celebrons-lhistoire-le-present-et-lavenir-de-la-communaute-noire-en-tant-que-groupe-de-justice-socio-environnementale","status":"publish","type":"post","link":"https:\/\/www.greenpeace.org\/canada\/fr\/blog-des-volontaires\/56210\/pourquoi-nous-honorons-et-celebrons-lhistoire-le-present-et-lavenir-de-la-communaute-noire-en-tant-que-groupe-de-justice-socio-environnementale\/","title":{"rendered":"Pourquoi nous honorons et c\u00e9l\u00e9brons l&rsquo;histoire, le pr\u00e9sent et l&rsquo;avenir de la communaut\u00e9 noire en tant que groupe de justice socio-environnementale"},"content":{"rendered":"\n<p>Lorsque nous honorons l&rsquo;exp\u00e9rience noire, tant historiquement que dans le pr\u00e9sent, nous honorons la v\u00e9rit\u00e9. <strong>Cette v\u00e9rit\u00e9 est un investissement dans l&rsquo;avenir de nos collectivit\u00e9s.<\/strong>&nbsp;<\/p>\n\n<p><a href=\"https:\/\/asalh.org\/\" target=\"_blank\" rel=\"noreferrer noopener\">L&rsquo;Association pour l&rsquo;\u00e9tude de la vie et de l&rsquo;histoire afro-am\u00e9ricaines (ASALH)<\/a> a choisi la &nbsp; &nbsp; \u00ab <a href=\"https:\/\/asalh.org\/black-history-themes\/\" target=\"_blank\" rel=\"noreferrer noopener\">r\u00e9sistance noire<\/a> \u00bb comme th\u00e8me du Mois de l&rsquo;histoire des Noir\u00b7es de cette ann\u00e9e. Il s&rsquo;agit d&rsquo;une invitation collective \u00e0 \u00e9tudier l&rsquo;histoire des efforts de la communaut\u00e9 afro-am\u00e9ricaine pour \u00e9tablir des espaces s\u00fbrs o\u00f9 la vie des personnes noires peut \u00eatre soutenue, affirm\u00e9e et respect\u00e9e.<\/p>\n\n<p>En tant qu&rsquo;organisation, nous interpr\u00e9tons ce th\u00e8me comme un appel <strong>\u00e0 honorer et \u00e0 c\u00e9l\u00e9brer l&rsquo;histoire, le pr\u00e9sent et l&rsquo;avenir des Noir\u00b7es. <\/strong>Nous vous invitons \u00e0 vous joindre \u00e0 cette interpr\u00e9tation et \u00e0 nous laisser vos r\u00e9flexions et commentaires.<\/p>\n\n<p><strong>L&rsquo;histoire des Noir\u00b7es<\/strong><\/p>\n\n<p>Chaque ann\u00e9e, en f\u00e9vrier, les programmes scolaires typiques du Canada nous font d\u00e9couvrir l&rsquo;histoire des corps vol\u00e9s et d\u00e9plac\u00e9s du continent africain. Le programme soigneusement \u00e9labor\u00e9 aborde les horreurs de l&rsquo;esclavage, le terrorisme racial et la lutte acharn\u00e9e pour la participation et les droits socio-\u00e9conomiques \u00e9gaux. Au long de ce mois d&rsquo;observation, des figures de proue telles que Martin Luther King Jr., Rosa Parks et Harriet Tubman sont \u00e9voqu\u00e9es pour leur h\u00e9ritage et leur impact. Les <a href=\"https:\/\/droitsdelapersonne.ca\/histoire\/lhistoire-dafricville\" target=\"_blank\" rel=\"noreferrer noopener\">communaut\u00e9s africaines de la Nouvelle-\u00c9cosse<\/a> \u00e9tant peu ou pas du tout mentionn\u00e9es, nous avons tendance \u00e0 consid\u00e9rer le Canada comme un lieu de refuge \u2013 voire un havre de paix \u2013 pour la libert\u00e9 de la communaut\u00e9 noire, ce qui jette un voile opaque sur <a href=\"https:\/\/droitsdelapersonne.ca\/histoire\/lesclavage-dans-lhistoire-canadienne\" target=\"_blank\" rel=\"noreferrer noopener\">la v\u00e9ritable histoire de l&rsquo;esclavage au Canada<\/a>.&nbsp;<\/p>\n\n<p>Et au bout de 28 jours (et parfois 29, selon l&rsquo;ann\u00e9e), notre r\u00e9flexion est-elle termin\u00e9e?&nbsp;<\/p>\n\n<p><a href=\"https:\/\/www.youtube.com\/watch?v=nEnesQywGpw&amp;t=13s\" target=\"_blank\" rel=\"noreferrer noopener\">L&rsquo;histoire des Noir\u00b7es a lieu au quotidien<\/a>. L&rsquo;histoire des Noir\u00b7es n\u2019a pas commenc\u00e9 par l\u2019esclavage. C&rsquo;est l&rsquo;histoire du monde entier et nous avons toujours \u00e9t\u00e9 l\u00e0.&nbsp;<\/p>\n\n<p><strong>Bien que cet apprentissage important puisse favoriser notre compr\u00e9hension, il ne s&rsquo;agit que d&rsquo;un d\u00e9but. Les exp\u00e9riences et les accomplissements de la diaspora africaine sont immenses et ne peuvent \u00eatre condens\u00e9s en quelques semaines d\u2019\u00e9ducation. <\/strong>Nos anc\u00eatres nous ont l\u00e9gu\u00e9 une abondance d&rsquo;outils \u00e0 travers la langue vernaculaire, la gestuelle et les chants, et ce pour que nous puissions r\u00e9imaginer et reconstruire la vie des Noir\u00b7es.<\/p>\n\n<p>De m\u00eame, pour comprendre et traiter le flux interg\u00e9n\u00e9rationnel de traumatismes dans les communaut\u00e9s noires d&rsquo;aujourd&rsquo;hui, notre \u00e9ducation doit s&rsquo;appuyer sur une analyse plus approfondie. <strong>En tant que communaut\u00e9 de justice socio-environnementale, nous devons continuer \u00e0 faire le lien entre les r\u00e9alit\u00e9s historiques et actuelles de la supr\u00e9matie blanche, du capitalisme et du patriarcat, qui continuent d\u2019informer un syst\u00e8me qui d\u00e9truit notre plan\u00e8te et nos communaut\u00e9s.<\/strong> L&rsquo;histoire des Noir\u00b7es nous invite \u00e0 examiner les syst\u00e8mes n\u00e9ocoloniaux qui continuent d\u2019opprimer les corps noirs et bruns du monde entier. <strong>L&rsquo;apprentissage de notre histoire est une enqu\u00eate sur notre r\u00e9alit\u00e9 actuelle.<\/strong><\/p>\n\n<p>De cette fa\u00e7on, l&rsquo;histoire est la cl\u00e9 de la v\u00e9rit\u00e9 et de notre avenir. Comme nous le rappelle la D<sup>re<\/sup> <a href=\"https:\/\/wokescientist.substack.com\/p\/our-ancestors-did-not-just-pass-down\" target=\"_blank\" rel=\"noreferrer noopener\">Ayesha Khan<\/a>, \u00ab nous pouvons cr\u00e9er de nouvelles fa\u00e7ons d&rsquo;\u00eatre dans le pr\u00e9sent en nous inspirant du pass\u00e9 \u00bb.<\/p>\n\n<p><strong>L&rsquo;exp\u00e9rience noire aujourd&rsquo;hui<\/strong><\/p>\n\n<p>Le mouvement des droits civiques est synonyme de victoires et de pertes. Au fil du temps, ses strat\u00e9gies organisationnelles et ses messages ont \u00e9volu\u00e9 et se sont modernis\u00e9s. Pourtant, historiquement et aujourd&rsquo;hui au 21<sup>e<\/sup> si\u00e8cle, les demandes fondamentales des communaut\u00e9s noires se ressemblent beaucoup. Lors de la derni\u00e8re mobilisation pour les droits humains des personnes noires, le nombre incessant de vies noires abattues par les forces de l&rsquo;ordre a \u00e9t\u00e9 plac\u00e9 au premier plan comme jamais auparavant. Le <em>New York Times<\/em> ayant qualifi\u00e9 Black Lives Matter de l&rsquo;<a href=\"https:\/\/www.nytimes.com\/interactive\/2020\/07\/03\/us\/george-floyd-protests-crowd-size.html\" target=\"_blank\" rel=\"noreferrer noopener\">un des plus grands mouvements de l&rsquo;histoire des \u00c9tats-Unis<\/a>, l&rsquo;institutionnalisation du racisme anti-Noir peut d\u00e9sormais \u00eatre qualifi\u00e9e non pas de syst\u00e8me bris\u00e9, mais, comme l&rsquo;histoire le d\u00e9montre, de syst\u00e8me fonctionnant comme pr\u00e9vu. <strong>D\u00e9sormais, nos obligations sont claires : d\u00e9manteler les syst\u00e8mes d&rsquo;oppression et construire des communaut\u00e9s centr\u00e9es sur la justice.&nbsp;<\/strong><\/p>\n\n<p>\u00c0 l&rsquo;\u00e9chelle micro, l&rsquo;exp\u00e9rience des Noir\u00b7es est tout aussi complexe. <strong>En tant qu&rsquo;individus, familles et communaut\u00e9s, nous continuons \u00e0 vivre avec pl\u00e9nitude et vitalit\u00e9, ce qui est aussi une forme de r\u00e9sistance.&nbsp;<\/strong><\/p>\n\n<p>Tout en travaillant \u00e0 am\u00e9liorer notre bien-\u00eatre, nous reconnaissons l&rsquo;importance de c\u00e9l\u00e9brer le quotidien ordinaire des personnes noires : trouver dans les moments les plus ordinaires de notre vie des moyens d&rsquo;honorer notre existence. Dans une r\u00e9cente exposition d&rsquo;art au Mus\u00e9e des beaux-arts de l&rsquo;Ontario, l&rsquo;exposition du photographe Zun Lee, intitul\u00e9e <a href=\"https:\/\/ago.ca\/exhibitions\/what-matters-most-photographs-black-life\" target=\"_blank\" rel=\"noreferrer noopener\"><em>What Matters Most : Photographs of Black Life<\/em><\/a>, illustre parfaitement cette c\u00e9l\u00e9bration du quotidien. Une citation sur le mur indiquait :&nbsp;<\/p>\n\n<p>\u00ab Regardez ces photographies et vous d\u00e9couvrirez le regard et les gestes des Afro-Am\u00e9ricain\u00b7es ordinaires, une communaut\u00e9 complexe et diverse trop occup\u00e9e \u00e0 aimer, se marier, danser, v\u00e9n\u00e9rer, r\u00eaver, rire, se disputer, jouer, travailler, bien se v\u00eatir, avoir l&rsquo;air cool, \u00e9lever des enfants, s\u2019organiser, faire de la magie et \u00e9crire de la po\u00e9sie pour s&rsquo;inqui\u00e9ter de ce que les personnes blanches pensent d&rsquo;elle.\u00a0\u00bb &#8211; Robin D.G. Kelley, \u00ab Introduction \u00bb dans <em>Reflections in Black<\/em> (2000) de Deb Willis<\/p>\n\n<p>Les conditions sociopolitiques font souvent en sorte que la vie des personnes noires soit synonyme de lutte. Nos vies peuvent aussi \u00eatre douces et belles, excitantes et aventureuses, ou normales et banales. \u00catre Noir\u00b7e, c&rsquo;est conna\u00eetre \u00e0 la fois la col\u00e8re et la joie, l&rsquo;abondance et les difficult\u00e9s. <strong>Ainsi, honorer les vies noires se doit d\u2019\u00eatre un exercice holistique.&nbsp;<\/strong><\/p>\n\n<p><strong>Les futurs noirs<\/strong><\/p>\n\n<p>La r\u00e9sistance noire ne doit pas se limiter au mois de f\u00e9vrier. L&rsquo;enseignement de l&rsquo;histoire des Noir\u00b7es est un investissement dans la justice raciale, maintenant et pour toujours. <strong>Le moment est venu de nous demander quels r\u00f4les nous voulons jouer dans un avenir encore \u00e9mergent.<\/strong>&nbsp;<\/p>\n\n<p><a href=\"https:\/\/www.instagram.com\/p\/CoIMW9ou4lC\/?igshid=MWI4MTIyMDE=\" target=\"_blank\" rel=\"noreferrer noopener\">En tant que communaut\u00e9 de justice socio-environnementale, nous devons comprendre que l&rsquo;Anthropoc\u00e8ne est un ph\u00e9nom\u00e8ne racial et reconna\u00eetre le racisme anti-Noir en tant que cause de crise \u00e9cologique<\/a>. Nous devons r\u00e9sister aux structures qui favorisent les mentalit\u00e9s destructrices qui d\u00e9truisent notre plan\u00e8te, nos liens et notre humanit\u00e9. L&rsquo;avenir de notre monde en d\u00e9pend.<\/p>\n\n<p>Voici quelques moyens importants d&rsquo;investir dans les futurs noirs :<\/p>\n\n<ul class=\"wp-block-list\">\n<li>Croire les personnes noires lorsque nous partageons des exp\u00e9riences dont vous ne savez peut-\u00eatre rien;<\/li>\n\n\n\n<li>Soutenir et amplifier les r\u00eaves, les id\u00e9es, les projets commerciaux, les voix et les v\u00e9rit\u00e9s des personnes noires;<\/li>\n\n\n\n<li>\u00c9duquez-vous sans qu&rsquo;on vous le demande. Et surtout, ne demandez pas aux personnes noires de vous \u00e9duquer comme si c&rsquo;\u00e9tait leur responsabilit\u00e9.&nbsp;<\/li>\n<\/ul>\n\n<p><strong>\u00c0 l\u2019intention des personnes noires : Pour reprendre les mots de <\/strong><a href=\"https:\/\/www.futureancestors.ca\/\" target=\"_blank\" rel=\"noreferrer noopener\"><strong>Larissa Crawford<\/strong><\/a><strong>, nous sommes nos futur\u00b7es anc\u00eatres. Nous sommes les r\u00eaves les plus fous de nos anc\u00eatres et les g\u00e9n\u00e9rations \u00e0 venir seront notre h\u00e9ritage.<\/strong><\/p>\n","protected":false},"excerpt":{"rendered":"<p>Lorsque nous honorons l&rsquo;exp\u00e9rience noire, tant historiquement que dans le pr\u00e9sent, nous honorons la v\u00e9rit\u00e9. Cette v\u00e9rit\u00e9 est un investissement dans l&rsquo;avenir de nos collectivit\u00e9s.<\/p>\n","protected":false},"author":129,"featured_media":57128,"comment_status":"open","ping_status":"open","sticky":false,"template":"","format":"standard","meta":{"ep_exclude_from_search":false,"p4_og_title":"Pourquoi nous honorons et c\u00e9l\u00e9brons l'histoire, le pr\u00e9sent et l'avenir de la communaut\u00e9 noire en tant que groupe de justice socio-environnementale","p4_og_description":"Lorsque nous honorons l'exp\u00e9rience noire, tant historiquement que dans le pr\u00e9sent, nous honorons la v\u00e9rit\u00e9. Cette v\u00e9rit\u00e9 est un investissement dans l'avenir de nos collectivit\u00e9s.","p4_og_image":"https:\/\/www.greenpeace.org\/static\/planet4-canada-stateless\/2023\/02\/b6369386-fr-blog-preview-image.png","p4_og_image_id":"57241","p4_seo_canonical_url":"","p4_campaign_name":"not set","p4_local_project":"not set","p4_basket_name":"not set","p4_department":"","footnotes":""},"categories":[140],"tags":[182],"p4-page-type":[],"class_list":["post-56210","post","type-post","status-publish","format-standard","has-post-thumbnail","hentry","category-egalite","tag-justice-raciale"],"_links":{"self":[{"href":"https:\/\/www.greenpeace.org\/canada\/fr\/wp-json\/wp\/v2\/posts\/56210","targetHints":{"allow":["GET"]}}],"collection":[{"href":"https:\/\/www.greenpeace.org\/canada\/fr\/wp-json\/wp\/v2\/posts"}],"about":[{"href":"https:\/\/www.greenpeace.org\/canada\/fr\/wp-json\/wp\/v2\/types\/post"}],"author":[{"embeddable":true,"href":"https:\/\/www.greenpeace.org\/canada\/fr\/wp-json\/wp\/v2\/users\/129"}],"replies":[{"embeddable":true,"href":"https:\/\/www.greenpeace.org\/canada\/fr\/wp-json\/wp\/v2\/comments?post=56210"}],"version-history":[{"count":9,"href":"https:\/\/www.greenpeace.org\/canada\/fr\/wp-json\/wp\/v2\/posts\/56210\/revisions"}],"predecessor-version":[{"id":57882,"href":"https:\/\/www.greenpeace.org\/canada\/fr\/wp-json\/wp\/v2\/posts\/56210\/revisions\/57882"}],"wp:featuredmedia":[{"embeddable":true,"href":"https:\/\/www.greenpeace.org\/canada\/fr\/wp-json\/wp\/v2\/media\/57128"}],"wp:attachment":[{"href":"https:\/\/www.greenpeace.org\/canada\/fr\/wp-json\/wp\/v2\/media?parent=56210"}],"wp:term":[{"taxonomy":"category","embeddable":true,"href":"https:\/\/www.greenpeace.org\/canada\/fr\/wp-json\/wp\/v2\/categories?post=56210"},{"taxonomy":"post_tag","embeddable":true,"href":"https:\/\/www.greenpeace.org\/canada\/fr\/wp-json\/wp\/v2\/tags?post=56210"},{"taxonomy":"p4-page-type","embeddable":true,"href":"https:\/\/www.greenpeace.org\/canada\/fr\/wp-json\/wp\/v2\/p4-page-type?post=56210"}],"curies":[{"name":"wp","href":"https:\/\/api.w.org\/{rel}","templated":true}]}}