{"id":5631,"date":"2018-10-23T11:43:04","date_gmt":"2018-10-23T15:43:04","guid":{"rendered":"https:\/\/www.greenpeace.org\/canada\/?p=5631"},"modified":"2019-11-06T03:28:27","modified_gmt":"2019-11-06T08:28:27","slug":"reaction-pas-de-passe-droit-sur-la-lutte-contre-les-changements-climatiques","status":"publish","type":"post","link":"https:\/\/www.greenpeace.org\/canada\/fr\/communique-de-presse\/5631\/reaction-pas-de-passe-droit-sur-la-lutte-contre-les-changements-climatiques\/","title":{"rendered":"R\u00c9ACTION: Pas de passe droit sur la lutte contre les changements climatiques"},"content":{"rendered":"<p><strong>23 octobre, 2018 (TORONTO)<\/strong> &#8211; En r\u00e9ponse \u00e0 l\u2019annonce du gouvernement f\u00e9d\u00e9ral sur le syst\u00e8me de plafonnement et d\u2019\u00e9change, Patrick Bonin, responsable de la campagne Climat-\u00c9nergie chez Greenpeace Canada a dit:<\/p>\n<p>\u00abCette d\u00e9cision d\u00e9montre que personne ne peut ignorer la lutte contre les changements climatiques. Un prix sur la pollution est d\u00e9finitivement un pas dans la bonne direction et facilitera la cr\u00e9ation d&#8217;emplois verts dans une \u00e9conomie soutenue par les \u00e9nergies propres. Un prix sur le carbone n\u2019est qu\u2019une premi\u00e8re \u00e9tape et doit \u00eatre suivi d\u2019une multitude d\u2019autres afin que les actions du Canada et des provinces soient coh\u00e9rentes avec ce que les scientifiques jugent n\u00e9cessaire pour \u00e9viter les pires impacts des changements climatiques. Au Qu\u00e9bec, le gouvernement Legault a r\u00e9cemment affirm\u00e9 qu\u2019il avait compris le message de la population et en ferait davantage pour lutter contre les changements climatiques. Il devra rapidement investir les fonds amass\u00e9s par le syst\u00e8me de plafonnement et d\u2019\u00e9change d\u2019\u00e9missions pour proposer des programmes et mettre des mesures en place, \u00e0 commencer par mieux financer le transport collectif, de mani\u00e8re \u00e0 r\u00e9duire la pollution.\u00bb<\/p>\n<p>Rappelons que le prix sur le carbone touchera sp\u00e9cifiquement le Nouveau-Brunswick, la Saskatchewan, le Manitoba et l&rsquo;Ontario, provinces o\u00f9 les gouvernements n\u2019ont pas mis en place leurs propres syst\u00e8mes conform\u00e9ment aux standards \u00e9tablis par le f\u00e9d\u00e9ral.<\/p>\n<p>Le gouvernement Ford a adopt\u00e9 en juillet un r\u00e8glement et une l\u00e9gislation annulant le programme de plafonnement et d\u2019\u00e9change d\u2019\u00e9missions de l\u2019Ontario ainsi que les objectifs de r\u00e9duction des \u00e9missions de carbone de la province. Greenpeace, repr\u00e9sent\u00e9 par les avocats d&rsquo;Ecojustice, a donc choisi de poursuivre le gouvernement Ford en septembre.<\/p>\n<p>La poursuite all\u00e8gue que le gouvernement Ford n\u2019a pas respect\u00e9 la loi en n\u2019organisant pas de consultations publiques sur le r\u00e8glement abolissant le syst\u00e8me de plafonnement et d\u2019\u00e9change de l\u2019Ontario ainsi que sur le projet de Loi 4, la Loi de 2018 annulant le programme de plafonnement et d\u2019\u00e9change, projet de loi qui est actuellement devant la l\u00e9gislature. La d\u00e9marche demande \u00e9galement \u00e0 la Cour d&rsquo;annuler le r\u00e8glement.<\/p>\n<p>Quelques heures apr\u00e8s le d\u00e9p\u00f4t de la plainte par Greenpeace, le minist\u00e8re de l&rsquo;Environnement, de la Protection de la nature et des Parcs a affich\u00e9 au Registre environnemental de l&rsquo;Ontario un avis pr\u00e9voyant une p\u00e9riode de consultation publique de 30 jours pour le projet de loi 4, Loi de 2018 annulant le programme de plafonnement et d\u2019\u00e9change.<\/p>\n<p style=\"text-align: center\">-30-<\/p>\n<p><strong>Pour plus d\u2019informations, contactez:<\/strong><\/p>\n<p>Patrick Bonin, Responsable de la campagne Climat-\u00c9nergie, Greenpeace Canada<br \/>\npbonin@greenpeace.org; +1 514 594-1221<\/p>\n<p>Marie-Christine Fiset, Responsable des m\u00e9dias, Greenpeace Canada<br \/>\nmfiset@greenpeace.org; +1 972-6316<\/p>\n","protected":false},"excerpt":{"rendered":"<p>23 octobre, 2018 (TORONTO) &#8211; En r\u00e9ponse \u00e0 l\u2019annonce du gouvernement f\u00e9d\u00e9ral sur le syst\u00e8me de plafonnement et d\u2019\u00e9change, Patrick Bonin, responsable de la campagne Climat-\u00c9nergie chez Greenpeace Canada a&hellip;<\/p>\n","protected":false},"author":52,"featured_media":5621,"comment_status":"open","ping_status":"open","sticky":false,"template":"","format":"standard","meta":{"ep_exclude_from_search":false,"p4_og_title":"","p4_og_description":"","p4_og_image":"","p4_og_image_id":"","p4_seo_canonical_url":"","p4_campaign_name":"","p4_local_project":"","p4_basket_name":"","p4_department":"","footnotes":""},"categories":[19],"tags":[41,47,49],"p4-page-type":[183],"class_list":["post-5631","post","type-post","status-publish","format-standard","has-post-thumbnail","hentry","category-nature-fr","tag-climat","tag-petrole","tag-solutionsenergetiques","p4-page-type-communique-de-presse"],"_links":{"self":[{"href":"https:\/\/www.greenpeace.org\/canada\/fr\/wp-json\/wp\/v2\/posts\/5631","targetHints":{"allow":["GET"]}}],"collection":[{"href":"https:\/\/www.greenpeace.org\/canada\/fr\/wp-json\/wp\/v2\/posts"}],"about":[{"href":"https:\/\/www.greenpeace.org\/canada\/fr\/wp-json\/wp\/v2\/types\/post"}],"author":[{"embeddable":true,"href":"https:\/\/www.greenpeace.org\/canada\/fr\/wp-json\/wp\/v2\/users\/52"}],"replies":[{"embeddable":true,"href":"https:\/\/www.greenpeace.org\/canada\/fr\/wp-json\/wp\/v2\/comments?post=5631"}],"version-history":[{"count":2,"href":"https:\/\/www.greenpeace.org\/canada\/fr\/wp-json\/wp\/v2\/posts\/5631\/revisions"}],"predecessor-version":[{"id":5633,"href":"https:\/\/www.greenpeace.org\/canada\/fr\/wp-json\/wp\/v2\/posts\/5631\/revisions\/5633"}],"wp:featuredmedia":[{"embeddable":true,"href":"https:\/\/www.greenpeace.org\/canada\/fr\/wp-json\/wp\/v2\/media\/5621"}],"wp:attachment":[{"href":"https:\/\/www.greenpeace.org\/canada\/fr\/wp-json\/wp\/v2\/media?parent=5631"}],"wp:term":[{"taxonomy":"category","embeddable":true,"href":"https:\/\/www.greenpeace.org\/canada\/fr\/wp-json\/wp\/v2\/categories?post=5631"},{"taxonomy":"post_tag","embeddable":true,"href":"https:\/\/www.greenpeace.org\/canada\/fr\/wp-json\/wp\/v2\/tags?post=5631"},{"taxonomy":"p4-page-type","embeddable":true,"href":"https:\/\/www.greenpeace.org\/canada\/fr\/wp-json\/wp\/v2\/p4-page-type?post=5631"}],"curies":[{"name":"wp","href":"https:\/\/api.w.org\/{rel}","templated":true}]}}