{"id":5729,"date":"2018-10-30T14:49:45","date_gmt":"2018-10-30T18:49:45","guid":{"rendered":"https:\/\/www.greenpeace.org\/canada\/?p=5729"},"modified":"2021-12-06T06:32:58","modified_gmt":"2021-12-06T11:32:58","slug":"avis-aux-medias-projection-artistique-une-immersion-virtuelle-dans-la-foret-boreale","status":"publish","type":"post","link":"https:\/\/www.greenpeace.org\/canada\/fr\/blog-des-volontaires\/5729\/avis-aux-medias-projection-artistique-une-immersion-virtuelle-dans-la-foret-boreale\/","title":{"rendered":"AVIS AUX M\u00c9DIAS: Projection Artistique: une immersion virtuelle dans la for\u00eat bor\u00e9ale"},"content":{"rendered":"<h5><b>AVIS AUX M\u00c9DIAS <\/b><\/h5>\n<h5><span style=\"font-weight: 400;\">POUR DIFFUSION IMM\u00c9DIATE<\/span><\/h5>\n<h2><b>Projection Artistique: <\/b><b>une immersion virtuelle dans la for\u00eat bor\u00e9ale<\/b><\/h2>\n<p><img loading=\"lazy\" decoding=\"async\" class=\"size-medium wp-image-5806 aligncenter\" src=\"https:\/\/www.greenpeace.org\/static\/planet4-canada-stateless\/2018\/11\/6e5c75d3-projection_final-300x199.png\" alt=\"\" width=\"300\" height=\"199\" srcset=\"https:\/\/www.greenpeace.org\/static\/planet4-canada-stateless\/2018\/11\/6e5c75d3-projection_final-300x199.png 300w, https:\/\/www.greenpeace.org\/static\/planet4-canada-stateless\/2018\/11\/6e5c75d3-projection_final-768x509.png 768w, https:\/\/www.greenpeace.org\/static\/planet4-canada-stateless\/2018\/11\/6e5c75d3-projection_final-1024x678.png 1024w, https:\/\/www.greenpeace.org\/static\/planet4-canada-stateless\/2018\/11\/6e5c75d3-projection_final-2048x1356.png 2048w, https:\/\/www.greenpeace.org\/static\/planet4-canada-stateless\/2018\/11\/6e5c75d3-projection_final-510x338.png 510w\" sizes=\"auto, (max-width: 300px) 100vw, 300px\" \/><\/p>\n<p><b>30 octobre 2018 (MONTR\u00c9AL) &#8211; <\/b><span style=\"font-weight: 400;\">Dans le cadre de la <\/span><b>Journ\u00e9e internationale d\u2019action pour la for\u00eat bor\u00e9ale<\/b><span style=\"font-weight: 400;\">, Greenpeace Canada vous invite \u00e0 une immersion virtuelle au coeur de la for\u00eat bor\u00e9ale canadienne gr\u00e2ce \u00e0 une projection murale grandiose, directement sur la fa\u00e7ade du Centre d\u2019histoire de Montr\u00e9al. <\/span><\/p>\n<p><span style=\"font-weight: 400;\">Cette exp\u00e9rience interactive cr\u00e9\u00e9e par <\/span><a href=\"https:\/\/www.hubstudio.co\/\"><span style=\"font-weight: 400;\">HUB Studio<\/span><\/a><span style=\"font-weight: 400;\"> sera narr\u00e9e par l\u2019actrice qu\u00e9b\u00e9coise Charlotte Aubin (Blue Moon, Ceux qui font les r\u00e9volutions \u00e0 moiti\u00e9 n&rsquo;ont fait que se creuser un tombeau) et l&rsquo;acteur Marc-Andr\u00e9 Grondin (C.R.A.Z.Y, Goon, Le Premier Jour du Reste de ta Vie) et permettra aux gens d\u2019interagir directement avec les aurores bor\u00e9ales projet\u00e9es. L\u2019artiste montr\u00e9alais <\/span><a href=\"http:\/\/www.aliocha.net\/elevensongs-nouvelalbum\"><span style=\"font-weight: 400;\">Aliocha<\/span><\/a><span style=\"font-weight: 400;\">, nomm\u00e9 \u00e0 l&rsquo;ADISQ dans les cat\u00e9gories \u201cmeilleur album anglophone\u201d et \u00a0\u00ab\u00a0artiste qu\u00e9b\u00e9cois de l&rsquo;ann\u00e9e s&rsquo;\u00e9tant le plus illustr\u00e9 hors Qu\u00e9bec\u00a0\u00bb sera sur place pour offrir une prestation musicale intimiste. <\/span><\/p>\n<p><span style=\"font-weight: 400;\">Depuis des milliers d\u2019ann\u00e9es, la for\u00eat bor\u00e9ale joue un r\u00f4le essentiel dans l\u2019assainissement de nos cours d\u2019eau, la purification de notre air et la r\u00e9gularisation de notre climat. Cet \u00e9cosyst\u00e8me est toutefois menac\u00e9. La projection sera une opportunit\u00e9 pour Greenpeace de sensibiliser le public \u00e0 l\u2019importance de cette for\u00eat.<\/span><\/p>\n<p style=\"text-align: center;\"><b>D\u00c9TAILS<\/b><\/p>\n<p style=\"text-align: center;\"><b>Date: \u00a0Samedi le 3 novembre, 2018<\/b><\/p>\n<p style=\"text-align: center;\"><b>\u00c9v\u00e9nement: Nous Sommes la for\u00eat: <\/b><b>Une projection murale interactive de la for\u00eat bor\u00e9ale<\/b><\/p>\n<p style=\"text-align: center;\"><b>Organis\u00e9 par: Greenpeace Canada<\/b><\/p>\n<p style=\"text-align: center;\"><b>Horaire : 8 PM \u00e0 9 PM EST<\/b><\/p>\n<p style=\"text-align: center;\"><b>Endroit: Centre d\u2019Histoire de Montr\u00e9al, 335 Place d\u2019Youville, Montreal, QC, H2Y 3T1.<\/b><\/p>\n<p>&nbsp;<\/p>\n<p style=\"text-align: center;\"><span style=\"font-weight: 400;\">-30-<\/span><\/p>\n<p><strong>Pour toutes questions, entrevues ou photos, veuillez contacter:<\/strong><\/p>\n<p><span style=\"font-weight: 400;\">Marie Moucarry, Conseill\u00e8re aux communications, Greenpeace Canada, 438-993-6127, marie.moucarry@greenpeace.org<\/span><\/p>\n\t\t\t<section\n\t\t\tclass=\"boxout post-2575 \"\n\t\t\t\n\t\t>\n\t\t\t<a\n\t\t\t\tdata-ga-category=\"Take Action Boxout\"\n\t\t\t\tdata-ga-action=\"Image\"\n\t\t\t\tdata-ga-label=\"n\/a\"\n\t\t\t\tclass=\"cover-card-overlay\"\n\t\t\t\thref=\"https:\/\/www.greenpeace.org\/canada\/fr\/protegez-le-caribou-boreal\/\" \n\t\t\t><\/a>\n\t\t\t\t\t\t\t<img\n\t\t\t\t\t\tsrc=\"https:\/\/www.greenpeace.org\/static\/planet4-canada-stateless\/2018\/06\/GP03QUW-1024x1024.jpg\"\n\t\t\t\t\t\tsrcset=\"https:\/\/www.greenpeace.org\/static\/planet4-canada-stateless\/2018\/06\/GP03QUW-300x300.jpg 300w, https:\/\/www.greenpeace.org\/static\/planet4-canada-stateless\/2018\/06\/GP03QUW-150x150.jpg 150w, https:\/\/www.greenpeace.org\/static\/planet4-canada-stateless\/2018\/06\/GP03QUW-768x768.jpg 768w, https:\/\/www.greenpeace.org\/static\/planet4-canada-stateless\/2018\/06\/GP03QUW-1024x1024.jpg 1024w, https:\/\/www.greenpeace.org\/static\/planet4-canada-stateless\/2018\/06\/GP03QUW-340x340.jpg 340w, https:\/\/www.greenpeace.org\/static\/planet4-canada-stateless\/2018\/06\/GP03QUW.jpg 1200w\"\n\t\t\t\t\t\tsizes=\"(min-width: 1000px) 358px, (min-width: 780px) 313px, 88px\"\n\t\t\t\t\t\talt=\"Woodland Caribou in Canada\" title=\"Woodland Caribou in Canada\"\n\t\t\t\t\/>\n            \t\t\t<div class=\"boxout-content\">\n\t\t\t\t\t\t\t\t\t<a\n\t\t\t\t\t\tclass=\"boxout-heading medium\"\n\t\t\t\t\t\tdata-ga-category=\"Take Action Boxout\"\n\t\t\t\t\t\tdata-ga-action=\"Title\"\n\t\t\t\t\t\tdata-ga-label=\"n\/a\"\n\t\t\t\t\t\thref=\"https:\/\/www.greenpeace.org\/canada\/fr\/protegez-le-caribou-boreal\/\"\n\t\t\t\t\t\t\n\t\t\t\t\t>\n\t\t\t\t\t\tProt\u00e9gez le caribou bor\u00e9al\n\t\t\t\t\t<\/a>\n\t\t\t\t\t\t\t\t\t\t\t\t\t<p class=\"boxout-excerpt\">\u00c0 travers le pays, les hardes de caribous font face \u00e0 un d\u00e9clin alarmant et risquent m\u00eame l\u2019extinction dans certaines zones.<\/p>\n\t\t\t\t                                    <a\n                        class=\"btn btn-primary\"\n                        data-ga-category=\"Take Action Boxout\"\n                        data-ga-action=\"Call to Action\"\n                        data-ga-label=\"n\/a\"\n                        href=\"https:\/\/www.greenpeace.org\/canada\/fr\/protegez-le-caribou-boreal\/\"\n                        \n                    >\n                        Passer \u00e0 l&#039;action\n                    <\/a>\n                \t\t\t<\/div>\n\t\t\t\t\t<\/section>\n\t","protected":false},"excerpt":{"rendered":"<p>AVIS AUX M\u00c9DIAS POUR DIFFUSION IMM\u00c9DIATE Projection Artistique: une immersion virtuelle dans la for\u00eat bor\u00e9ale 30 octobre 2018 (MONTR\u00c9AL) &#8211; Dans le cadre de la Journ\u00e9e internationale d\u2019action pour la&hellip;<\/p>\n","protected":false},"author":36,"featured_media":5730,"comment_status":"open","ping_status":"open","sticky":false,"template":"","format":"standard","meta":{"ep_exclude_from_search":false,"p4_og_title":"","p4_og_description":"","p4_og_image":"","p4_og_image_id":"","p4_seo_canonical_url":"","p4_campaign_name":"","p4_local_project":"","p4_basket_name":"","p4_department":"","footnotes":""},"categories":[19],"tags":[43],"p4-page-type":[],"class_list":["post-5729","post","type-post","status-publish","format-standard","has-post-thumbnail","hentry","category-nature-fr","tag-forets"],"_links":{"self":[{"href":"https:\/\/www.greenpeace.org\/canada\/fr\/wp-json\/wp\/v2\/posts\/5729","targetHints":{"allow":["GET"]}}],"collection":[{"href":"https:\/\/www.greenpeace.org\/canada\/fr\/wp-json\/wp\/v2\/posts"}],"about":[{"href":"https:\/\/www.greenpeace.org\/canada\/fr\/wp-json\/wp\/v2\/types\/post"}],"author":[{"embeddable":true,"href":"https:\/\/www.greenpeace.org\/canada\/fr\/wp-json\/wp\/v2\/users\/36"}],"replies":[{"embeddable":true,"href":"https:\/\/www.greenpeace.org\/canada\/fr\/wp-json\/wp\/v2\/comments?post=5729"}],"version-history":[{"count":9,"href":"https:\/\/www.greenpeace.org\/canada\/fr\/wp-json\/wp\/v2\/posts\/5729\/revisions"}],"predecessor-version":[{"id":51407,"href":"https:\/\/www.greenpeace.org\/canada\/fr\/wp-json\/wp\/v2\/posts\/5729\/revisions\/51407"}],"wp:featuredmedia":[{"embeddable":true,"href":"https:\/\/www.greenpeace.org\/canada\/fr\/wp-json\/wp\/v2\/media\/5730"}],"wp:attachment":[{"href":"https:\/\/www.greenpeace.org\/canada\/fr\/wp-json\/wp\/v2\/media?parent=5729"}],"wp:term":[{"taxonomy":"category","embeddable":true,"href":"https:\/\/www.greenpeace.org\/canada\/fr\/wp-json\/wp\/v2\/categories?post=5729"},{"taxonomy":"post_tag","embeddable":true,"href":"https:\/\/www.greenpeace.org\/canada\/fr\/wp-json\/wp\/v2\/tags?post=5729"},{"taxonomy":"p4-page-type","embeddable":true,"href":"https:\/\/www.greenpeace.org\/canada\/fr\/wp-json\/wp\/v2\/p4-page-type?post=5729"}],"curies":[{"name":"wp","href":"https:\/\/api.w.org\/{rel}","templated":true}]}}