{"id":57681,"date":"2023-03-08T10:33:16","date_gmt":"2023-03-08T15:33:16","guid":{"rendered":"https:\/\/www.greenpeace.org\/canada\/?p=57681"},"modified":"2023-03-09T15:08:42","modified_gmt":"2023-03-09T20:08:42","slug":"un-portrait-global-de-lurgence-climatique-et-de-ses-solutions-le-giec-publie-son-sixieme-rapport-devaluation-dans-son-integralite","status":"publish","type":"post","link":"https:\/\/www.greenpeace.org\/canada\/fr\/blog-des-volontaires\/57681\/un-portrait-global-de-lurgence-climatique-et-de-ses-solutions-le-giec-publie-son-sixieme-rapport-devaluation-dans-son-integralite\/","title":{"rendered":"<strong>Un portrait global de l&rsquo;urgence climatique et de ses solutions : le GIEC publie son sixi\u00e8me rapport d&rsquo;\u00e9valuation dans son int\u00e9gralit\u00e9<\/strong>"},"content":{"rendered":"\n<p><em>L&rsquo;approbation <em>Rapport synth\u00e8se<\/em><\/em> <em>du sixi\u00e8me rapport d&rsquo;\u00e9valuation (AR6) du Groupe d&rsquo;experts intergouvernemental sur l&rsquo;\u00e9volution du climat (GIEC) aura lieu du 13 au 17 mars \u00e0 Interlaken, en Suisse, et sera suivie par son lancement le 20 mars.<\/em><\/p>\n\n<ul class=\"wp-block-list\">\n<li><strong>Conf\u00e9rence de presse le lundi 20 mars 2023 \u00e0 14 h CET<\/strong><\/li>\n\n\n\n<li><strong>Les m\u00e9dias doivent s&rsquo;inscrire \u00e0 l&rsquo;avance <\/strong><a href=\"https:\/\/www.ipcc.ch\/2023\/02\/27\/media-registration-ar6-synthesis-report\/\"><strong>ici<\/strong><\/a><strong>. La date limite d&rsquo;inscription est le mardi 14 mars 2023.<\/strong><\/li>\n<\/ul>\n\n<p>En voie de conclure son sixi\u00e8me cycle d&rsquo;\u00e9valuation entam\u00e9 en 2015, le Groupe d&rsquo;experts intergouvernemental sur l&rsquo;\u00e9volution du climat (GIEC) se r\u00e9unira dans le cadre d&rsquo;une d\u00e9marche conjointe avec les gouvernements et les scientifiques pour finaliser son sixi\u00e8me rapport d&rsquo;\u00e9valuation. Le Rapport de synth\u00e8se int\u00e9grera les conclusions des trois rapports des groupes de travail et des trois rapports sp\u00e9ciaux publi\u00e9s depuis 2018.&nbsp;<\/p>\n\n<p><strong>Kaisa Kosonen, conseill\u00e8re principale en politiques chez Greenpeace Nordique, a d\u00e9clar\u00e9 :<br><\/strong>\u00ab C\u2019est majeur! Cela fait sept ans que l&rsquo;Accord de Paris a \u00e9t\u00e9 sign\u00e9, et maintenant des scientifiques de renomm\u00e9e internationale vont se prononcer sur la mesure dans laquelle les gouvernements ont su tenir leurs engagements.<\/p>\n\n<p>Cela risque d&rsquo;\u00eatre d\u00e9courageant, mais il s&rsquo;agit d&rsquo;un rappel n\u00e9cessaire pour construire un monde meilleur. Nous sommes d\u00e9j\u00e0 dans un profond d\u00e9sordre, et \u00e0 cela s&rsquo;ajoutent d\u2019autres impacts irr\u00e9versibles que nous avons engendr\u00e9s. Mais le rapport mettra \u00e9galement en lumi\u00e8re les solutions dont nous disposons aujourd&rsquo;hui \u00e0 une \u00e9chelle et \u00e0 un co\u00fbt plus accessibles que jamais.<\/p>\n\n<p>Il n&rsquo;y a pas de place pour les interpr\u00e9tations erron\u00e9es en ce moment d\u00e9cisif. Les scientifiques pr\u00e9senteront leur plan de secours ligne par ligne en prenant soin de ne rater aucune mise en garde, et aucun gouvernement ne pourra pr\u00e9tendre qu&rsquo;il n&rsquo;a pas re\u00e7u le message. \u00bb<\/p>\n\n<p><strong>Le rapport devrait conclure,<\/strong> dans un langage simple, comment l\u2019action et les changements climatiques ont progress\u00e9 depuis le dernier cycle d&rsquo;\u00e9valuation ayant pris fin en 2014, le tout en abordant les points suivants :<\/p>\n\n<ul class=\"wp-block-list\">\n<li>Quel est l&rsquo;impact des \u00e9missions d&rsquo;origine humaine sur notre syst\u00e8me climatique?<\/li>\n\n\n\n<li>Quel est l&rsquo;impact sur les populations et les autres formes de vie sur Terre?<\/li>\n\n\n\n<li>Que nous r\u00e9serve l&rsquo;avenir en termes de risques et de changements?<\/li>\n\n\n\n<li>Quelles sont les options dont nous disposons pour faire face aux causes et aux cons\u00e9quences du r\u00e9chauffement climatique?<\/li>\n\n\n\n<li>Que faut-il faire pour respecter la limite de r\u00e9chauffement fix\u00e9e par l&rsquo;Accord de Paris et atteindre les autres objectifs que nous nous sommes donn\u00e9s?<\/li>\n\n\n\n<li>Que se passera-t-il si nous continuons \u00e0 agir de mani\u00e8re tardive et inad\u00e9quate? Qui en subira les cons\u00e9quences et \u00e0 quel moment?<br><\/li>\n<\/ul>\n\n<p>Pour consulter la structure propos\u00e9e pour le rapport de synth\u00e8se, cliquez <a href=\"https:\/\/www.ipcc.ch\/site\/assets\/uploads\/2019\/12\/120220200956-Doc.-10AR6-SYR.pdf\">ici<\/a>.<\/p>\n\n<p><strong>Greenpeace est un observateur officiel du GIEC et assistera \u00e0 la r\u00e9union d&rsquo;approbation en Suisse. <\/strong>Des sp\u00e9cialistes sont disponibles pour tout commentaire.<br><br>Ceci conclura l&rsquo;histoire compl\u00e8te du sixi\u00e8me rapport d&rsquo;\u00e9valuation du GIEC.<\/p>\n\n<p>Comme le rapport de synth\u00e8se int\u00e9grera les conclusions de rapports d\u00e9j\u00e0 existants, ces rapports et leurs r\u00e9sum\u00e9s constituent une lecture utile.<\/p>\n\n<p class=\"has-text-align-center\"><strong>-30-<\/strong><\/p>\n\n<p><strong>Remarque : <\/strong>Voir les notes d&rsquo;information ind\u00e9pendantes de Greenpeace sur les contributions du GIEC au RE6 publi\u00e9es pr\u00e9c\u00e9demment :<br><a href=\"https:\/\/www.greenpeace.org\/canada\/fr\/communique-de-presse\/49581\/le-rapport-du-giec-marque-un-moment-decisif-pour-lhumanite-une-action-climatique-urgente-est-necessaire\/\">Communiqu\u00e9 et fran\u00e7ais<\/a> et <a href=\"https:\/\/www.greenpeace.org\/static\/planet4-international-stateless\/2021\/08\/6e4e5e21-greenpeace-briefing_ipcc-wg1-key-takeaways_090821.pdf\">WGI report on Physical Science Basis (AR6 WG1)<br><\/a><a href=\"https:\/\/www.greenpeace.org\/static\/planet4-international-stateless\/2022\/02\/36383a69-greenpeace-briefing_ipcc-wg2-key-takeaways.pdf\"><a href=\"https:\/\/www.greenpeace.org\/canada\/fr\/communique-de-presse\/52247\/nouveau-rapport-du-giec-nous-ne-sommes-pas-prepares-a-ce-qui-nous-attend\/\">Communiqu\u00e9 et fran\u00e7ais<\/a><\/a> et <a href=\"https:\/\/www.greenpeace.org\/static\/planet4-international-stateless\/2022\/02\/36383a69-greenpeace-briefing_ipcc-wg2-key-takeaways.pdf\">WGII report on Impacts, Adaptation and Vulnerability (AR6 WG2)<br><\/a><a href=\"https:\/\/www.greenpeace.org\/static\/planet4-international-stateless\/2022\/04\/69ca2215-greenpeace-takeaways-from-the-ipcc-ar6wg3.pdf\"><a href=\"https:\/\/www.greenpeace.org\/canada\/fr\/communique-de-presse\/52742\/arretez-de-tergiverser-des-solutions-existent-pour-un-avenir-plus-securitaire-exhorte-le-dernier-rapport-du-giec%EF%BF%BC\/%20peace.org\/canada\/fr\/communique-de-presse\/52247\/nouveau-rapport-du-giec-nous-ne-sommes-pas-prepares-a-ce-qui-nous-attend\/\">Communiqu\u00e9 et fran\u00e7ais<\/a><\/a> et <a href=\"https:\/\/www.greenpeace.org\/static\/planet4-international-stateless\/2022\/04\/69ca2215-greenpeace-takeaways-from-the-ipcc-ar6wg3.pdf\">WGIII report on Mitigation (AR6 WG3)<\/a><\/p>\n\n<p><strong>Images <\/strong>: Des images et des vid\u00e9os d\u00e9montrant les impacts des changements climatiques peuvent \u00eatre visionn\u00e9es en consultant la <a href=\"https:\/\/media.greenpeace.org\/?_ga=2.183497318.1318161922.1645541525-2111004485.1638196274\">m\u00e9diath\u00e8que de Greenpeace<\/a>.<\/p>\n\n<p><strong>Contact<\/strong>:<\/p>\n\n<p>Brandon Wei, Conseiller aux communications, Greenpeace Canada <a href=\"mailto:brandon.wei@greenpeace.org\">brandon.wei@greenpeace.org<\/a>, 778 772-6138<\/p>\n\n<p>Patrick Bonin, Responsable de la campagne Climat-\u00c9nergie, Greenpeace Canada patrick.bonin@greenpeace.org, 514 594-1221<\/p>\n\n<p>Bureau de presse de Greenpeace International, <a href=\"mailto:pressdesk.int@greenpeace.org\">pressdesk.int@greenpeace.org<\/a>, +31 20 718 2470 (disponible 24 h sur 24)<\/p>\n","protected":false},"excerpt":{"rendered":"<p>L&rsquo;approbation du sixi\u00e8me rapport d&rsquo;\u00e9valuation (AR6) du Groupe d&rsquo;experts intergouvernemental sur l&rsquo;\u00e9volution du climat (GIEC) aura lieu du 13 au 17 mars \u00e0 Interlaken, en Suisse&#8230;<\/p>\n","protected":false},"author":104,"featured_media":48731,"comment_status":"closed","ping_status":"closed","sticky":false,"template":"","format":"standard","meta":{"ep_exclude_from_search":false,"p4_og_title":"","p4_og_description":"","p4_og_image":"","p4_og_image_id":"","p4_seo_canonical_url":"","p4_campaign_name":"","p4_local_project":"","p4_basket_name":"","p4_department":"","footnotes":""},"categories":[20,19,21],"tags":[41],"p4-page-type":[],"class_list":["post-57681","post","type-post","status-publish","format-standard","has-post-thumbnail","hentry","category-climat","category-nature-fr","category-vivre-de-facon-durable","tag-climat"],"_links":{"self":[{"href":"https:\/\/www.greenpeace.org\/canada\/fr\/wp-json\/wp\/v2\/posts\/57681","targetHints":{"allow":["GET"]}}],"collection":[{"href":"https:\/\/www.greenpeace.org\/canada\/fr\/wp-json\/wp\/v2\/posts"}],"about":[{"href":"https:\/\/www.greenpeace.org\/canada\/fr\/wp-json\/wp\/v2\/types\/post"}],"author":[{"embeddable":true,"href":"https:\/\/www.greenpeace.org\/canada\/fr\/wp-json\/wp\/v2\/users\/104"}],"replies":[{"embeddable":true,"href":"https:\/\/www.greenpeace.org\/canada\/fr\/wp-json\/wp\/v2\/comments?post=57681"}],"version-history":[{"count":7,"href":"https:\/\/www.greenpeace.org\/canada\/fr\/wp-json\/wp\/v2\/posts\/57681\/revisions"}],"predecessor-version":[{"id":57694,"href":"https:\/\/www.greenpeace.org\/canada\/fr\/wp-json\/wp\/v2\/posts\/57681\/revisions\/57694"}],"wp:featuredmedia":[{"embeddable":true,"href":"https:\/\/www.greenpeace.org\/canada\/fr\/wp-json\/wp\/v2\/media\/48731"}],"wp:attachment":[{"href":"https:\/\/www.greenpeace.org\/canada\/fr\/wp-json\/wp\/v2\/media?parent=57681"}],"wp:term":[{"taxonomy":"category","embeddable":true,"href":"https:\/\/www.greenpeace.org\/canada\/fr\/wp-json\/wp\/v2\/categories?post=57681"},{"taxonomy":"post_tag","embeddable":true,"href":"https:\/\/www.greenpeace.org\/canada\/fr\/wp-json\/wp\/v2\/tags?post=57681"},{"taxonomy":"p4-page-type","embeddable":true,"href":"https:\/\/www.greenpeace.org\/canada\/fr\/wp-json\/wp\/v2\/p4-page-type?post=57681"}],"curies":[{"name":"wp","href":"https:\/\/api.w.org\/{rel}","templated":true}]}}