{"id":59444,"date":"2023-06-02T18:52:38","date_gmt":"2023-06-02T22:52:38","guid":{"rendered":"https:\/\/www.greenpeace.org\/canada\/?p=59444"},"modified":"2023-06-02T18:54:19","modified_gmt":"2023-06-02T22:54:19","slug":"accord-de-lonu-sur-le-plastique-le-futur-traite-est-voue-a-lechec-sans-reduction-reelle-de-la-production-de-plastique","status":"publish","type":"post","link":"https:\/\/www.greenpeace.org\/canada\/fr\/blog-des-volontaires\/59444\/accord-de-lonu-sur-le-plastique-le-futur-traite-est-voue-a-lechec-sans-reduction-reelle-de-la-production-de-plastique\/","title":{"rendered":"Accord de l&rsquo;ONU sur le plastique:\u00a0Le futur trait\u00e9 est vou\u00e9 \u00e0 l\u2019\u00e9chec sans r\u00e9duction r\u00e9elle de la production de plastique"},"content":{"rendered":"\n<p><strong>Vancouver<\/strong> \u2014 Le deuxi\u00e8me cycle de n\u00e9gociations des Nations Unies sur le trait\u00e9 international contre la pollution plastique s&rsquo;est achev\u00e9 aujourd&rsquo;hui \u00e0 Paris. Les pays producteurs de p\u00e9trole et l&rsquo;industrie des \u00e9nergies fossiles redoublent d\u2019efforts pour affaiblir le texte et retarder le processus.<\/p>\n\n<p><strong>Sarah King, responsable de la campagne Oc\u00e9ans et plastiques chez Greenpeace Canada, a d\u00e9clar\u00e9 :<\/strong><\/p>\n\n<p>\u00ab Apr\u00e8s des d\u00e9buts difficiles, les gouvernements du monde entier ont convenu d&rsquo;un mandat pour \u00e9laborer un trait\u00e9 dans les mois \u00e0 venir, malgr\u00e9 les tentatives des pays producteurs de p\u00e9trole et du lobby de l&rsquo;industrie pour faire d\u00e9railler les progr\u00e8s. Dans la perspective de la prochaine r\u00e9union du trait\u00e9 mondial sur les plastiques, les gouvernements doivent op\u00e9rer d&rsquo;urgence un virage vers l&rsquo;avenir dont nous avons besoin, et rel\u00e9guer au pass\u00e9 la d\u00e9pendance aux combustibles fossiles et au plastique. La production de plastique pourrait doubler au cours des 10 \u00e0 15 prochaines ann\u00e9es, ce qui repr\u00e9sente une menace importante pour le climat, la biodiversit\u00e9 et la sant\u00e9 humaine. Aujourd&rsquo;hui plus que jamais, le Canada se doit de d\u00e9fendre un trait\u00e9 fort qui pr\u00e9voit enfin de plafonner et de r\u00e9duire progressivement la production de plastique \u00e0 un rythme qui corresponde \u00e0 la gravit\u00e9 des crises plan\u00e9taires que nous connaissons. \u00bb<\/p>\n\n<p><strong>Jo\u00eblle H\u00e9rin, experte en consommation et en \u00e9conomie circulaire pour Greenpeace Suisse, d\u00e9clare :&nbsp;<\/strong><\/p>\n\n<p>\u00ab Le temps presse. Les n\u00e9gociations de cette semaine montrent clairement que les pays producteurs de p\u00e9trole et l&rsquo;industrie des \u00e9nergies fossiles font tout ce qui est en leur pouvoir pour affaiblir le trait\u00e9 et retarder le processus.&nbsp;<\/p>\n\n<p>M\u00eame si certaines discussions importantes ont eu lieu, le travail qui reste \u00e0 accomplir est gigantesque. La pollution plastique et la crise climatique sont les deux faces d&rsquo;une m\u00eame m\u00e9daille. Le trait\u00e9 international sur les plastiques doit permettre de r\u00e9duire massivement la production. C&rsquo;est indispensable si nous voulons nous donner une chance de contenir le r\u00e9chauffement climatique global en dessous de 1,5 \u00b0C et de nous lib\u00e9rer de notre addiction au plastique. Sans limitation drastique des niveaux de production, le trait\u00e9 sera un \u00e9chec. \u00bb<\/p>\n\n<p>Le prochain cycle de n\u00e9gociations en vue d&rsquo;un trait\u00e9 mondial sur les plastiques aura lieu \u00e0 Nairobi du 13 au 17 novembre 2023.<\/p>\n\n<p class=\"has-text-align-center\"><strong>-30-<\/strong><\/p>\n\n<p><strong>Notes aux r\u00e9dacteurs :&nbsp;<\/strong><\/p>\n\n<p>[1] La production mondiale de mati\u00e8res plastiques a fortement augment\u00e9 au cours des 50 derni\u00e8res ann\u00e9es, <a href=\"https:\/\/www3.weforum.org\/docs\/WEF_The_New_Plastics_Economy.pdf\">passant de 15 millions de tonnes en 1964<\/a> \u00e0 plus de <a href=\"https:\/\/plasticseurope.org\/knowledge-hub\/plastics-the-facts-2022-2\/\">390 millions de tonnes en 2021<\/a>. Si la tendance actuelle se poursuit, les estimations de l&rsquo;industrie pr\u00e9voient que la production de plastique pourrait <a href=\"https:\/\/www.ciel.org\/plasticandclimate\/\">doubler d&rsquo;ici 2030-2035 et tripler d&rsquo;ici 2050<\/a> (sur la base des chiffres de 2015).&nbsp;<\/p>\n\n<p><strong>Contactez:<\/strong><\/p>\n\n<p>Brandon Wei, Conseillier aux communications, Greenpeace Canada<\/p>\n\n<p><a href=\"mailto:brandon.wei@greenpeace.ca\">brandon.wei@greenpeace.ca<\/a>, 778 772-6138<\/p>\n\n<p>Angelica Carballo Pago, Responsable des m\u00e9dias pour la campagne mondiale sur les plastiques, Greenpeace USA<\/p>\n\n<p><a href=\"mailto:angelica.pago@greenpeace.org\">angelica.pago@greenpeace.org<\/a>, +63 917 1174492<\/p>\n","protected":false},"excerpt":{"rendered":"<p>Le deuxi\u00e8me cycle de n\u00e9gociations des Nations Unies sur le trait\u00e9 international contre la pollution plastique s&rsquo;est achev\u00e9 aujourd&rsquo;hui.<\/p>\n","protected":false},"author":104,"featured_media":59378,"comment_status":"closed","ping_status":"closed","sticky":false,"template":"","format":"standard","meta":{"ep_exclude_from_search":false,"p4_og_title":"","p4_og_description":"","p4_og_image":"","p4_og_image_id":"","p4_seo_canonical_url":"","p4_campaign_name":"","p4_local_project":"","p4_basket_name":"","p4_department":"","footnotes":""},"categories":[21],"tags":[72,83],"p4-page-type":[],"class_list":["post-59444","post","type-post","status-publish","format-standard","has-post-thumbnail","hentry","category-vivre-de-facon-durable","tag-plastique","tag-consommation"],"_links":{"self":[{"href":"https:\/\/www.greenpeace.org\/canada\/fr\/wp-json\/wp\/v2\/posts\/59444","targetHints":{"allow":["GET"]}}],"collection":[{"href":"https:\/\/www.greenpeace.org\/canada\/fr\/wp-json\/wp\/v2\/posts"}],"about":[{"href":"https:\/\/www.greenpeace.org\/canada\/fr\/wp-json\/wp\/v2\/types\/post"}],"author":[{"embeddable":true,"href":"https:\/\/www.greenpeace.org\/canada\/fr\/wp-json\/wp\/v2\/users\/104"}],"replies":[{"embeddable":true,"href":"https:\/\/www.greenpeace.org\/canada\/fr\/wp-json\/wp\/v2\/comments?post=59444"}],"version-history":[{"count":3,"href":"https:\/\/www.greenpeace.org\/canada\/fr\/wp-json\/wp\/v2\/posts\/59444\/revisions"}],"predecessor-version":[{"id":59450,"href":"https:\/\/www.greenpeace.org\/canada\/fr\/wp-json\/wp\/v2\/posts\/59444\/revisions\/59450"}],"wp:featuredmedia":[{"embeddable":true,"href":"https:\/\/www.greenpeace.org\/canada\/fr\/wp-json\/wp\/v2\/media\/59378"}],"wp:attachment":[{"href":"https:\/\/www.greenpeace.org\/canada\/fr\/wp-json\/wp\/v2\/media?parent=59444"}],"wp:term":[{"taxonomy":"category","embeddable":true,"href":"https:\/\/www.greenpeace.org\/canada\/fr\/wp-json\/wp\/v2\/categories?post=59444"},{"taxonomy":"post_tag","embeddable":true,"href":"https:\/\/www.greenpeace.org\/canada\/fr\/wp-json\/wp\/v2\/tags?post=59444"},{"taxonomy":"p4-page-type","embeddable":true,"href":"https:\/\/www.greenpeace.org\/canada\/fr\/wp-json\/wp\/v2\/p4-page-type?post=59444"}],"curies":[{"name":"wp","href":"https:\/\/api.w.org\/{rel}","templated":true}]}}