{"id":59655,"date":"2023-06-14T15:42:16","date_gmt":"2023-06-14T19:42:16","guid":{"rendered":"https:\/\/www.greenpeace.org\/canada\/?p=59655"},"modified":"2025-04-03T03:48:22","modified_gmt":"2025-04-03T07:48:22","slug":"podcasts-et-romans-6-recommandations-culturelles-pour-le-mois-des-fiertes","status":"publish","type":"post","link":"https:\/\/www.greenpeace.org\/canada\/fr\/histoire\/59655\/podcasts-et-romans-6-recommandations-culturelles-pour-le-mois-des-fiertes\/","title":{"rendered":"Podcasts et romans : 6 recommandations culturelles pour le mois des fiert\u00e9s"},"content":{"rendered":"\n<p>Joyeux mois des Fiert\u00e9s! Pour marquer l&rsquo;occasion, notre collaborateur Elie Darling a dress\u00e9 une liste de suggestions de lectures et de podcasts comprenant des favoris de longue date et de nouvelles d\u00e9couvertes.<\/p>\n\n<h3 class=\"wp-block-heading\"><strong><a href=\"https:\/\/www.toutesoupantoute.com\/\">ToutEs ou pantoute<\/a> (podcast)<\/strong><\/h3>\n\n<p>Un balado sensible et rigoureux, o\u00f9 divers sujets touchant l\u2019intime, le politique et le social sont explor\u00e9s sous un angle f\u00e9ministe, queer, et interr\u00e9gional. Pour quiconque souhaite un espace bienveillant o\u00f9 r\u00e9fl\u00e9chir, d\u00e9construire, ventiler, et se r\u00e9approprier le droit \u00e0 l\u2019erreur.<\/p>\n\n<h3 class=\"wp-block-heading\"><strong><a href=\"https:\/\/www.choq.ca\/balados\/2-fxfs-le-matin\">2fxfslematin <\/a><\/strong>(podcast)<\/h3>\n\n<p>Le podcast s&rsquo;est termin\u00e9 au d\u00e9but de l&rsquo;ann\u00e9e, mais il couvre un grand nombre de contenus int\u00e9ressants. Votre podcast coquin et la seule radio-poubelle homosexuelle de gauche.<\/p>\n\n<h3 class=\"wp-block-heading\"><strong><a href=\"https:\/\/www.cfrt.ca\/queering-iqaluit-1\">Queering Iqaluit<\/a> (podcast)<\/strong><\/h3>\n\n<p>R\u00e9alis\u00e9 gr\u00e2ce \u00e0 une micro-subvention remis par Le R\u00e9seau Enchant\u00e9, <em>Queering Iqaluit <\/em>vient dresser un portrait de la communaut\u00e9 queer locale au travers de courtes entrevues avec des individus LGBTQ2S+. Tout \u00e7a, dans une perspective f\u00e9ministe intersectionnelle.<\/p>\n\n<h3 class=\"wp-block-heading\"><strong>Les racines secondaires, Vincent Fortier<\/strong><\/h3>\n\n<p>Quand son p\u00e8re mourant commence \u00e0 l&rsquo;appeler Maurice, Philippe apprend l&rsquo;existence d&rsquo;un oncle, gai comme lui, qu&rsquo;on lui a cach\u00e9. Pourquoi cet effacement? Un roman comme un dialogue entre deux g\u00e9n\u00e9rations.<\/p>\n\n<p>Un r\u00e9cit queer sur la m\u00e9moire et la transmission, entre les grandeurs de l&rsquo;Alaska et les bars de Montr\u00e9al pris d&rsquo;assaut par la police<\/p>\n\n<h3 class=\"wp-block-heading\"><strong>Querelle de Roberval, Kevin Lambert<\/strong><\/h3>\n\n<p>Les ouvriers et ouvri\u00e8res de la scierie de Roberval sont en gr\u00e8ve. Sous l&rsquo;apparente coh\u00e9sion de la lutte, on d\u00e9couvre rapidement les revendications plus personnelles de chacun. Ils partagent toutefois un m\u00eame d\u00e9sir d&rsquo;\u00e9chapper \u00e0 la mis\u00e8re et de se venger de leur boss, Brian Ferland. Alors que le conflit s&rsquo;enlise, le lockout que d\u00e9cr\u00e8te Ferland r\u00e9veille en eux une rage enfouie. La folie s&#8217;empare des employ\u00e9\u00b7es, qui rejoignent la ronde infernale du beau Querelle, h\u00e9ros de Jean Genet copi\u00e9-coll\u00e9 dans ce d\u00e9cor qu\u00e9b\u00e9cois, \u00e9l\u00e9ment de chaos, sable dans l&rsquo;engrenage de la machine \u00e9conomique, h\u00e9t\u00e9rosexuelle et patriarcale. Tout est d\u00e9sormais permis.<\/p>\n\n<h3 class=\"wp-block-heading\"><strong>Au 5e, MP Boisvert<\/strong><\/h3>\n\n<p>Un roman brillamment \u00e9crit sur la th\u00e9matique des relations amoureuses et sociales.<\/p>\n","protected":false},"excerpt":{"rendered":"<p>Joyeux mois des fiert\u00e9s ! Pour marquer l&rsquo;occasion, notre collaborateur Elie Darling a dress\u00e9 une liste de suggestions de lectures et de podcasts comprenant des favoris de longue date et de nouvelles d\u00e9couvertes.<\/p>\n","protected":false},"author":114,"featured_media":59656,"comment_status":"open","ping_status":"open","sticky":false,"template":"","format":"standard","meta":{"ep_exclude_from_search":false,"p4_og_title":"","p4_og_description":"","p4_og_image":"","p4_og_image_id":"","p4_seo_canonical_url":"","p4_campaign_name":"","p4_local_project":"","p4_basket_name":"","p4_department":"","footnotes":""},"categories":[140],"tags":[182],"p4-page-type":[155],"class_list":["post-59655","post","type-post","status-publish","format-standard","has-post-thumbnail","hentry","category-egalite","tag-justice-raciale","p4-page-type-histoire"],"_links":{"self":[{"href":"https:\/\/www.greenpeace.org\/canada\/fr\/wp-json\/wp\/v2\/posts\/59655","targetHints":{"allow":["GET"]}}],"collection":[{"href":"https:\/\/www.greenpeace.org\/canada\/fr\/wp-json\/wp\/v2\/posts"}],"about":[{"href":"https:\/\/www.greenpeace.org\/canada\/fr\/wp-json\/wp\/v2\/types\/post"}],"author":[{"embeddable":true,"href":"https:\/\/www.greenpeace.org\/canada\/fr\/wp-json\/wp\/v2\/users\/114"}],"replies":[{"embeddable":true,"href":"https:\/\/www.greenpeace.org\/canada\/fr\/wp-json\/wp\/v2\/comments?post=59655"}],"version-history":[{"count":3,"href":"https:\/\/www.greenpeace.org\/canada\/fr\/wp-json\/wp\/v2\/posts\/59655\/revisions"}],"predecessor-version":[{"id":59664,"href":"https:\/\/www.greenpeace.org\/canada\/fr\/wp-json\/wp\/v2\/posts\/59655\/revisions\/59664"}],"wp:featuredmedia":[{"embeddable":true,"href":"https:\/\/www.greenpeace.org\/canada\/fr\/wp-json\/wp\/v2\/media\/59656"}],"wp:attachment":[{"href":"https:\/\/www.greenpeace.org\/canada\/fr\/wp-json\/wp\/v2\/media?parent=59655"}],"wp:term":[{"taxonomy":"category","embeddable":true,"href":"https:\/\/www.greenpeace.org\/canada\/fr\/wp-json\/wp\/v2\/categories?post=59655"},{"taxonomy":"post_tag","embeddable":true,"href":"https:\/\/www.greenpeace.org\/canada\/fr\/wp-json\/wp\/v2\/tags?post=59655"},{"taxonomy":"p4-page-type","embeddable":true,"href":"https:\/\/www.greenpeace.org\/canada\/fr\/wp-json\/wp\/v2\/p4-page-type?post=59655"}],"curies":[{"name":"wp","href":"https:\/\/api.w.org\/{rel}","templated":true}]}}