{"id":59687,"date":"2023-06-15T17:43:35","date_gmt":"2023-06-15T21:43:35","guid":{"rendered":"https:\/\/www.greenpeace.org\/canada\/?p=59687"},"modified":"2024-08-01T00:37:36","modified_gmt":"2024-08-01T04:37:36","slug":"des-leaders-autochtones-mettent-en-garde-contre-la-capture-reglementaire-dans-les-sables-bitumineux-mais-de-quoi-parle-t-on","status":"publish","type":"post","link":"https:\/\/www.greenpeace.org\/canada\/fr\/story\/59687\/des-leaders-autochtones-mettent-en-garde-contre-la-capture-reglementaire-dans-les-sables-bitumineux-mais-de-quoi-parle-t-on\/","title":{"rendered":"Des leaders autochtones mettent en garde contre la capture r\u00e9glementaire dans les sables bitumineux. Mais de quoi parle-t-on?"},"content":{"rendered":"\n<figure class=\"wp-block-image aligncenter size-large\"><img loading=\"lazy\" decoding=\"async\" width=\"1024\" height=\"536\" src=\"https:\/\/www.greenpeace.org\/static\/planet4-canada-stateless\/2021\/03\/ecd7a2d9-oil-industry-scandals-bridgerton-1024x536.png\" alt=\"\" class=\"wp-image-46382\" srcset=\"https:\/\/www.greenpeace.org\/static\/planet4-canada-stateless\/2021\/03\/ecd7a2d9-oil-industry-scandals-bridgerton-1024x536.png 1024w, https:\/\/www.greenpeace.org\/static\/planet4-canada-stateless\/2021\/03\/ecd7a2d9-oil-industry-scandals-bridgerton-300x157.png 300w, https:\/\/www.greenpeace.org\/static\/planet4-canada-stateless\/2021\/03\/ecd7a2d9-oil-industry-scandals-bridgerton-768x402.png 768w, https:\/\/www.greenpeace.org\/static\/planet4-canada-stateless\/2021\/03\/ecd7a2d9-oil-industry-scandals-bridgerton-510x267.png 510w, https:\/\/www.greenpeace.org\/static\/planet4-canada-stateless\/2021\/03\/ecd7a2d9-oil-industry-scandals-bridgerton.png 1200w\" sizes=\"auto, (max-width: 1024px) 100vw, 1024px\" \/><\/figure>\n\n<p>Nous allons parler ici de <strong>capture r\u00e9glementaire,<\/strong> un terme administratif qui d\u00e9crit une situation dans laquelle une institution publique de r\u00e9gulation, bien que destin\u00e9e \u00e0 agir en faveur de la collectivit\u00e9, finit par servir des int\u00e9r\u00eats commerciaux et\/ou priv\u00e9s. <strong>C\u2019est une sorte de corruption. Et c\u2019est exactement ce qui se passe dans les sables bitumineux.&nbsp;<\/strong><\/p>\n\n<p>En f\u00e9vrier, des r\u00e9sidus toxiques issus des sables bitumineux se sont \u00e9chapp\u00e9s de la mine Kearl de l&rsquo;Imp\u00e9riale, contaminant les bassins versants o\u00f9 plusieurs communaut\u00e9s autochtones vivent. Quelques mois plus tard, des repr\u00e9sentant\u00b7es de ces communaut\u00e9s sont all\u00e9\u00b7es \u00e0 Ottawa pour t\u00e9moigner devant une commission parlementaire des impacts de ce d\u00e9sastre et iels ont exprim\u00e9 avec \u00e9loquence leur frustration face \u00e0 ce qu&rsquo;iels ont appel\u00e9 la \u00ab\u00a0capture r\u00e9glementaire\u00a0\u00bb:<\/p>\n\n<p><em>\u00ab\u00a0L&rsquo;une des le\u00e7ons les plus claires de cette crise est qu&rsquo;elle a <\/em><strong><em>reconfirm\u00e9 que l&rsquo;AER [l\u2019Alberta Energy Regulatory] est un organisme coopt\u00e9<\/em><\/strong><em> qui n&rsquo;est tout simplement pas un partenaire de confiance pour prot\u00e9ger les int\u00e9r\u00eats f\u00e9d\u00e9raux dans notre communaut\u00e9. Vivant dans une communaut\u00e9 autochtone dans les sables bitumineux et en aval de ceux-ci, je peux vous dire qu&rsquo;il est affligeant que l&rsquo;Alberta ait fait si peu pour g\u00e9rer la croissance et l&rsquo;ampleur croissantes de ces \u00e9normes bassins toxiques qui s&rsquo;infiltrent dans notre environnement naturel et nos bassins versants. Cela repr\u00e9sente un risque pour notre mode de vie, pour les \u00e9cosyst\u00e8mes d&rsquo;importance nationale et pour le bien-\u00eatre des Canadien\u00b7es\u00a0\u00bb.<\/em><\/p>\n\n<p><a href=\"https:\/\/www.ourcommons.ca\/Committees\/en\/ENVI\/StudyActivity?studyActivityId=12101301\">\u2013 Chef Billy Joe Tuccaro (Premi\u00e8re Nation crie de Mikisew)<\/a><\/p>\n\n<p><strong>Qu&rsquo;est-ce que la capture r\u00e9glementaire ?&nbsp;<\/strong><\/p>\n\n<p>Comme mentionn\u00e9 plus haut il y a capture r\u00e9glementaire lorsque l&rsquo;agence gouvernementale cens\u00e9e prot\u00e9ger l&rsquo;int\u00e9r\u00eat public en vient \u00e0 prot\u00e9ger l&rsquo;industrie plut\u00f4t que les communaut\u00e9s.<\/p>\n\n<p>L&rsquo;Imp\u00e9riale veut nous faire croire que ce qui est dans son int\u00e9r\u00eat est aussi bon pour l&rsquo;Alberta, m\u00eame si cela signifie ne pas informer les communaut\u00e9s qui habitent en aval des sables bitumineux, lorsque des fuites de lacs toxiques ont lieu.<\/p>\n\n<p>La fr\u00e9quence de ce ph\u00e9nom\u00e8ne surprendra probablement de nombreuses et nombreux Canadien\u00b7es qui attendent (\u00e0 juste titre) de leur gouvernement qu&rsquo;il place leurs int\u00e9r\u00eats au-dessus de ceux des entreprises et des grandes institutions financi\u00e8res. Cela est d&rsquo;autant plus important que nous sommes confront\u00e9\u00b7es \u00e0 une crise climatique mondiale urgente.<\/p>\n\n<p><strong>Comment un gouvernement vient \u00e0 privil\u00e9gier les int\u00e9r\u00eats des industries fossiles plut\u00f4t que des communaut\u00e9s<\/strong><\/p>\n\n<p>Il existe de nombreuses fa\u00e7ons pour l&rsquo;industrie de prendre le contr\u00f4le d\u2019un organisme public.&nbsp;<\/p>\n\n<ol class=\"wp-block-list\">\n<li><strong>Une entreprise peut menacer de s&rsquo;installer ailleurs <\/strong>si elle n&rsquo;obtient pas ce qu&rsquo;elle veut, emportant avec elle les emplois et les imp\u00f4ts des contribuables (m\u00eame si le p\u00e9trole lui, ne va nulle part).&nbsp;<\/li>\n<\/ol>\n\n<ol class=\"wp-block-list\" start=\"2\">\n<li><strong>L\u2019industrie fossile peut mettre en place une plaque tournante lucrative entre elle-m\u00eame, le gouvernement et l&rsquo;autorit\u00e9 de r\u00e9gulation<\/strong> Il se cr\u00e9e alors un r\u00e9seau d\u2019influence de personnes qui se connaissent et pensent de la m\u00eame mani\u00e8re. Par exemple, le premier Pr\u00e9sident de l\u2019Alberta Energy Regulator <a href=\"https:\/\/globalnews.ca\/news\/533718\/more-than-30-groups-want-albertas-new-energy-regulator-removed\/\">\u00e9tait un cadre de longue date dans l\u2019industrie p\u00e9troli\u00e8re<\/a> et pr\u00e9sident fondateur du lobby le plus puissant de l&rsquo;industrie.&nbsp;<\/li>\n\n\n\n<li><strong>Elle peut financer des campagnes politiques et faire pression sur les politicien\u00b7nes pour obtenir un assouplissement des r\u00e8gles.<\/strong> Elle peut aussi essayer d&rsquo;obtenir des clauses dans les accords commerciaux qui permettent aux entreprises de poursuivre les gouvernements pour pertes de profits si le r\u00e9gulateur prend la <a href=\"https:\/\/www.corporateknights.com\/climate-and-carbon\/canada-gets-sued-when-fossil-fuel-companies-rejected\/#:~:text=Qu%C3%A9bec%20is%20a%20member%20of,offered%20%E2%80%94%20in%20Qu%C3%A9bec's%20Superior%20Court.\">protection de l&rsquo;environnement r\u00e9ellement au s\u00e9rieux.&nbsp;<\/a><\/li>\n<\/ol>\n\n<p><strong>Il est important de noter que si ces entreprises ont beaucoup de pouvoir, celui-ci n&rsquo;est pas absolu.<\/strong> Les gouvernements ont toujours la possibilit\u00e9 de mettre en place des mesures susceptibles de renforcer leur position de n\u00e9gociation face aux grandes entreprises.<\/p>\n\n<p>C&rsquo;est l\u00e0 que les choses commencent \u00e0 se g\u00e2ter.<\/p>\n\n<p><strong>Chaque gouvernement dispose d&rsquo;agences charg\u00e9es de r\u00e9glementer les entreprises et de prot\u00e9ger l&rsquo;int\u00e9r\u00eat public. <\/strong><a href=\"https:\/\/thenarwhal.ca\/national-energy-board-captured-regulator-urgent-need-overhaul\/\">Ces organismes varient d&rsquo;une province \u00e0 l&rsquo;autre et sont charg\u00e9s de surveiller les soci\u00e9t\u00e9s d&rsquo;\u00e9nergies fossiles. Pourtant, c&rsquo;est souvent l&rsquo;inverse qui se produit.<\/a> Ces r\u00e9gulateurs finissent par devenir les porte-parole de ces entreprises au sein du gouvernement. C&rsquo;est un exemple concret de ce que l&rsquo;on appelle la \u00ab\u00a0capture r\u00e9glementaire\u00a0\u00bb.<\/p>\n\n<p><em>\u00ab\u00a0Il n&rsquo;y a pas de confiance aupr\u00e8s du r\u00e9gulateur. Nous avons dit, comme de nombreuses autres communaut\u00e9s, que ce r\u00e9gulateur devient captif [des int\u00e9r\u00eats de l\u2019industrie] .\u00a0\u00bb<\/em><\/p>\n\n<p><a href=\"https:\/\/www.ourcommons.ca\/Committees\/en\/ENVI\/StudyActivity?studyActivityId=12101301\">\u2013 Margaret Luker (Directrice du D\u00e9veloppement Durable, Nation M\u00e9tis de Fort McKay)<\/a><\/p>\n\n<p>Au cours de la premi\u00e8re journ\u00e9e de t\u00e9moignages \u00e0 Ottawa face \u00e0 la commission parlementaire pench\u00e9e sur cette affaire , les leaders autochtones ont expliqu\u00e9 que la capture r\u00e9glementaire montre que les agences concern\u00e9es ne d\u00e9fendent pas les communaut\u00e9s, mais les int\u00e9r\u00eats des entreprises.<\/p>\n\n<p><em>\u201cCe probl\u00e8me, comme on l&rsquo;a dit, est un probl\u00e8me syst\u00e9mique. Il ne s&rsquo;agit pas de simplement demander: <\/em>\u201cComment allez-vous am\u00e9liorer votre protocole de communication parce que vous auriez d\u00fb communiquer plus t\u00f4t ?\u201d <em>Il s&rsquo;agit d&rsquo;un probl\u00e8me syst\u00e9matique qui couvre toute une s\u00e9rie de sujets, comme la mani\u00e8re dont les \u00e9tudes d&rsquo;impact sont men\u00e9es, la mani\u00e8re dont l&rsquo;obligation de consultation est ex\u00e9cut\u00e9e et celle dont les responsabilit\u00e9s sont g\u00e9r\u00e9es dans le secteur de l&rsquo;\u00e9nergie, <\/em><strong><em>o\u00f9 l&rsquo;on observe une capture r\u00e9glementaire chronique et syst\u00e9matique.<\/em><\/strong><em> C&rsquo;est le terme utilis\u00e9, mais c&rsquo;est dans le sens o\u00f9 l <\/em><em>&lsquo;autorit\u00e9 de r\u00e9gulation oriente constamment la conversation vers les int\u00e9r\u00eats des parties r\u00e9glement\u00e9es plut\u00f4t que vers ceux du public. La vraie question que nous devons nous poser ici est de savoir ce qui peut \u00eatre fait pour changer cette situation en Alberta, car il s&rsquo;agit d&rsquo;un probl\u00e8me chronique et d&rsquo;une des questions sous-jacentes que nous devons aborder. Il ne s&rsquo;agit pas seulement de changer le protocole de communication de l&rsquo;Alberta ou de l&rsquo;AER. Il s&rsquo;agit de savoir comment construire un r\u00e9gulateur qui soit r\u00e9ellement ind\u00e9pendant de l&rsquo;industrie qu&rsquo;il r\u00e9glemente et qui soit capable de d\u00e9fendre l&rsquo;int\u00e9r\u00eat collectif et de conserver la confiance du public.\u201d<\/em><\/p>\n\n<p><a href=\"https:\/\/www.ourcommons.ca\/Committees\/en\/ENVI\/StudyActivity?studyActivityId=12101301\">\u2013 Timothy Clark (Directeur, Willow Springs Strategic Solutions, Fort McMurray M\u00e9tis Local 1935)<\/a><\/p>\n\n<p><strong>Cette culture de la capture r\u00e9glementaire est sans aucun doute un obstacle majeur \u00e0 l&rsquo;action climatique et \u00e0 la protection de l&rsquo;environnement au Canada<\/strong>. Elle fait en sorte que la cr\u00e9ation et la mise en \u0153uvre de politiques efficaces soient refus\u00e9es ou retard\u00e9es. Les citoyen\u00b7es se retrouvent ainsi confront\u00e9\u00b7es aux m\u00eames probl\u00e8mes non-r\u00e9solus pendant des ann\u00e9es. <strong>Le<\/strong><strong> <\/strong><a href=\"https:\/\/www.greenpeace.org\/canada\/fr\/histoires\/51758\/le-nouveau-visage-du-racisme-environnemental-au-quebec\/\"><strong>racisme environnemental<\/strong><\/a><strong> de la fuite de la mine de <\/strong><a href=\"https:\/\/www.nationalobserver.com\/2023\/04\/25\/news\/we-might-have-coverup-problem-mps-grill-alberta-energy-regulator-ceo-over-oilsands\"><strong>L\u2019Imp\u00e9riale d\u00e9montre la fa\u00e7on dont la capture r\u00e9glementaire continue <\/strong><\/a><strong>de se r\u00e9pandre au sein des diff\u00e9rentes branches du syst\u00e8me gouvernemental.<\/strong><\/p>\n\n<p>Dans la prochaine \u00e9dition de la s\u00e9rie de blogs <em>\u00c9nergie Fossile: Questions Br\u00fblantes,<\/em> nous examinerons ce que les Canadien\u00b7es peuvent faire pour r\u00e9soudre le probl\u00e8me de la capture r\u00e9glementaire.<\/p>\n\n<p>D&rsquo;ici l\u00e0, <a href=\"https:\/\/act.greenpeace.ca\/fr-ca\/definancez-les-combustibles-fossiles\">continuons \u00e0 lutter<\/a> contre le pouvoir de l&rsquo;industrie des \u00e9nergies fossiles.<\/p>\n","protected":false},"excerpt":{"rendered":"<p>Nous allons parler ici de capture r\u00e9glementaire, un terme administratif qui d\u00e9crit une situation dans laquelle une institution publique de r\u00e9gulation, bien que destin\u00e9e \u00e0 agir en faveur de la&hellip;<\/p>\n","protected":false},"author":127,"featured_media":46382,"comment_status":"closed","ping_status":"closed","sticky":false,"template":"","format":"standard","meta":{"ep_exclude_from_search":false,"p4_og_title":"","p4_og_description":"","p4_og_image":"","p4_og_image_id":"","p4_seo_canonical_url":"","p4_campaign_name":"","p4_local_project":"","p4_basket_name":"","p4_department":"","footnotes":""},"categories":[20],"tags":[40,49,47],"p4-page-type":[155],"class_list":["post-59687","post","type-post","status-publish","format-standard","has-post-thumbnail","hentry","category-climat","tag-autochtones","tag-solutionsenergetiques","tag-petrole","p4-page-type-histoire"],"_links":{"self":[{"href":"https:\/\/www.greenpeace.org\/canada\/fr\/wp-json\/wp\/v2\/posts\/59687","targetHints":{"allow":["GET"]}}],"collection":[{"href":"https:\/\/www.greenpeace.org\/canada\/fr\/wp-json\/wp\/v2\/posts"}],"about":[{"href":"https:\/\/www.greenpeace.org\/canada\/fr\/wp-json\/wp\/v2\/types\/post"}],"author":[{"embeddable":true,"href":"https:\/\/www.greenpeace.org\/canada\/fr\/wp-json\/wp\/v2\/users\/127"}],"replies":[{"embeddable":true,"href":"https:\/\/www.greenpeace.org\/canada\/fr\/wp-json\/wp\/v2\/comments?post=59687"}],"version-history":[{"count":2,"href":"https:\/\/www.greenpeace.org\/canada\/fr\/wp-json\/wp\/v2\/posts\/59687\/revisions"}],"predecessor-version":[{"id":59801,"href":"https:\/\/www.greenpeace.org\/canada\/fr\/wp-json\/wp\/v2\/posts\/59687\/revisions\/59801"}],"wp:featuredmedia":[{"embeddable":true,"href":"https:\/\/www.greenpeace.org\/canada\/fr\/wp-json\/wp\/v2\/media\/46382"}],"wp:attachment":[{"href":"https:\/\/www.greenpeace.org\/canada\/fr\/wp-json\/wp\/v2\/media?parent=59687"}],"wp:term":[{"taxonomy":"category","embeddable":true,"href":"https:\/\/www.greenpeace.org\/canada\/fr\/wp-json\/wp\/v2\/categories?post=59687"},{"taxonomy":"post_tag","embeddable":true,"href":"https:\/\/www.greenpeace.org\/canada\/fr\/wp-json\/wp\/v2\/tags?post=59687"},{"taxonomy":"p4-page-type","embeddable":true,"href":"https:\/\/www.greenpeace.org\/canada\/fr\/wp-json\/wp\/v2\/p4-page-type?post=59687"}],"curies":[{"name":"wp","href":"https:\/\/api.w.org\/{rel}","templated":true}]}}