{"id":59732,"date":"2023-06-21T16:35:09","date_gmt":"2023-06-21T20:35:09","guid":{"rendered":"https:\/\/www.greenpeace.org\/canada\/?p=59732"},"modified":"2023-06-21T17:00:53","modified_gmt":"2023-06-21T21:00:53","slug":"penuries-de-medicaments-fermetures-de-ponts-feux-de-foret-et-mois-des-fiertes","status":"publish","type":"post","link":"https:\/\/www.greenpeace.org\/canada\/fr\/story\/59732\/penuries-de-medicaments-fermetures-de-ponts-feux-de-foret-et-mois-des-fiertes\/","title":{"rendered":"P\u00e9nuries de m\u00e9dicaments, fermetures de ponts, feux de for\u00eat et mois des Fiert\u00e9s"},"content":{"rendered":"\n<p>Mon ordinateur, le livre qui se trouve actuellement au sommet de ma pile de lecture et mes m\u00e9dicaments : peu importe o\u00f9 je me trouve dans le monde, je m\u2019assure d\u2019apporter ces choses avec moi.<\/p>\n\n<p>C&rsquo;est pourquoi, avant de quitter Montr\u00e9al en direction de la C\u00f4te-Nord, j&rsquo;ai fait ce que je fais toujours avant de voyager : j&rsquo;ai appel\u00e9 mon m\u00e9decin pour lui demander des renouvellements suppl\u00e9mentaires au cas o\u00f9 mon s\u00e9jour durerait plus longtemps que pr\u00e9vu, et j&rsquo;ai v\u00e9rifi\u00e9 aupr\u00e8s de mon pharmacien que toutes mes ordonnances \u00e9taient \u00e0 jour. Comme je n&rsquo;avais pas pu obtenir la testost\u00e9rone injectable que je prends lors d&rsquo;une r\u00e9cente visite \u00e0 la pharmacie en raison d&rsquo;une p\u00e9nurie \u2013 un probl\u00e8me r\u00e9current depuis le d\u00e9but de mon hormonoth\u00e9rapie il y a 15 ans \u2013 je craignais de devoir quitter la ville sans. Heureusement, elle \u00e9tait de nouveau en stock \u00e0 ce moment-l\u00e0 [1].<\/p>\n\n<p>En arrivant \u00e0 destination, deux choses se sont produites en m\u00eame temps : la r\u00e9gion o\u00f9 je me trouvais a \u00e9t\u00e9 soudainement coup\u00e9e du reste de la province \u00e0 la suite de la <a href=\"https:\/\/ici.radio-canada.ca\/ohdio\/premiere\/emissions\/bonjour-la-cote\/segments\/entrevue\/445421\/transport-aerien-pont-touzel-minganie-mtq-cote-nord\">fermeture d&rsquo;un pont<\/a> sur la 138, et les communaut\u00e9s voisines de Sept-\u00celes et de Mani-utenam ont \u00e9mis des ordres d&rsquo;\u00e9vacuation en raison des <a href=\"https:\/\/www.ledevoir.com\/societe\/792241\/menacee-par-des-feux-de-foret-sept-iles-declare-l-etat-d-urgence\">feux de for\u00eat<\/a> qui br\u00fblaient \u00e0 proximit\u00e9. Alors que les gens s&#8217;empressaient d&rsquo;annuler ou de reporter leurs rendez-vous m\u00e9dicaux ou leurs visites \u00e0 l&rsquo;h\u00f4pital, je me suis demand\u00e9 comment, en tant que personne queer et trans ayant plusieurs besoins de sant\u00e9 qui n\u00e9cessitent des suivis r\u00e9guliers, je me d\u00e9brouillerais dans de telles circonstances, en particulier dans une r\u00e9gion connue pour n\u2019avoir <a href=\"https:\/\/www.lemanic.ca\/2023\/04\/18\/communaute-lgbtq-des-services-qui-reposent-sur-les-bonnes-intentions\/\">aucune organisation 2SLGBTQ+<\/a> sur l&rsquo;ensemble de son territoire. Cela m&rsquo;a rappel\u00e9 de ne pas prendre pour acquis le peu de services de sant\u00e9 auxquels j&rsquo;ai acc\u00e8s.<\/p>\n\n<p>Si les changements climatiques affectent l\u2019ensemble de la population, ils <a href=\"https:\/\/www.greenpeace.org\/belgium\/fr\/blog\/52776\/limpact-injuste-de-la-crise-climatique-sur-la-communaute-lgbtqia2s\/\">aggravent et amplifient<\/a> \u00e9galement les difficult\u00e9s et les in\u00e9galit\u00e9s soci\u00e9tales auxquelles les communaut\u00e9s marginalis\u00e9es, dont les personnes 2SLGBTQ+, sont confront\u00e9es. Cela se fait particuli\u00e8rement sentir au niveau du logement et des soins de sant\u00e9, qui sont toujours parmi les premi\u00e8res structures cl\u00e9s \u00e0 \u00eatre perturb\u00e9es en cas d&rsquo;\u00e9v\u00e9nements m\u00e9t\u00e9orologiques extr\u00eames. Si l&rsquo;on prend \u00e9galement en compte la <a href=\"https:\/\/ici.radio-canada.ca\/nouvelle\/1965476\/crimes-haine-racisme-homophobie-transphobie-justice\">vague croissante d&rsquo;attaques et de violences<\/a> \u00e0 l&rsquo;encontre des personnes queer et trans au cours des derni\u00e8res ann\u00e9es, y compris les efforts visant \u00e0 bloquer l\u2019acc\u00e8s aux soins d\u2019affirmation de genre, l&rsquo;interdiction de livres sur les r\u00e9alit\u00e9s 2SLGBTQ+ et les menaces violentes \u00e0 l&rsquo;encontre d\u2019artistes drag faisant la lecture de contes aux enfants \u00e0 travers le Canada et les \u00c9tats-Unis, la situation semble particuli\u00e8rement sombre.<\/p>\n\n<p>C&rsquo;est alors que je me rappelle qu&rsquo;\u00eatre queer et trans, c&rsquo;est \u00eatre issu d&rsquo;une longue lign\u00e9e d\u2019activistes et de leaders qui ont r\u00eav\u00e9 de notre existence, et que nous leur devons de relever ces d\u00e9fis de front. Mais si nous souhaitons r\u00e9ellement mettre en place une r\u00e9ponse coh\u00e9rente, nous devons travailler en solidarit\u00e9 avec d&rsquo;autres groupes et faire de la place \u00e0 une multiplicit\u00e9 de voix, y compris celle des segments les plus marginalis\u00e9s de notre communaut\u00e9. Cela implique d&rsquo;\u00e9couter les personnes 2SLGBTQ+ noires, autochtones et racis\u00e9es lorsqu&rsquo;elles parlent de l\u2019ali\u00e9nation qu\u2019elle ressentent et de leurs exp\u00e9riences de discrimination dans les milieux queer, et cela implique de s&rsquo;engager \u00e0 apprendre et \u00e0 faire mieux.<strong><\/strong><\/p>\n\n<p>Tout comme notre communaut\u00e9 s&rsquo;est inspir\u00e9e des le\u00e7ons tir\u00e9es de l&rsquo;\u00e9pid\u00e9mie de VIH pour nous guider en contexte de COVID-19, nous devons nous appuyer sur notre riche historique de r\u00e9silience et de r\u00e9sistance tout en c\u00e9l\u00e9brant chaque victoire en cours de route \u2013 qu&rsquo;il s&rsquo;agisse de la cr\u00e9ation de la premi\u00e8re organisation provinciale de soutien 2SLGBTQ \u00e0 l\u2019intention des personnes autochtones au Qu\u00e9bec ou de l\u2019invalidation de la soi-disant \u00ab loi anti-drag \u00bb du Tennessee par le juge de district am\u00e9ricain Thomas Parker \u2013 alors que nous tra\u00e7ons ensemble la voie \u00e0 suivre vers notre \u00e9mancipation collective [2][3].<\/p>\n\n<p>La Fiert\u00e9 est bien plus qu&rsquo;un drapeau ou un d\u00e9fil\u00e9, et son essence continuera \u00e0 \u00e9chapper \u00e0 toute tentative de cooptation par les entreprises et les banques. La Fiert\u00e9 est une occasion pour nous de reconna\u00eetre que nous avons tous et toutes des exp\u00e9riences et des identit\u00e9s multiples qui coexistent en nous et qui m\u00e9ritent d&rsquo;\u00eatre c\u00e9l\u00e9br\u00e9es. La Fiert\u00e9, c&rsquo;est continuer \u00e0 se tenir debout avec amour et d\u00e9fiance face aux personnes qui nous d\u00e9nient notre humanit\u00e9.<\/p>\n\n<p>La Fiert\u00e9, c\u2019est pr\u00e9coniser une culture d\u2019ouverture et de bienveillance.<\/p>\n\n<p>La Fiert\u00e9, c\u2019est promouvoir l\u2019appartenance communautaire et une vie authentique.<\/p>\n\n<p>La Fiert\u00e9, c\u2019est pouvoir vivre et aimer librement.<\/p>\n\n<p>La Fiert\u00e9, c\u2019est chacun et chacune d\u2019entre nous.<\/p>\n\n<p>SOURCES :<\/p>\n\n<p>[1] <a><\/a><a href=\"https:\/\/xtramagazine.com\/health\/testosterone-shortage-canada-248143\">https:\/\/xtramagazine.com\/health\/testosterone-shortage-canada-248143<\/a><a href=\"#_msocom_1\">[1]<\/a>&nbsp; <em>(disponible en anglais seulement)<\/em><\/p>\n\n<p>[2] <a href=\"https:\/\/www.aptnnews.ca\/reportages\/rencontre-avec-dianne-labelle-dindigiqueer\/\">https:\/\/www.aptnnews.ca\/reportages\/rencontre-avec-dianne-labelle-dindigiqueer\/<\/a><\/p>\n\n<p>[3] <a href=\"https:\/\/www.washingtonpost.com\/opinions\/2023\/06\/06\/republicans-woke-court\/\">https:\/\/www.washingtonpost.com\/opinions\/2023\/06\/06\/republicans-woke-court\/<\/a> <em>(disponible en anglais seulement)<\/em><\/p>\n","protected":false},"excerpt":{"rendered":"<p>Mon ordinateur, le livre qui se trouve actuellement au sommet de ma pile de lecture et mes m\u00e9dicaments : peu importe o\u00f9 je me trouve dans le monde, je m\u2019assure&hellip;<\/p>\n","protected":false},"author":114,"featured_media":59656,"comment_status":"open","ping_status":"open","sticky":false,"template":"","format":"standard","meta":{"ep_exclude_from_search":false,"p4_og_title":"","p4_og_description":"","p4_og_image":"","p4_og_image_id":"","p4_seo_canonical_url":"","p4_campaign_name":"","p4_local_project":"","p4_basket_name":"","p4_department":"","footnotes":""},"categories":[140],"tags":[182],"p4-page-type":[155],"class_list":["post-59732","post","type-post","status-publish","format-standard","has-post-thumbnail","hentry","category-egalite","tag-justice-raciale","p4-page-type-histoire"],"_links":{"self":[{"href":"https:\/\/www.greenpeace.org\/canada\/fr\/wp-json\/wp\/v2\/posts\/59732","targetHints":{"allow":["GET"]}}],"collection":[{"href":"https:\/\/www.greenpeace.org\/canada\/fr\/wp-json\/wp\/v2\/posts"}],"about":[{"href":"https:\/\/www.greenpeace.org\/canada\/fr\/wp-json\/wp\/v2\/types\/post"}],"author":[{"embeddable":true,"href":"https:\/\/www.greenpeace.org\/canada\/fr\/wp-json\/wp\/v2\/users\/114"}],"replies":[{"embeddable":true,"href":"https:\/\/www.greenpeace.org\/canada\/fr\/wp-json\/wp\/v2\/comments?post=59732"}],"version-history":[{"count":3,"href":"https:\/\/www.greenpeace.org\/canada\/fr\/wp-json\/wp\/v2\/posts\/59732\/revisions"}],"predecessor-version":[{"id":59736,"href":"https:\/\/www.greenpeace.org\/canada\/fr\/wp-json\/wp\/v2\/posts\/59732\/revisions\/59736"}],"wp:featuredmedia":[{"embeddable":true,"href":"https:\/\/www.greenpeace.org\/canada\/fr\/wp-json\/wp\/v2\/media\/59656"}],"wp:attachment":[{"href":"https:\/\/www.greenpeace.org\/canada\/fr\/wp-json\/wp\/v2\/media?parent=59732"}],"wp:term":[{"taxonomy":"category","embeddable":true,"href":"https:\/\/www.greenpeace.org\/canada\/fr\/wp-json\/wp\/v2\/categories?post=59732"},{"taxonomy":"post_tag","embeddable":true,"href":"https:\/\/www.greenpeace.org\/canada\/fr\/wp-json\/wp\/v2\/tags?post=59732"},{"taxonomy":"p4-page-type","embeddable":true,"href":"https:\/\/www.greenpeace.org\/canada\/fr\/wp-json\/wp\/v2\/p4-page-type?post=59732"}],"curies":[{"name":"wp","href":"https:\/\/api.w.org\/{rel}","templated":true}]}}