{"id":59816,"date":"2023-07-05T05:00:00","date_gmt":"2023-07-05T09:00:00","guid":{"rendered":"https:\/\/www.greenpeace.org\/canada\/?p=59816"},"modified":"2024-08-01T00:56:04","modified_gmt":"2024-08-01T04:56:04","slug":"greenpeace-projette-les-profondeurs-de-locean-au-centre-de-montreal-pour-demander-au-canada-de-soutenir-larret-de-lexploitation-miniere-en-eaux-profondes","status":"publish","type":"post","link":"https:\/\/www.greenpeace.org\/canada\/fr\/blog-des-volontaires\/59816\/greenpeace-projette-les-profondeurs-de-locean-au-centre-de-montreal-pour-demander-au-canada-de-soutenir-larret-de-lexploitation-miniere-en-eaux-profondes\/","title":{"rendered":"Greenpeace projette les profondeurs de l&rsquo;oc\u00e9an au centre de Montr\u00e9al pour demander au Canada de soutenir l&rsquo;arr\u00eat de l&rsquo;exploitation mini\u00e8re en eaux profondes"},"content":{"rendered":"\n<p><strong>MONTR\u00c9AL<\/strong> \u2013 Greenpeace Canada a r\u00e9alis\u00e9 hier soir la projection g\u00e9ante de deux vid\u00e9os illustrant les dommages que l\u2019exploitation mini\u00e8re en eaux profondes causerait aux fragiles \u00e9cosyst\u00e8mes marins. La projection, \u00e0 proximit\u00e9 de la station de m\u00e9tro Place des Arts, intervient en amont de discussions internationales qui d\u00e9termineront le futur de cette industrie dans les mois \u00e0 venir. Elle s\u2019inscrit dans le cadre des appels lanc\u00e9s par l\u2019organisation au gouvernement canadien pour qu\u2019il prot\u00e8ge les oc\u00e9ans et d\u00e9fende les droits des peuples autochtones en apportant son soutien \u00e0 un moratoire sur l\u2019exploitation mini\u00e8re en eaux profondes.<\/p>\n\n<p>Cette projection \u00e0 \u00e9t\u00e9 r\u00e9alis\u00e9e un mois apr\u00e8s que des activistes de Greenpeace ont <a href=\"https:\/\/www.greenpeace.org\/canada\/fr\/communique-de-presse\/59453\/un-poulpe-geant-illuminant-une-ile-dottawa-appelle-le-canada-a-sopposer-a-lexploitation-miniere-en-eaux-profondes\/\">install\u00e9<\/a> un poulpe g\u00e9ant illumin\u00e9 pr\u00e8s du b\u00e2timent f\u00e9d\u00e9ral des Affaires mondiales \u00e0 Ottawa, appelant la ministre des Affaires \u00e9trang\u00e8res, Mme Joly, \u00e0 prot\u00e9ger les grands fonds marins.&nbsp;&nbsp;<\/p>\n\n<p>\u00ab Nous sommes ici pour faire remonter \u00e0 la surface ce qui est en jeu dans les profondeurs de l\u2019oc\u00e9an, afin que tout le monde puisse le voir \u00bb, <strong>a d\u00e9clar\u00e9 Sarah King, responsable de la campagne Oc\u00e9ans et Plastique de Greenpeace Canada. <\/strong>\u00ab <a href=\"https:\/\/savethehighseas.org\/voices-calling-for-a-moratorium-governments-and-parliamentarians\/\">Plus d\u2019une douzaine d\u2019\u00c9tats<\/a> ont d\u2019ores et d\u00e9j\u00e0 annonc\u00e9 qu\u2019ils ne soutiennent pas&nbsp; la poursuite des activit\u00e9s mini\u00e8res en eaux profondes, mais la position internationale du Canada demeure floue malgr\u00e9 l\u2019<a href=\"https:\/\/www.canada.ca\/fr\/ressources-naturelles-canada\/nouvelles\/2023\/02\/declaration-sur-lexploitation-miniere-des-fonds-marins.html\">annonce<\/a> d\u2019un moratoire effectif dans ses eaux nationales. \u00bb&nbsp;<\/p>\n\n<p>Le conseil de l\u2019Autorit\u00e9 internationale des fonds marins (AIFM) \u2014 l\u2019organisme qui r\u00e9glemente les activit\u00e9s dans les fonds marins et qui compte le Canada parmi ses 36 membres \u2014 doit se r\u00e9unir au cours des prochaines semaines, du 10 au 28 juillet, afin d\u2019autoriser ou non les op\u00e9rations mini\u00e8res dans les eaux internationales. La ministre Joly dirige la d\u00e9l\u00e9gation canadienne aupr\u00e8s de l\u2019AIFM.&nbsp;&nbsp;<\/p>\n\n<p>La communaut\u00e9 scientifique <a href=\"https:\/\/miningwatch.ca\/sites\/default\/files\/nodule_mining_in_the_pacific_ocean.pdf\">estime<\/a> que l\u2019exploitation mini\u00e8re en eaux profondes pourrait causer des dommages irr\u00e9parables \u00e0 des habitats vieux de plusieurs millions d\u2019ann\u00e9es et \u00e0 des esp\u00e8ces uniques dont la plupart ont \u00e0 peine \u00e9t\u00e9 \u00e9tudi\u00e9es et sont nouvelles pour la science. Une <a href=\"https:\/\/www.greenpeace.org\/static\/planet4-international-stateless\/c86ff110-pto-deep-trouble-report-final-1.pdf\">poign\u00e9e de compagnies mini\u00e8res<\/a>, en majeur partie bas\u00e9es en Occident, ont exprim\u00e9 leur intention d\u2019exploiter ces \u00e9cosyst\u00e8mes fragiles des grands fonds dans une zone cibl\u00e9e de l\u2019oc\u00e9an Pacifique appel\u00e9e zone de Clarion-Clipperton (ZCC), situ\u00e9e entre Hawa\u00ef et la c\u00f4te mexicaine. En t\u00eate de liste se trouve une soci\u00e9t\u00e9 enregistr\u00e9e au Canada, The Metals Company.&nbsp;<\/p>\n\n<p>\u00ab&nbsp;Les prochaines semaines d\u00e9termineront le s\u00e9rieux des engagements canadiens envers la protection de la biodiversit\u00e9 et des \u00e9cosyst\u00e8mes marins \u00bb, <strong>a ajout\u00e9 Mme King.<\/strong> \u00ab Les oc\u00e9ans subissent d\u00e9j\u00e0 de plein fouet les crises de la biodiversit\u00e9, du climat et de la pollution, et nous avons l\u00e0 une rare opportunit\u00e9 d\u2019emp\u00eacher davantage de dommages avant qu\u2019ils ne surviennent. Le Canada doit soutenir les peuples autochtones, le public et les pays qui appellent \u00e0 un moratoire, qu\u2019ils soient membres ou non de l\u2019AIFM, ou risquer de perp\u00e9tuer les pr\u00e9judices subis par les populations et la plan\u00e8te, malgr\u00e9 ses engagements r\u00e9p\u00e9t\u00e9s \u00e0 les pr\u00e9venir. \u00bb&nbsp;<\/p>\n\n<p>Une p\u00e9tition appelant \u00e0 mettre fin \u00e0 l\u2019exploitation mini\u00e8re en eaux profondes et exhortant l\u2019attention imm\u00e9diate du gouvernement sur cet enjeu a recueilli un fort soutien et sera remise demain matin au bureau montr\u00e9alais de la ministre des Affaires \u00e9trang\u00e8res, Mme Joly.&nbsp;<\/p>\n\n<p class=\"has-text-align-center\"><strong>&#8211; 30 &#8211;<\/strong><\/p>\n\n<p><strong>Notes aux \u00e9diteur\u00b7rices :<\/strong><\/p>\n\n<ul class=\"wp-block-list\">\n<li>Des photos et des vid\u00e9os de la projection sont disponibles <strong><a href=\"https:\/\/media.greenpeace.org\/collection\/27MZIFJL2LEK4\" target=\"_blank\" rel=\"noreferrer noopener\">i<\/a><\/strong><a href=\"https:\/\/media.greenpeace.org\/collection\/27MZIFJL2LEK4\"><strong>ci<\/strong><\/a>. D\u2019autres images seront mises en ligne au cours de la journ\u00e9e.<\/li>\n\n\n\n<li>Une note d\u2019information sur l\u2019exploitation mini\u00e8re en eaux profondes est disponible <a href=\"https:\/\/www.greenpeace.org\/static\/planet4-canada-stateless\/2023\/05\/074f7fbf-fr_dsm_backgrounder.pdf\"><strong>ici<\/strong><\/a>.&nbsp;<\/li>\n\n\n\n<li>Au cours des trois mois qui ont suivi la mise en ligne de la <a href=\"https:\/\/act.greenpeace.ca\/fr-ca\/stop-a-l-exploitation-miniere-en-eaux-profondes\">p\u00e9tition<\/a>, plus de 25 000 personnes ont joint leur voix \u00e0 l\u2019appel lanc\u00e9 au gouvernement canadien pour qu\u2019il mette fin \u00e0 l\u2019exploitation mini\u00e8res en eaux profondes.&nbsp;<\/li>\n<\/ul>\n\n<p><strong>Pour plus d\u2019informations, veuillez contacter :&nbsp;<\/strong><\/p>\n\n<p>Brandon Wei, Conseiller aux communications, Greenpeace Canada<br><a href=\"mailto:brandon.wei@greenpeace.org\">brandon.wei@greenpeace.org<\/a>; +1 778 772-6138<\/p>\n\t\t\t<section\n\t\t\tclass=\"boxout post-58434 \"\n\t\t\t\n\t\t>\n\t\t\t<a\n\t\t\t\tdata-ga-category=\"Take Action Boxout\"\n\t\t\t\tdata-ga-action=\"Image\"\n\t\t\t\tdata-ga-label=\"n\/a\"\n\t\t\t\tclass=\"cover-card-overlay\"\n\t\t\t\thref=\"https:\/\/www.greenpeace.org\/canada\/fr\/agir\/stop-a-l-exploitation-miniere-en-eaux-profondes\/\" \n\t\t\t><\/a>\n\t\t\t\t\t\t\t<img\n\t\t\t\t\t\tsrc=\"https:\/\/www.greenpeace.org\/static\/planet4-canada-stateless\/2023\/05\/c830f4f5-gp1swps5_web_size.jpg\"\n\t\t\t\t\t\tsrcset=\"https:\/\/www.greenpeace.org\/static\/planet4-canada-stateless\/2023\/05\/c830f4f5-gp1swps5_web_size-300x200.jpg 300w, https:\/\/www.greenpeace.org\/static\/planet4-canada-stateless\/2023\/05\/c830f4f5-gp1swps5_web_size-768x511.jpg 768w, https:\/\/www.greenpeace.org\/static\/planet4-canada-stateless\/2023\/05\/c830f4f5-gp1swps5_web_size-510x340.jpg 510w, https:\/\/www.greenpeace.org\/static\/planet4-canada-stateless\/2023\/05\/c830f4f5-gp1swps5_web_size.jpg 800w\"\n\t\t\t\t\t\tsizes=\"(min-width: 1000px) 358px, (min-width: 780px) 313px, 88px\"\n\t\t\t\t\t\talt=\"\" title=\"\"\n\t\t\t\t\/>\n            \t\t\t<div class=\"boxout-content\">\n\t\t\t\t\t\t\t\t\t<a\n\t\t\t\t\t\tclass=\"boxout-heading medium\"\n\t\t\t\t\t\tdata-ga-category=\"Take Action Boxout\"\n\t\t\t\t\t\tdata-ga-action=\"Title\"\n\t\t\t\t\t\tdata-ga-label=\"n\/a\"\n\t\t\t\t\t\thref=\"https:\/\/www.greenpeace.org\/canada\/fr\/agir\/stop-a-l-exploitation-miniere-en-eaux-profondes\/\"\n\t\t\t\t\t\t\n\t\t\t\t\t>\n\t\t\t\t\t\tNON \u00e0 l\u2019exploitation mini\u00e8re en eaux profondes\n\t\t\t\t\t<\/a>\n\t\t\t\t\t\t\t\t\t\t\t\t\t<p class=\"boxout-excerpt\">Nous demandons au Canada d\u2019emp\u00eacher le d\u00e9ploiement de l\u2019exploitation mini\u00e8re en eaux profondes avant qu\u2019il ne soit trop tard. Rejoignez le mouvement.<\/p>\n\t\t\t\t                                    <a\n                        class=\"btn btn-primary\"\n                        data-ga-category=\"Take Action Boxout\"\n                        data-ga-action=\"Call to Action\"\n                        data-ga-label=\"n\/a\"\n                        href=\"https:\/\/www.greenpeace.org\/canada\/fr\/agir\/stop-a-l-exploitation-miniere-en-eaux-profondes\/\"\n                        \n                    >\n                        Passer \u00e0 l&#039;action\n                    <\/a>\n                \t\t\t<\/div>\n\t\t\t\t\t<\/section>\n\t","protected":false},"excerpt":{"rendered":"<p>Greenpeace Canada a r\u00e9alis\u00e9 hier soir la projection g\u00e9ante de deux vid\u00e9os illustrant les dommages que l\u2019exploitation mini\u00e8re en eaux profondes causerait aux fragiles \u00e9cosyst\u00e8mes marins.<\/p>\n","protected":false},"author":104,"featured_media":59820,"comment_status":"closed","ping_status":"closed","sticky":false,"template":"","format":"standard","meta":{"ep_exclude_from_search":false,"p4_og_title":"","p4_og_description":"","p4_og_image":"","p4_og_image_id":"","p4_seo_canonical_url":"","p4_campaign_name":"Stop Deep Sea Mining","p4_local_project":"globaloceantreaty","p4_basket_name":"Oceans","p4_department":"","footnotes":""},"categories":[20],"tags":[46,37],"p4-page-type":[],"class_list":["post-59816","post","type-post","status-publish","format-standard","has-post-thumbnail","hentry","category-climat","tag-oceans-fr","tag-actionspacifiques"],"_links":{"self":[{"href":"https:\/\/www.greenpeace.org\/canada\/fr\/wp-json\/wp\/v2\/posts\/59816","targetHints":{"allow":["GET"]}}],"collection":[{"href":"https:\/\/www.greenpeace.org\/canada\/fr\/wp-json\/wp\/v2\/posts"}],"about":[{"href":"https:\/\/www.greenpeace.org\/canada\/fr\/wp-json\/wp\/v2\/types\/post"}],"author":[{"embeddable":true,"href":"https:\/\/www.greenpeace.org\/canada\/fr\/wp-json\/wp\/v2\/users\/104"}],"replies":[{"embeddable":true,"href":"https:\/\/www.greenpeace.org\/canada\/fr\/wp-json\/wp\/v2\/comments?post=59816"}],"version-history":[{"count":2,"href":"https:\/\/www.greenpeace.org\/canada\/fr\/wp-json\/wp\/v2\/posts\/59816\/revisions"}],"predecessor-version":[{"id":59824,"href":"https:\/\/www.greenpeace.org\/canada\/fr\/wp-json\/wp\/v2\/posts\/59816\/revisions\/59824"}],"wp:featuredmedia":[{"embeddable":true,"href":"https:\/\/www.greenpeace.org\/canada\/fr\/wp-json\/wp\/v2\/media\/59820"}],"wp:attachment":[{"href":"https:\/\/www.greenpeace.org\/canada\/fr\/wp-json\/wp\/v2\/media?parent=59816"}],"wp:term":[{"taxonomy":"category","embeddable":true,"href":"https:\/\/www.greenpeace.org\/canada\/fr\/wp-json\/wp\/v2\/categories?post=59816"},{"taxonomy":"post_tag","embeddable":true,"href":"https:\/\/www.greenpeace.org\/canada\/fr\/wp-json\/wp\/v2\/tags?post=59816"},{"taxonomy":"p4-page-type","embeddable":true,"href":"https:\/\/www.greenpeace.org\/canada\/fr\/wp-json\/wp\/v2\/p4-page-type?post=59816"}],"curies":[{"name":"wp","href":"https:\/\/api.w.org\/{rel}","templated":true}]}}