{"id":59849,"date":"2023-07-07T08:45:00","date_gmt":"2023-07-07T12:45:00","guid":{"rendered":"https:\/\/www.greenpeace.org\/canada\/?p=59849"},"modified":"2024-08-01T00:48:54","modified_gmt":"2024-08-01T04:48:54","slug":"lexploitation-miniere-en-eaux-profondes-une-menace-concrete-que-nous-devons-arreter-maintenant","status":"publish","type":"post","link":"https:\/\/www.greenpeace.org\/canada\/fr\/histoire\/59849\/lexploitation-miniere-en-eaux-profondes-une-menace-concrete-que-nous-devons-arreter-maintenant\/","title":{"rendered":"L&rsquo;exploitation mini\u00e8re en eaux profondes : une menace concr\u00e8te que nous devons arr\u00eater maintenant"},"content":{"rendered":"\n<p><a href=\"https:\/\/ici.radio-canada.ca\/ohdio\/premiere\/emissions\/les-annees-lumiere\/segments\/reportage\/448386\/exploitation-miniere-haute-mer-abysses-pacifique-nodules-ecosystemes\" target=\"_blank\" rel=\"noreferrer noopener\"><em>Le 9 juillet 2023 est un tournant pour l&rsquo;exploitation mini\u00e8re en eaux profondes<\/em><\/a><em>, mais aussi pour toutes les personnes qui s&rsquo;opposent \u00e0 cette nouvelle industrie extractive. Nous devons nous pr\u00e9parer \u00e0 accro\u00eetre la r\u00e9sistance.&nbsp;<\/em><\/p>\n\n<p><strong>Si vous avez entendu parler de la \u00ab\u00a0r\u00e8gle des deux ans\u00a0\u00bb, levez la main.<\/strong><br>Pratiquement personne ne l\u00e8verait la main et pour cause! La \u00ab\u00a0r\u00e8gle des deux ans\u00a0\u00bb est une disposition obscure du droit de la mer, <strong>un ultimatum utilis\u00e9 par l&rsquo;industrie mini\u00e8re en eaux profondes pour faire pression sur les gouvernements afin qu&rsquo;ils autorisent l&rsquo;exploitation mini\u00e8re en haute mer<\/strong>. Une fois d\u00e9clench\u00e9e, elle permet \u00e0 un contracteur d&rsquo;essayer de commencer <a href=\"https:\/\/www.greenpeace.org\/canada\/fr\/histoires\/58722\/lexploitation-miniere-en-eaux-profondes\/\" target=\"_blank\" rel=\"noreferrer noopener\">l&rsquo;exploitation mini\u00e8re en eaux profondes<\/a> m\u00eame si aucune r\u00e9glementation n&rsquo;est en place. Nauru \u2013 un petit \u00c9tat insulaire qui parraine la soci\u00e9t\u00e9 douteuse <em>The Metals Company<\/em>, une entreprise canadienne qui m\u00e8ne la charge de l&rsquo;exploitation mini\u00e8re en eaux profondes \u2013 a d\u00e9clench\u00e9 cette disposition il y a deux ans. <strong>\u00c0 ce jour, les gouvernements n&rsquo;ont aucune id\u00e9e de ce qu&rsquo;il faut faire si une entreprise demande \u00e0 commencer l&rsquo;exploitation mini\u00e8re<\/strong>. Lors de la derni\u00e8re r\u00e9union de l&rsquo;Autorit\u00e9 internationale des fonds marins, en mars, les gouvernements ont laiss\u00e9 la porte ouverte \u00e0 l&rsquo;industrie \u2013 ils doivent maintenant la fermer d\u00e9finitivement.<\/p>\n\n<figure class=\"wp-block-embed is-type-video is-provider-youtube wp-block-embed-youtube wp-embed-aspect-16-9 wp-has-aspect-ratio\"><div class=\"wp-block-embed__wrapper\">\n<lite-youtube style=\"background-image: url('https:\/\/i.ytimg.com\/vi\/oyvetFS-rls\/hqdefault.jpg');\" videoid=\"oyvetFS-rls\" params=\"rel=0\"><\/lite-youtube>\n<\/div><figcaption class=\"wp-element-caption\">Des images d&rsquo;infiltration de tests d&rsquo;exploitation mini\u00e8re en eaux profondes effectu\u00e9s dans l&rsquo;oc\u00e9an Pacifique montrent que le mineur canadien The Metals Company (TMC) d\u00e9verse des eaux us\u00e9es \u00e0 la surface de l&rsquo;oc\u00e9an, dont la toxicit\u00e9 et les incidences \u00e9cologiques sont inconnues.<\/figcaption><\/figure>\n\n<p><strong>Qu&rsquo;est-ce que cela signifie?&nbsp;&nbsp;<\/strong><\/p>\n\n<p>Cela signifie que la menace de l&rsquo;exploitation commerciale des fonds marins devient de plus en plus concr\u00e8te. Cela signifie aussi que m\u00eame apr\u00e8s l&rsquo;adoption d&rsquo;un trait\u00e9 historique sur l&rsquo;oc\u00e9an mondial, une industrie avide pourrait d\u00e9truire les fonds marins pour r\u00e9aliser des profits. <strong>\u00c0 l&rsquo;heure actuelle, il n&rsquo;y a pas grand-chose qui s\u00e9pare les merveilles naturelles des grands fonds marins des machines d&rsquo;exploitation mini\u00e8re.<\/strong> L&rsquo;exploitation mini\u00e8re des eaux profondes mettrait en p\u00e9ril des <a href=\"https:\/\/www.instagram.com\/p\/Ctbxf64sfsn\/\" target=\"_blank\" rel=\"noreferrer noopener\">\u00e9cosyst\u00e8mes marins fragiles<\/a> qui ont mis <a href=\"https:\/\/ici.radio-canada.ca\/nouvelle\/1956684\/exploitation-miniere-grands-fonds-marins-metals-metaux-critiques\" target=\"_blank\" rel=\"noreferrer noopener\">des mill\u00e9naires \u00e0 se d\u00e9velopper<\/a> et menacerait les moyens de subsistance et les traditions des habitant\u00b7es du Pacifique, ainsi que leur lien spirituel avec l&rsquo;oc\u00e9an.<\/p>\n\n<p>L&rsquo;industrie pr\u00e9tend ouvertement qu&rsquo;elle est n\u00e9cessaire \u00e0 la transition \u00e9nerg\u00e9tique verte. Mais faire descendre des machines monstrueuses \u00e0 des milliers de m\u00e8tres sous la surface pour gratter le plancher oc\u00e9anique, laissant une tra\u00een\u00e9e de destruction, ne peut pas \u00eatre une solution pour sauver la plan\u00e8te. <strong>L&rsquo;id\u00e9e de l&rsquo;exploitation mini\u00e8re en eaux profondes est absurde. La logique qui sous-tend l&rsquo;exploitation mini\u00e8re en eaux profondes est absurde.<\/strong><\/p>\n\n<figure class=\"wp-block-image\"><img decoding=\"async\" src=\"https:\/\/lh4.googleusercontent.com\/FSR32Rz7RZusrLG9lloR3u98BtI-zdT3QYkkB-fyc7x3pLET8xcIkUOiZUsiiV00Ei43FbIHDbNw2vOA1zLX0thd9GyGeCmXqlwcJOT5K3anI2Tg2VZnXnKYtgvdl6iBoBTK23UfTkzIQwsMGgLbEEs\" alt=\"\"\/><\/figure>\n\n<p><strong>Il faut mettre un terme \u00e0 l&rsquo;exploitation mini\u00e8re des fonds marins<\/strong><\/p>\n\n<p>Dans quelques jours, la prochaine r\u00e9union de l&rsquo;Autorit\u00e9 internationale des fonds marins d\u00e9butera \u00e0 Kingston, en Jama\u00efque. Bien que ce sujet soit tr\u00e8s politique, il est \u00e9galement question du pouvoir des peuples et de la mobilisation. L&rsquo;oc\u00e9an mondial n&rsquo;appartient \u00e0 personne. Nous ne pouvons pas le vendre au plus offrant. Imaginez si seulement nous pouvions emp\u00eacher une dangereuse industrie extractive d&rsquo;exister. Si nous pouvions arr\u00eater les forages en mer \u00e0 l&rsquo;aube de l&rsquo;\u00e8re p\u00e9troli\u00e8re. Voil\u00e0 o\u00f9 nous en sommes aujourd&rsquo;hui avec l&rsquo;exploitation mini\u00e8re en eaux profondes. Les gouvernements se trouvent actuellement \u00e0 la crois\u00e9e des chemins : ils ont le choix entre faire ce qui est juste ou s&rsquo;engager sur une voie tr\u00e8s dangereuse. <strong>Alors que le gouvernement norv\u00e9gien vient de d\u00e9cider de poursuivre l&rsquo;exploitation mini\u00e8re en eaux profondes dans ses fonds marins en Arctique (!), un signal clair doit \u00eatre envoy\u00e9<\/strong> par les leaders mondiaux \u00e0 l&rsquo;AIFM : l&rsquo;exploitation mini\u00e8re en eaux profondes n&rsquo;a pas d&rsquo;avenir.&nbsp;&nbsp;<\/p>\n\n<figure class=\"wp-block-image size-large\"><img loading=\"lazy\" decoding=\"async\" width=\"1024\" height=\"705\" src=\"https:\/\/www.greenpeace.org\/static\/planet4-canada-stateless\/2023\/06\/126029af-pink_fr-1024x705.jpg\" alt=\"\" class=\"wp-image-59516\" srcset=\"https:\/\/www.greenpeace.org\/static\/planet4-canada-stateless\/2023\/06\/126029af-pink_fr-1024x705.jpg 1024w, https:\/\/www.greenpeace.org\/static\/planet4-canada-stateless\/2023\/06\/126029af-pink_fr-300x206.jpg 300w, https:\/\/www.greenpeace.org\/static\/planet4-canada-stateless\/2023\/06\/126029af-pink_fr-768x528.jpg 768w, https:\/\/www.greenpeace.org\/static\/planet4-canada-stateless\/2023\/06\/126029af-pink_fr-1536x1057.jpg 1536w, https:\/\/www.greenpeace.org\/static\/planet4-canada-stateless\/2023\/06\/126029af-pink_fr-2048x1409.jpg 2048w, https:\/\/www.greenpeace.org\/static\/planet4-canada-stateless\/2023\/06\/126029af-pink_fr-1985x1366.jpg 1985w, https:\/\/www.greenpeace.org\/static\/planet4-canada-stateless\/2023\/06\/126029af-pink_fr-494x340.jpg 494w\" sizes=\"auto, (max-width: 1024px) 100vw, 1024px\" \/><\/figure>\n\n<p>L\u2019&rsquo;activisme fonctionne. Le 28 juin 2023, la Suisse a rejoint le groupe des 16 pays oppos\u00e9s \u00e0 l&rsquo;exploitation mini\u00e8re en eaux profondes. Dans le monde entier, <a href=\"https:\/\/www.greenpeace.org\/international\/act\/stop-deep-sea-mining\/\" target=\"_blank\" rel=\"noreferrer noopener\">plus de 700 000 personnes<\/a> s&rsquo;opposent \u00e0 l&rsquo;exploitation mini\u00e8re en eaux profondes. Jour apr\u00e8s jour, la mobilisation s&rsquo;accro\u00eet. <strong>Ensemble, nous devons augmenter la pression politique<\/strong> car nous ne pouvons pas nous permettre de prendre le risque de d\u00e9truire les oc\u00e9ans.&nbsp;<\/p>\n\n<p>Alors oui, le 9 juillet, une nouvelle \u00e8re s&rsquo;ouvrira pour l&rsquo;exploitation mini\u00e8re en eaux profondes, mais la mobilisation mondiale est aussi plus forte que jamais. Il s&rsquo;agit d&rsquo;une opportunit\u00e9 qui ne se pr\u00e9sente qu&rsquo;une fois par g\u00e9n\u00e9ration. Faites partie de l&rsquo;histoire et agissez d\u00e8s maintenant.<\/p>\n\n<div class=\"wp-block-buttons is-content-justification-center is-layout-flex wp-container-core-buttons-is-layout-16018d1d wp-block-buttons-is-layout-flex\">\n<div class=\"wp-block-button\"><a class=\"wp-block-button__link wp-element-button\" href=\"https:\/\/twitter.com\/intent\/tweet?text=Plus%20que%20quelques%20jours%20avant%20la%20r%C3%A9union%20de%20l%27AIFM%20qui%20pourrait%20d%C3%A9terminer%20l%27avenir%20de%20l%27exploitation%20mini%C3%A8re%20en%20haute%20mer!%20Le%20Canada%20doit%20soutenir%20un%20moratoire%20pour%20prot%C3%A9ger%20les%20oc%C3%A9ans%20%F0%9F%90%99%40melaniejoly%20%40JonathanWNV%20%40s_guilbeault%20%40JoyceMurray%0Ahttps%3A\/\/act.gp\/3XEalUC%20%40greenpeaceQC\" target=\"_blank\" rel=\"noreferrer noopener\">Envoyer un tweet aux ministres<\/a><\/div>\n<\/div>\n\n<p class=\"has-white-color has-text-color\">\/\/<\/p>\n\t\t\t<section\n\t\t\tclass=\"boxout post-58449 \"\n\t\t\t\n\t\t>\n\t\t\t<a\n\t\t\t\tdata-ga-category=\"Take Action Boxout\"\n\t\t\t\tdata-ga-action=\"Image\"\n\t\t\t\tdata-ga-label=\"n\/a\"\n\t\t\t\tclass=\"cover-card-overlay\"\n\t\t\t\thref=\"https:\/\/www.greenpeace.org\/canada\/fr\/agir\/stop-a-l-exploitation-miniere-en-eaux-profondes\/\" \n\t\t\t><\/a>\n\t\t\t\t\t\t\t<img\n\t\t\t\t\t\tsrc=\"https:\/\/www.greenpeace.org\/static\/planet4-canada-stateless\/2023\/05\/c830f4f5-gp1swps5_web_size.jpg\"\n\t\t\t\t\t\tsrcset=\"https:\/\/www.greenpeace.org\/static\/planet4-canada-stateless\/2023\/05\/c830f4f5-gp1swps5_web_size-300x200.jpg 300w, https:\/\/www.greenpeace.org\/static\/planet4-canada-stateless\/2023\/05\/c830f4f5-gp1swps5_web_size-768x511.jpg 768w, https:\/\/www.greenpeace.org\/static\/planet4-canada-stateless\/2023\/05\/c830f4f5-gp1swps5_web_size-510x340.jpg 510w, https:\/\/www.greenpeace.org\/static\/planet4-canada-stateless\/2023\/05\/c830f4f5-gp1swps5_web_size.jpg 800w\"\n\t\t\t\t\t\tsizes=\"(min-width: 1000px) 358px, (min-width: 780px) 313px, 88px\"\n\t\t\t\t\t\talt=\"\" title=\"\"\n\t\t\t\t\/>\n            \t\t\t<div class=\"boxout-content\">\n\t\t\t\t\t\t\t\t\t<a\n\t\t\t\t\t\tclass=\"boxout-heading medium\"\n\t\t\t\t\t\tdata-ga-category=\"Take Action Boxout\"\n\t\t\t\t\t\tdata-ga-action=\"Title\"\n\t\t\t\t\t\tdata-ga-label=\"n\/a\"\n\t\t\t\t\t\thref=\"https:\/\/www.greenpeace.org\/canada\/fr\/agir\/stop-a-l-exploitation-miniere-en-eaux-profondes\/\"\n\t\t\t\t\t\t\n\t\t\t\t\t>\n\t\t\t\t\t\tNON \u00e0 l\u2019exploitation mini\u00e8re en eaux profondes\n\t\t\t\t\t<\/a>\n\t\t\t\t\t\t\t\t\t\t\t\t\t<p class=\"boxout-excerpt\">Nous demandons au Canada d\u2019emp\u00eacher le d\u00e9ploiement de l\u2019exploitation mini\u00e8re en eaux profondes avant qu\u2019il ne soit trop tard. Rejoignez le mouvement.<\/p>\n\t\t\t\t                                    <a\n                        class=\"btn btn-primary\"\n                        data-ga-category=\"Take Action Boxout\"\n                        data-ga-action=\"Call to Action\"\n                        data-ga-label=\"n\/a\"\n                        href=\"https:\/\/www.greenpeace.org\/canada\/fr\/agir\/stop-a-l-exploitation-miniere-en-eaux-profondes\/\"\n                        \n                    >\n                        Passer \u00e0 l&#039;action\n                    <\/a>\n                \t\t\t<\/div>\n\t\t\t\t\t<\/section>\n\t","protected":false},"excerpt":{"rendered":"<p>L&rsquo;exploitation mini\u00e8re des eaux profondes mettrait en p\u00e9ril des \u00e9cosyst\u00e8mes marins fragiles qui ont mis des mill\u00e9naires \u00e0 se d\u00e9velopper et menacerait les moyens de subsistance et les traditions des habitant\u00b7es du Pacifique, ainsi que leur lien spirituel avec l&rsquo;oc\u00e9an.<\/p>\n","protected":false},"author":12,"featured_media":57943,"comment_status":"open","ping_status":"open","sticky":false,"template":"","format":"standard","meta":{"ep_exclude_from_search":false,"p4_og_title":"L'exploitation mini\u00e8re en eaux profondes : une menace concr\u00e8te que nous devons arr\u00eater maintenant","p4_og_description":"L'exploitation mini\u00e8re des eaux profondes mettrait en p\u00e9ril des \u00e9cosyst\u00e8mes marins fragiles qui ont mis des mill\u00e9naires \u00e0 se d\u00e9velopper et menacerait les moyens de subsistance et les traditions des habitant\u00b7es du Pacifique, ainsi que leur lien spirituel avec l'oc\u00e9an.","p4_og_image":"https:\/\/www.greenpeace.org\/static\/planet4-canada-stateless\/2023\/03\/bc7da191-gp0stvrgq_web_size_with_credit_line.jpg","p4_og_image_id":"57941","p4_seo_canonical_url":"","p4_campaign_name":"Stop Deep Sea Mining","p4_local_project":"","p4_basket_name":"Oceans","p4_department":"","footnotes":""},"categories":[140,19],"tags":[40,41,46,157],"p4-page-type":[155],"class_list":["post-59849","post","type-post","status-publish","format-standard","has-post-thumbnail","hentry","category-egalite","category-nature-fr","tag-autochtones","tag-climat","tag-oceans-fr","tag-biodiversite","p4-page-type-histoire"],"_links":{"self":[{"href":"https:\/\/www.greenpeace.org\/canada\/fr\/wp-json\/wp\/v2\/posts\/59849","targetHints":{"allow":["GET"]}}],"collection":[{"href":"https:\/\/www.greenpeace.org\/canada\/fr\/wp-json\/wp\/v2\/posts"}],"about":[{"href":"https:\/\/www.greenpeace.org\/canada\/fr\/wp-json\/wp\/v2\/types\/post"}],"author":[{"embeddable":true,"href":"https:\/\/www.greenpeace.org\/canada\/fr\/wp-json\/wp\/v2\/users\/12"}],"replies":[{"embeddable":true,"href":"https:\/\/www.greenpeace.org\/canada\/fr\/wp-json\/wp\/v2\/comments?post=59849"}],"version-history":[{"count":6,"href":"https:\/\/www.greenpeace.org\/canada\/fr\/wp-json\/wp\/v2\/posts\/59849\/revisions"}],"predecessor-version":[{"id":59865,"href":"https:\/\/www.greenpeace.org\/canada\/fr\/wp-json\/wp\/v2\/posts\/59849\/revisions\/59865"}],"wp:featuredmedia":[{"embeddable":true,"href":"https:\/\/www.greenpeace.org\/canada\/fr\/wp-json\/wp\/v2\/media\/57943"}],"wp:attachment":[{"href":"https:\/\/www.greenpeace.org\/canada\/fr\/wp-json\/wp\/v2\/media?parent=59849"}],"wp:term":[{"taxonomy":"category","embeddable":true,"href":"https:\/\/www.greenpeace.org\/canada\/fr\/wp-json\/wp\/v2\/categories?post=59849"},{"taxonomy":"post_tag","embeddable":true,"href":"https:\/\/www.greenpeace.org\/canada\/fr\/wp-json\/wp\/v2\/tags?post=59849"},{"taxonomy":"p4-page-type","embeddable":true,"href":"https:\/\/www.greenpeace.org\/canada\/fr\/wp-json\/wp\/v2\/p4-page-type?post=59849"}],"curies":[{"name":"wp","href":"https:\/\/api.w.org\/{rel}","templated":true}]}}