{"id":60094,"date":"2023-07-28T10:15:47","date_gmt":"2023-07-28T14:15:47","guid":{"rendered":"https:\/\/www.greenpeace.org\/canada\/?p=60094"},"modified":"2023-07-28T10:16:21","modified_gmt":"2023-07-28T14:16:21","slug":"lexploitation-miniere-en-eaux-profondes-nobtient-pas-le-feu-vert-mais-reste-une-menace","status":"publish","type":"post","link":"https:\/\/www.greenpeace.org\/canada\/fr\/blog-des-volontaires\/60094\/lexploitation-miniere-en-eaux-profondes-nobtient-pas-le-feu-vert-mais-reste-une-menace\/","title":{"rendered":"L\u2019exploitation mini\u00e8re en eaux profondes n&rsquo;obtient pas le feu vert mais reste une menace"},"content":{"rendered":"\n<p><strong>OTTAWA, CANADA &amp; KINGSTON, JAMA\u00cfQUE<\/strong> \u2013 Les n\u00e9gociations de l&rsquo;Autorit\u00e9 internationale des fonds marins (AIFM) se terminent aujourd&rsquo;hui et les soci\u00e9t\u00e9s d&rsquo;exploitation mini\u00e8re en eaux profondes n&rsquo;ont pas obtenu le feu vert imm\u00e9diat pour commencer \u00e0 exploiter les fonds marins de la plan\u00e8te. L&rsquo;opposition \u00e0 l&rsquo;exploitation mini\u00e8re en eaux profondes au sein de l&rsquo;AIFM s&rsquo;intensifie, avec notamment <a href=\"https:\/\/savethehighseas.org\/voices-calling-for-a-moratorium-governments-and-parliamentarians\/\">plus de 20 gouvernements<\/a> d&rsquo;Europe, du Sud et du Pacifique qui ont demand\u00e9 une pause pr\u00e9ventive.<\/p>\n\n<p>\u00ab La majorit\u00e9 des pays membres du Conseil de l\u2019AIFM, dont le Canada, n&rsquo;ont pas pli\u00e9 face aux pressions de l&rsquo;industrie qui tentait d\u2019acc\u00e9l\u00e9rer la mise en place de r\u00e8gles relatives \u00e0 l&rsquo;exploitation mini\u00e8re en eaux profondes, <strong>a d\u00e9clar\u00e9 Sarah King, responsable des campagnes Oc\u00e9ans et Plastiques de Greenpeace Canada. <\/strong>Le Canada a jou\u00e9 un r\u00f4le important en maintenant la demande d\u2019un moratoire sur le radar de l&rsquo;AIFM. Le gouvernement devra maintenir sa position si nous souhaitons que les habitats et la vie des fonds marins restent \u00e0 l&rsquo;abri d&rsquo;une destruction irr\u00e9versible. \u00bb<\/p>\n\n<p>Le Canada <a href=\"https:\/\/www.canada.ca\/fr\/affaires-mondiales\/nouvelles\/2023\/07\/position-du-canada-sur-lexploitation-miniere-des-fonds-marins-dans-les-zones-ne-relevant-pas-de-la-juridiction-nationale.html\">a annonc\u00e9 son soutien \u00e0 un moratoire<\/a> sur l&rsquo;exploitation mini\u00e8re en eaux profondes dans les eaux internationales le premier jour des discussions de l&rsquo;AIFM, et a d\u00e9clar\u00e9 un <a href=\"https:\/\/www.canada.ca\/fr\/ressources-naturelles-canada\/nouvelles\/2023\/02\/declaration-sur-lexploitation-miniere-des-fonds-marins.html\">moratoire effectif<\/a> sur cette pratique dans les eaux nationales plus t\u00f4t cette ann\u00e9e.<\/p>\n\n<p>\u00ab L&rsquo;industrie mini\u00e8re en eaux profondes s&rsquo;appr\u00eatait \u00e0 plonger ses dents m\u00e9caniques dans les fonds marins, mais son pari s&rsquo;est retourn\u00e9 contre elle. Elle a gravement sous-estim\u00e9 l&rsquo;importance de la science et de l&rsquo;\u00e9quit\u00e9 par rapport \u00e0 une entreprise purement sp\u00e9culative et ax\u00e9e sur le profit. En raison de la sensibilisation et de la mobilisation croissantes du public, des fissures apparaissent dans ce qui \u00e9tait jusqu&rsquo;\u00e0 pr\u00e9sent une forteresse pour les int\u00e9r\u00eats de l&rsquo;industrie. Il est clair que la majorit\u00e9 des gouvernements ne veulent pas que l\u2019on se souvienne d\u2019eux comme ceux qui auront autoris\u00e9 la destruction des oc\u00e9ans, \u00bb <strong>a d\u00e9clar\u00e9 Louisa Casson, responsable de la campagne Oc\u00e9ans de Greenpeace International.<\/strong><\/p>\n\n<p>La soci\u00e9t\u00e9 The Metals Company, leader de l&rsquo;industrie et enregistr\u00e9e au Canada, <a href=\"https:\/\/www.nasdaq.com\/articles\/why-the-metals-company-stock-is-drowning-today\">a vu le cours de ses actions chuter<\/a> lorsque les march\u00e9s ont r\u00e9agi \u00e0 la nouvelle [1]. Cependant, l&rsquo;AIFM n&rsquo;a toujours pas r\u00e9ussi \u00e0 combler <a href=\"https:\/\/www.un.org\/depts\/los\/convention_agreements\/texts\/agreement_part_xi\/agreement_part_xi.htm\">un vide juridique<\/a> qui pourrait permettre \u00e0 TMC, et \u00e0 d&rsquo;autres soci\u00e9t\u00e9s mini\u00e8res, de commencer l&rsquo;exploitation l&rsquo;ann\u00e9e prochaine.&nbsp;<\/p>\n\n<p>Lors de l&rsquo;assembl\u00e9e de l&rsquo;AIFM cette semaine, les nations favorables \u00e0 l&rsquo;exploitation mini\u00e8re ont r\u00e9agi en tentant de faire taire la r\u00e9sistance croissante \u00e0 l&rsquo;exploitation mini\u00e8re en eaux profondes \u00e0 l&rsquo;endroit m\u00eame o\u00f9 elle fait l&rsquo;objet de n\u00e9gociations. Vendredi matin, la Chine s&rsquo;opposait encore \u00e0 une proposition des gouvernements d&rsquo;Am\u00e9rique latine, du Pacifique et d&rsquo;Europe visant \u00e0 faire de l&rsquo;espace pour le d\u00e9bat. Ces tentatives de restriction de l&rsquo;opposition \u00e0 l&rsquo;exploitation mini\u00e8re en eaux profondes sont all\u00e9es au-del\u00e0 de la table des n\u00e9gociations, puisque le secr\u00e9tariat de l&rsquo;AIFM <a href=\"https:\/\/www.commondreams.org\/opinion\/isa-deep-sea-mining\">a limit\u00e9 l&rsquo;acc\u00e8s des journalistes et a emp\u00each\u00e9 les manifestations pacifiques pendant <\/a>les r\u00e9unions.&nbsp;<\/p>\n\n<p>\u00ab Dans le Pacifique, l&rsquo;oc\u00e9an nous est cher. Il guide nos vies et ce que nous sommes en tant que peuple. Le spectre de l&rsquo;exploitation mini\u00e8re en eaux profondes soul\u00e8ve de nombreuses inqui\u00e9tudes, qui nous rappellent ce que notre r\u00e9gion a subi \u00e0 cause d\u2019autres&nbsp; industries extractives coloniales et de l&rsquo;\u00e9poque barbare des essais nucl\u00e9aires. Nous appelons les dirigeants mondiaux \u00e0 mieux g\u00e9rer nos oc\u00e9ans en se joignant \u00e0 l&rsquo;appel en faveur d&rsquo;un moratoire, \u00bb <strong>a d\u00e9clar\u00e9 Joey Tau, charg\u00e9 de campagne chez Pacific Network on Globalisation (PANG), bas\u00e9 \u00e0 Suva, aux Fidji.<\/strong>&nbsp;<\/p>\n\n<p><a href=\"https:\/\/www.greenpeace.org\/aotearoa\/press-release\/pressure-mounts-against-deep-sea-mining-as-more-pacific-countries-take-a-stand\/\">Les appels \u00e0 l&rsquo;action des peuples autochtones<\/a> sont appuy\u00e9s par <a href=\"https:\/\/www.financeforbiodiversity.org\/leading-financial-institutions-call-on-governments-to-not-permit-deep-sea-mining\/\">37 institutions financi\u00e8res<\/a>, <a href=\"https:\/\/seabedminingsciencestatement.org\/\">plus de 750 scientifiques<\/a> et <a href=\"https:\/\/www.theguardian.com\/environment\/2023\/jul\/11\/seafood-industry-joins-chorus-of-groups-calling-for-a-halt-to-deep-sea-mining-plans\">l&rsquo;industrie de la p\u00eache<\/a>, qui r\u00e9clament tous une pause pr\u00e9ventive.&nbsp;<\/p>\n\n<p class=\"has-text-align-center\"><strong>&#8211; 30 &#8211;<\/strong><\/p>\n\n<p><strong>Notes aux \u00e9diteur\u00b7rices :<\/strong><\/p>\n\n<p>[1] Le $TMC s&rsquo;\u00e9changeait \u00e0 2,85 dollars am\u00e9ricains le 11 juillet, et a chut\u00e9 \u00e0 1,82 dollars le vendredi 21 juillet \u00e0 la suite du Conseil de l&rsquo;AIFM.<\/p>\n\n<p>[2] <strong>Une note d&rsquo;information<\/strong> sur l&rsquo;exploitation mini\u00e8re en eaux profondes est disponible <a href=\"https:\/\/www.greenpeace.org\/static\/planet4-canada-stateless\/2023\/07\/100a8c46-juillet2023_fr_stopdsm_backgrounder.docx.pdf\"><strong>ici<\/strong><\/a>.<\/p>\n\n<p>[3] <strong>La r\u00e9action de Greenpeace Canada<\/strong> au soutien du Canada \u00e0 un moratoire sur l&rsquo;exploitation mini\u00e8re en eaux profondes dans les eaux mondiales est disponible <a href=\"https:\/\/www.greenpeace.org\/canada\/fr\/communique-de-presse\/59857\/le-canada-soutient-un-moratoire-sur-lexploitation-miniere-en-eaux-profondes-alors-que-des-negociations-cruciales-reprennent\/\"><strong>ici<\/strong><\/a>.<\/p>\n\n<p>[4] Greenpeace Canada a r\u00e9cemment organis\u00e9 \u00e0 <a href=\"https:\/\/www.greenpeace.org\/canada\/fr\/communique-de-presse\/59453\/un-poulpe-geant-illuminant-une-ile-dottawa-appelle-le-canada-a-sopposer-a-lexploitation-miniere-en-eaux-profondes\/\">Ottawa<\/a>, <a href=\"https:\/\/www.greenpeace.org\/canada\/fr\/communique-de-presse\/59816\/greenpeace-projette-les-profondeurs-de-locean-au-centre-de-montreal-pour-demander-au-canada-de-soutenir-larret-de-lexploitation-miniere-en-eaux-profondes\/\">Montr\u00e9al<\/a> et <a href=\"https:\/\/media.greenpeace.org\/Detail\/27MZIFJL3JQXL\">Toronto<\/a> trois activit\u00e9s mettant en lumi\u00e8re les risques de l&rsquo;exploitation mini\u00e8re en eaux profondes et l&rsquo;importance du soutien du Canada \u00e0 un moratoire, ainsi que les appels lanc\u00e9s par les peuples du Pacifique en faveur d\u2019une pause pr\u00e9ventive de l&rsquo;exploitation mini\u00e8re en eaux profondes.<\/p>\n\n<p><strong>Pour plus d\u2019informations, veuillez contacter :&nbsp;<\/strong><\/p>\n\n<p>Brandon Wei, Conseiller aux communications, Greenpeace Canada<br><a href=\"mailto:brandon.wei@greenpeace.org\">brandon.wei@greenpeace.org<\/a>; +1 778 772-6138<\/p>\n\t\t\t<section\n\t\t\tclass=\"boxout post-58449 \"\n\t\t\t\n\t\t>\n\t\t\t<a\n\t\t\t\tdata-ga-category=\"Take Action Boxout\"\n\t\t\t\tdata-ga-action=\"Image\"\n\t\t\t\tdata-ga-label=\"n\/a\"\n\t\t\t\tclass=\"cover-card-overlay\"\n\t\t\t\thref=\"https:\/\/www.greenpeace.org\/canada\/fr\/agir\/stop-a-l-exploitation-miniere-en-eaux-profondes\/\" \n\t\t\t><\/a>\n\t\t\t\t\t\t\t<img\n\t\t\t\t\t\tsrc=\"https:\/\/www.greenpeace.org\/static\/planet4-canada-stateless\/2023\/05\/c830f4f5-gp1swps5_web_size.jpg\"\n\t\t\t\t\t\tsrcset=\"https:\/\/www.greenpeace.org\/static\/planet4-canada-stateless\/2023\/05\/c830f4f5-gp1swps5_web_size-300x200.jpg 300w, https:\/\/www.greenpeace.org\/static\/planet4-canada-stateless\/2023\/05\/c830f4f5-gp1swps5_web_size-768x511.jpg 768w, https:\/\/www.greenpeace.org\/static\/planet4-canada-stateless\/2023\/05\/c830f4f5-gp1swps5_web_size-510x340.jpg 510w, https:\/\/www.greenpeace.org\/static\/planet4-canada-stateless\/2023\/05\/c830f4f5-gp1swps5_web_size.jpg 800w\"\n\t\t\t\t\t\tsizes=\"(min-width: 1000px) 358px, (min-width: 780px) 313px, 88px\"\n\t\t\t\t\t\talt=\"\" title=\"\"\n\t\t\t\t\/>\n            \t\t\t<div class=\"boxout-content\">\n\t\t\t\t\t\t\t\t\t<a\n\t\t\t\t\t\tclass=\"boxout-heading medium\"\n\t\t\t\t\t\tdata-ga-category=\"Take Action Boxout\"\n\t\t\t\t\t\tdata-ga-action=\"Title\"\n\t\t\t\t\t\tdata-ga-label=\"n\/a\"\n\t\t\t\t\t\thref=\"https:\/\/www.greenpeace.org\/canada\/fr\/agir\/stop-a-l-exploitation-miniere-en-eaux-profondes\/\"\n\t\t\t\t\t\t\n\t\t\t\t\t>\n\t\t\t\t\t\tNON \u00e0 l\u2019exploitation mini\u00e8re en eaux profondes\n\t\t\t\t\t<\/a>\n\t\t\t\t\t\t\t\t\t\t\t\t\t<p class=\"boxout-excerpt\">Nous demandons au Canada d\u2019emp\u00eacher le d\u00e9ploiement de l\u2019exploitation mini\u00e8re en eaux profondes avant qu\u2019il ne soit trop tard. Rejoignez le mouvement.<\/p>\n\t\t\t\t                                    <a\n                        class=\"btn btn-primary\"\n                        data-ga-category=\"Take Action Boxout\"\n                        data-ga-action=\"Call to Action\"\n                        data-ga-label=\"n\/a\"\n                        href=\"https:\/\/www.greenpeace.org\/canada\/fr\/agir\/stop-a-l-exploitation-miniere-en-eaux-profondes\/\"\n                        \n                    >\n                        Passer \u00e0 l&#039;action\n                    <\/a>\n                \t\t\t<\/div>\n\t\t\t\t\t<\/section>\n\t","protected":false},"excerpt":{"rendered":"<p>Les n\u00e9gociations de l&rsquo;Autorit\u00e9 internationale des fonds marins (AIFM) se terminent aujourd&rsquo;hui.<\/p>\n","protected":false},"author":104,"featured_media":60095,"comment_status":"closed","ping_status":"closed","sticky":false,"template":"","format":"standard","meta":{"ep_exclude_from_search":false,"p4_og_title":"L\u2019exploitation mini\u00e8re en eaux profondes n'obtient pas le feu vert mais reste une menace","p4_og_description":"Les n\u00e9gociations de l'Autorit\u00e9 internationale des fonds marins (AIFM) se terminent aujourd'hui.","p4_og_image":"","p4_og_image_id":"","p4_seo_canonical_url":"","p4_campaign_name":"Stop Deep Sea Mining","p4_local_project":"globaloceantreaty","p4_basket_name":"Oceans","p4_department":"","footnotes":""},"categories":[20,19],"tags":[46,157],"p4-page-type":[],"class_list":["post-60094","post","type-post","status-publish","format-standard","has-post-thumbnail","hentry","category-climat","category-nature-fr","tag-oceans-fr","tag-biodiversite"],"_links":{"self":[{"href":"https:\/\/www.greenpeace.org\/canada\/fr\/wp-json\/wp\/v2\/posts\/60094","targetHints":{"allow":["GET"]}}],"collection":[{"href":"https:\/\/www.greenpeace.org\/canada\/fr\/wp-json\/wp\/v2\/posts"}],"about":[{"href":"https:\/\/www.greenpeace.org\/canada\/fr\/wp-json\/wp\/v2\/types\/post"}],"author":[{"embeddable":true,"href":"https:\/\/www.greenpeace.org\/canada\/fr\/wp-json\/wp\/v2\/users\/104"}],"replies":[{"embeddable":true,"href":"https:\/\/www.greenpeace.org\/canada\/fr\/wp-json\/wp\/v2\/comments?post=60094"}],"version-history":[{"count":1,"href":"https:\/\/www.greenpeace.org\/canada\/fr\/wp-json\/wp\/v2\/posts\/60094\/revisions"}],"predecessor-version":[{"id":60098,"href":"https:\/\/www.greenpeace.org\/canada\/fr\/wp-json\/wp\/v2\/posts\/60094\/revisions\/60098"}],"wp:featuredmedia":[{"embeddable":true,"href":"https:\/\/www.greenpeace.org\/canada\/fr\/wp-json\/wp\/v2\/media\/60095"}],"wp:attachment":[{"href":"https:\/\/www.greenpeace.org\/canada\/fr\/wp-json\/wp\/v2\/media?parent=60094"}],"wp:term":[{"taxonomy":"category","embeddable":true,"href":"https:\/\/www.greenpeace.org\/canada\/fr\/wp-json\/wp\/v2\/categories?post=60094"},{"taxonomy":"post_tag","embeddable":true,"href":"https:\/\/www.greenpeace.org\/canada\/fr\/wp-json\/wp\/v2\/tags?post=60094"},{"taxonomy":"p4-page-type","embeddable":true,"href":"https:\/\/www.greenpeace.org\/canada\/fr\/wp-json\/wp\/v2\/p4-page-type?post=60094"}],"curies":[{"name":"wp","href":"https:\/\/api.w.org\/{rel}","templated":true}]}}