{"id":60535,"date":"2023-09-14T11:02:30","date_gmt":"2023-09-14T15:02:30","guid":{"rendered":"https:\/\/www.greenpeace.org\/canada\/?p=60535"},"modified":"2023-09-14T11:04:15","modified_gmt":"2023-09-14T15:04:15","slug":"un-nouveau-rapport-revele-lampleur-consternante-des-menaces-qui-pesent-sur-la-sante-des-oceans-et-appelle-a-une-protection-urgente-par-le-biais-du-traite-historique-des-nations-unies-sur-les-oceans","status":"publish","type":"post","link":"https:\/\/www.greenpeace.org\/canada\/fr\/blog-des-volontaires\/60535\/un-nouveau-rapport-revele-lampleur-consternante-des-menaces-qui-pesent-sur-la-sante-des-oceans-et-appelle-a-une-protection-urgente-par-le-biais-du-traite-historique-des-nations-unies-sur-les-oceans\/","title":{"rendered":"Un nouveau rapport r\u00e9v\u00e8le l&rsquo;ampleur consternante des menaces qui p\u00e8sent sur la sant\u00e9 des oc\u00e9ans et appelle \u00e0 une protection urgente par le biais du trait\u00e9 historique des Nations Unies sur les oc\u00e9ans"},"content":{"rendered":"\n<p><strong>Londres, Royaume-Uni \u2013<\/strong> Une nouvelle analyse d\u00e9taill\u00e9e des menaces qui p\u00e8sent sur les oc\u00e9ans a \u00e9t\u00e9 publi\u00e9e aujourd&rsquo;hui dans un rapport de Greenpeace :<a href=\"https:\/\/www.greenpeace.org\/static\/planet4-international-stateless\/2023\/09\/eb5dc8a9-30x30-from-global-ocean-treaty-to-protection-at-sea-french.pdf\" target=\"_blank\" rel=\"noreferrer noopener\"> <strong><em>30&#215;30 : du trait\u00e9 mondial sur les oc\u00e9ans \u00e0 la protection en mer<\/em><\/strong><\/a> [1]. Le rapport propose \u00e9galement une feuille de route politique pour prot\u00e9ger 30 % des oc\u00e9ans de la plan\u00e8te d&rsquo;ici 2030 \u2013 l&rsquo;objectif 30&#215;30 des Nations Unies \u2013 <a href=\"https:\/\/www.greenpeace.org\/canada\/fr\/communique-de-presse\/57541\/le-traite-historique-des-nations-unies-sur-les-oceans-est-adopte-declaration-de-greenpeace\/\">en utilisant le nouveau Trait\u00e9 sur les oc\u00e9ans<\/a>, dont le processus de signature d\u00e9butera lors de l&rsquo;Assembl\u00e9e g\u00e9n\u00e9rale des Nations Unies le 20 septembre.<\/p>\n\n<p>Pr\u00e9fac\u00e9 par le professeur Callum Roberts, dont la mod\u00e9lisation r\u00e9volutionnaire a servi de base au premier rapport intitul\u00e9 <a href=\"https:\/\/www.greenpeace.org\/static\/planet4-international-stateless\/2019\/03\/479c73c5-30x30_blueprint_report_exec_summary_web.pdf\"><em>30&#215;30: A Blueprint for Ocean Protection<\/em><\/a> [2], le rapport aborde en d\u00e9tail les menaces cumul\u00e9es qui p\u00e8sent sur les oc\u00e9ans et propose une nouvelle analyse mondiale de la p\u00eache en haute mer. Entre 2018 et 2022, l&rsquo;activit\u00e9 de p\u00eache apparente en haute mer a fait un bond de 8,5 % pour atteindre pr\u00e8s de 8,5 millions d&rsquo;heures. Dans les zones identifi\u00e9es comme sites \u00e0 prot\u00e9ger dans le cadre de l&rsquo;initiative 30&#215;30, ce chiffre a augment\u00e9 de 22,5 % [3]. Ces tendances montrent que la r\u00e9alit\u00e9 en mer \u00e9volue \u00e0 l&rsquo;oppos\u00e9 de la vision du trait\u00e9.<\/p>\n\n<p>Outre la p\u00eache, le rapport explique \u00e9galement comment le r\u00e9chauffement, l&rsquo;acidification et la pollution des oc\u00e9ans, tout comme la menace \u00e9mergente de l&rsquo;exploitation mini\u00e8re en eaux profondes, exercent une pression de plus en plus forte sur les \u00e9cosyst\u00e8mes oc\u00e9aniques, ce qui montre clairement la n\u00e9cessit\u00e9 d&rsquo;une action politique urgente pour mettre en \u0153uvre l&rsquo;initiative 30&#215;30 \u00e0 l&rsquo;aide du Trait\u00e9 mondial sur les oc\u00e9ans. Les palangres \u00e0 la d\u00e9rive repr\u00e9sentent plus des \u00be de l&rsquo;activit\u00e9 totale de p\u00eache apparente en haute mer. La p\u00eache \u00e0 la palangre est une forme de p\u00eache destructrice qui engendre un grand nombre de prises accessoires.<\/p>\n\n<p><strong>Chris Thorne, charg\u00e9 de campagne Oc\u00e9ans chez Greenpeace Royaume-Uni, a d\u00e9clar\u00e9 :<\/strong><\/p>\n\n<p>\u00ab Le Trait\u00e9 mondial sur les oc\u00e9ans constitue une victoire historique pour la nature, mais comme le montre notre rapport, les menaces qui p\u00e8sent sur la vie marine continuent de s&rsquo;aggraver. Le trait\u00e9 nous a dot\u00e9 d&rsquo;un outil puissant pour prot\u00e9ger les oc\u00e9ans, mais les gouvernements doivent maintenant le ratifier de toute urgence et cr\u00e9er des sanctuaires oc\u00e9aniques afin de permettre aux oc\u00e9ans de se r\u00e9tablir et de prosp\u00e9rer. \u00bb&nbsp;<\/p>\n\n<p>Greenpeace s&rsquo;est associ\u00e9e \u00e0 Jane Fonda, Camila Cabello et Simon Pegg pour produire un magnifique court-m\u00e9trage disponible <a href=\"https:\/\/media.greenpeace.org\/collection\/27MZIFJFI9MG2\" target=\"_blank\" rel=\"noreferrer noopener\">ici<\/a>. Dans ce film d\u2019animation, trois cr\u00e9atures marines cherchent \u00e0 \u00e9chapper aux menaces mentionn\u00e9es dans ce rapport dans leur qu\u00eate pour trouver un sanctuaire oc\u00e9anique.<\/p>\n\n<p>Les sanctuaires oc\u00e9aniques enti\u00e8rement ou fortement prot\u00e9g\u00e9s, dont la cr\u00e9ation est possible en vertu du trait\u00e9, constituent une solution \u00e0 la crise oc\u00e9anique. Ils constituent un havre de paix pour la vie marine \u00e0 l&rsquo;abri des pressions humaines et contribuent au r\u00e9tablissement des populations de poissons.<\/p>\n\n<p>Actuellement, moins de 1 % de la haute mer b\u00e9n\u00e9ficie d&rsquo;une protection ad\u00e9quate. Pour atteindre l&rsquo;objectif 30&#215;30, environ 11 millions de km<sup>2<\/sup> d&rsquo;oc\u00e9an doivent \u00eatre prot\u00e9g\u00e9s chaque ann\u00e9e, soit plus que la superficie du Canada.<\/p>\n\n<p>\u00ab Les pratiques destructrices en mer menacent l&rsquo;avenir de la sant\u00e9 des oc\u00e9ans et, par extension, celui de notre plan\u00e8te au complet. Pour donner une chance \u00e0 la vie marine, au moins 30 % des oc\u00e9ans doivent \u00eatre prot\u00e9g\u00e9s au moyen d&rsquo;un r\u00e9seau de sanctuaires oc\u00e9aniques d&rsquo;ici 2030. Il ne nous reste que sept ans. Les pays qui prennent la protection des oc\u00e9ans au s\u00e9rieux doivent signer le Trait\u00e9 mondial sur les oc\u00e9ans la semaine prochaine \u00e0 l&rsquo;Assembl\u00e9e g\u00e9n\u00e9rale des Nations Unies et veiller \u00e0 ce qu&rsquo;il soit ratifi\u00e9 avant la conf\u00e9rence des Nations Unies sur les oc\u00e9ans en 2025 \u00bb, a poursuivi Chris Thorne.<\/p>\n\n<p>Le rapport de Greenpeace d\u00e9crit les \u00e9tapes et les actions politiques n\u00e9cessaires \u00e0 la cr\u00e9ation de ces sanctuaires oc\u00e9aniques dans le cadre du trait\u00e9. Il recommande que trois sites sp\u00e9cifiques en haute mer fassent partie de la premi\u00e8re s\u00e9rie de sanctuaires oc\u00e9aniques, et ce en raison de leur importance \u00e9cologique : les monts sous-marins de l&rsquo;Empereur dans le nord-ouest de l&rsquo;oc\u00e9an Pacifique, la mer des Sargasses dans l&rsquo;oc\u00e9an Atlantique et la mer de Tasman m\u00e9ridionale\/la ride de Lord Howe entre l&rsquo;Australie et la Nouvelle-Z\u00e9lande.<\/p>\n\n<p><a href=\"https:\/\/media.greenpeace.org\/collection\/27MZIFJFI9MG2\" target=\"_blank\" rel=\"noreferrer noopener\">Le court m\u00e9trage anim\u00e9 de Greenpeace peut \u00eatre t\u00e9l\u00e9charg\u00e9 et partag\u00e9 ici.<\/a><\/p>\n\n<p><a href=\"https:\/\/media.greenpeace.org\/collection\/27MZIFJFI9MG2\" target=\"_blank\" rel=\"noreferrer noopener\">Des photos\/vid\u00e9os des menaces qui p\u00e8sent sur les oc\u00e9ans sont disponibles ici.<\/a><\/p>\n\n<p class=\"has-text-align-center\"><strong>-30-<\/strong>&nbsp;<\/p>\n\n<p><strong>Pour plus de renseignements, veuillez contacter :<\/strong><\/p>\n\n<p>Brandon Wei, Conseiller aux communications, Greenpeace Canada<\/p>\n\n<p><a href=\"mailto:brandon.wei@greenpeace.org\">brandon.wei@greenpeace.org<\/a>; +1 778 772-6138<\/p>\n\n<p>Magali Rubino, responsable mondiale des m\u00e9dias pour la campagne Oc\u00e9ans de Greenpeace : <a href=\"mailto:magali.rubino@greenpeace.Org\">magali.rubino@greenpeace.org<\/a> +33 7 78 41 78 78 (GMT+2)<\/p>\n\n<p>Bureau de presse de Greenpeace International :<\/p>\n\n<p><a href=\"mailto:pressdesk.int@greenpeace.org\">pressdesk.int@greenpeace.org<\/a>, +31 (0) 20 718 2470 (disponible 24 h sur 24)<\/p>\n\n<p><strong>Remarque aux \u00e9diteur\u00b7rices :<\/strong><\/p>\n\n<p>[1] Le rapport <strong><em><a href=\"https:\/\/www.greenpeace.org\/static\/planet4-international-stateless\/2023\/09\/eb5dc8a9-30x30-from-global-ocean-treaty-to-protection-at-sea-french.pdf\" target=\"_blank\" rel=\"noreferrer noopener\">30&#215;30 : du trait\u00e9 mondial sur les oc\u00e9ans \u00e0 la protection en mer<\/a><\/em><\/strong> est disponible en anglais, en fran\u00e7ais et en espagnol sur demande.<\/p>\n\n<p>[2] Le rapport <em>30\u00d730: A Blueprint For Ocean Protection <\/em>est le r\u00e9sultat d&rsquo;une collaboration d&rsquo;un an entre des chercheur\u00b7ses de premier plan de l&rsquo;Universit\u00e9 de York, de l&rsquo;Universit\u00e9 d&rsquo;Oxford et de Greenpeace. Il a \u00e9t\u00e9 publi\u00e9 en avril 2019:<\/p>\n\n<p><a href=\"https:\/\/www.greenpeace.org\/international\/publication\/21604\/30x30-a-blueprint-for-ocean-protection\/\" target=\"_blank\" rel=\"noreferrer noopener\">30\u00d730: A Blueprint for Ocean Protection &#8211; Greenpeace International<\/a>&nbsp;<\/p>\n\n<p>[3] Il y a eu une augmentation de 8,5 % (662 483 h) des heures de p\u00eache apparentes en haute mer entre 2018 (7 825 411 h) et 2022 (8 487 894 h). Une augmentation plus importante de l&rsquo;activit\u00e9 de p\u00eache apparente, \u00e0 savoir 22,5 %, a \u00e9t\u00e9 constat\u00e9e dans les zones dont la protection est recommand\u00e9e dans le cadre de l&rsquo;initiative 30&#215;30. Cette analyse, r\u00e9alis\u00e9e en collaboration avec Global Fishing Watches, utilise leur m\u00e9thodologie pour estimer les heures de p\u00eache \u00e0 l&rsquo;aide des donn\u00e9es SIA.<\/p>\n\n<p>&#8211; En 2019, Greenpeace a publi\u00e9 dans le <a href=\"https:\/\/www.greenpeace.org\/international\/publication\/21604\/30x30-a-blueprint-for-ocean-protection\/\">rapport<\/a> <em>30\u00d730: A Blueprint for Ocean Protection<\/em> une nouvelle approche de la conception et de la cr\u00e9ation d&rsquo;un r\u00e9seau d&rsquo;aires marines enti\u00e8rement prot\u00e9g\u00e9es. Les chercheur\u00b7ses ont divis\u00e9 les oc\u00e9ans class\u00e9s comme \u00ab eaux internationales \u00bb \u2013 qui couvrent pr\u00e8s de la moiti\u00e9 de la plan\u00e8te \u2013 en 25 000 carr\u00e9s de 100 km x 100 km, puis ont cartographi\u00e9 la distribution de 458 \u00e9l\u00e9ments de conservation diff\u00e9rentes, y compris la faune, les habitats et les caract\u00e9ristiques oc\u00e9anographiques cl\u00e9s, g\u00e9n\u00e9rant ainsi des centaines de sc\u00e9narios afin de d\u00e9terminer \u00e0 quoi pourrait ressembler un r\u00e9seau mondial de sanctuaires oc\u00e9aniques \u00e0 l&rsquo;abri de toute activit\u00e9 humaine n\u00e9faste.&nbsp;<\/p>\n\n<p>&#8211; L&rsquo;\u00e9quipe charg\u00e9e des cartographies (<em>Global Mapping Hub<\/em>) pour Greenpeace International a cr\u00e9\u00e9 une nouvelle <a href=\"https:\/\/maps.greenpeace.org\/maps\/gpuk\/30x30\/\">carte<\/a> interactive publique, qui d\u00e9taille les pressions exerc\u00e9es par l&rsquo;humain sur la haute mer, identifie les zones dont la protection est recommand\u00e9e et<strong> suit l&rsquo;\u00e9tat de ratification du trait\u00e9 par tous les pays.<\/strong><\/p>\n\n<p>&#8211; Les donn\u00e9es sont disponibles pour les journalistes sur demande.&nbsp;<\/p>\n\n<p>&#8211; Le trait\u00e9 sera ouvert aux signatures le 20 septembre 2023 lors de la r\u00e9union annuelle des leaders du monde entier \u00e0 l&rsquo;Assembl\u00e9e g\u00e9n\u00e9rale des Nations Unies. La signature du trait\u00e9 par les pays ne n\u00e9cessite pas de processus juridique au niveau de la l\u00e9gislation nationale, mais t\u00e9moigne simplement leur intention de le ratifier \u00e0 l&rsquo;avenir. La ratification n\u00e9cessite l&rsquo;adoption d&rsquo;une l\u00e9gislation nationale dans chaque pays et, lorsque 60 pays l&rsquo;auront ratifi\u00e9, le trait\u00e9 deviendra juridiquement contraignant.<\/p>\n\n<p>&#8211; Toutes les zones couvertes par les \u00e9tudes de cas sont reconnues comme des zones d&rsquo;importance \u00e9cologique et biologique dans le cadre de la Convention sur la diversit\u00e9 biologique (CBD) des Nations Unies.<\/p>\n\t\t\t<section\n\t\t\tclass=\"boxout post-24054 \"\n\t\t\t\n\t\t>\n\t\t\t<a\n\t\t\t\tdata-ga-category=\"Take Action Boxout\"\n\t\t\t\tdata-ga-action=\"Image\"\n\t\t\t\tdata-ga-label=\"n\/a\"\n\t\t\t\tclass=\"cover-card-overlay\"\n\t\t\t\thref=\"https:\/\/www.greenpeace.org\/canada\/fr\/agir\/protegeons-les-oceans\/\" \n\t\t\t><\/a>\n\t\t\t\t\t\t\t<img\n\t\t\t\t\t\tsrc=\"https:\/\/www.greenpeace.org\/static\/planet4-canada-stateless\/2019\/07\/ab2e16b7-gp0stsdze-1024x614.jpg\"\n\t\t\t\t\t\tsrcset=\"https:\/\/www.greenpeace.org\/static\/planet4-canada-stateless\/2019\/07\/ab2e16b7-gp0stsdze-300x180.jpg 300w, https:\/\/www.greenpeace.org\/static\/planet4-canada-stateless\/2019\/07\/ab2e16b7-gp0stsdze-768x461.jpg 768w, https:\/\/www.greenpeace.org\/static\/planet4-canada-stateless\/2019\/07\/ab2e16b7-gp0stsdze-1024x614.jpg 1024w, https:\/\/www.greenpeace.org\/static\/planet4-canada-stateless\/2019\/07\/ab2e16b7-gp0stsdze-510x306.jpg 510w, https:\/\/www.greenpeace.org\/static\/planet4-canada-stateless\/2019\/07\/ab2e16b7-gp0stsdze.jpg 1200w\"\n\t\t\t\t\t\tsizes=\"(min-width: 1000px) 358px, (min-width: 780px) 313px, 88px\"\n\t\t\t\t\t\talt=\"Manta Ray off Nusa Penida Island. \u00a9 Paul Hilton \/ Greenpeace\" title=\"Manta Ray off Nusa Penida Island. \u00a9 Paul Hilton \/ Greenpeace\"\n\t\t\t\t\/>\n            \t\t\t<div class=\"boxout-content\">\n\t\t\t\t\t\t\t\t\t<a\n\t\t\t\t\t\tclass=\"boxout-heading medium\"\n\t\t\t\t\t\tdata-ga-category=\"Take Action Boxout\"\n\t\t\t\t\t\tdata-ga-action=\"Title\"\n\t\t\t\t\t\tdata-ga-label=\"n\/a\"\n\t\t\t\t\t\thref=\"https:\/\/www.greenpeace.org\/canada\/fr\/agir\/protegeons-les-oceans\/\"\n\t\t\t\t\t\t\n\t\t\t\t\t>\n\t\t\t\t\t\tProt\u00e9geons les Oc\u00e9ans\n\t\t\t\t\t<\/a>\n\t\t\t\t\t\t\t\t\t\t\t\t\t<p class=\"boxout-excerpt\">Les oc\u00e9ans produisent la moiti\u00e9 de l\u2019oxyg\u00e8ne que nous respirons, de la nourriture pour un milliard de personnes, et un refuge pour certaines des esp\u00e8ces sauvages les plus spectaculaires de la Terre. Mais les impacts du changement climatique, la pollution et les industries destructrices signifient qu&rsquo;ils sont plus en danger que jamais.<\/p>\n\t\t\t\t                                    <a\n                        class=\"btn btn-primary\"\n                        data-ga-category=\"Take Action Boxout\"\n                        data-ga-action=\"Call to Action\"\n                        data-ga-label=\"n\/a\"\n                        href=\"https:\/\/www.greenpeace.org\/canada\/fr\/agir\/protegeons-les-oceans\/\"\n                        \n                    >\n                        Passer \u00e0 l&#039;action\n                    <\/a>\n                \t\t\t<\/div>\n\t\t\t\t\t<\/section>\n\t","protected":false},"excerpt":{"rendered":"<p>Une nouvelle analyse d\u00e9taill\u00e9e des menaces qui p\u00e8sent sur les oc\u00e9ans a \u00e9t\u00e9 publi\u00e9e aujourd&rsquo;hui dans un rapport de Greenpeace.<\/p>\n","protected":false},"author":104,"featured_media":60540,"comment_status":"closed","ping_status":"closed","sticky":false,"template":"","format":"standard","meta":{"ep_exclude_from_search":false,"p4_og_title":"","p4_og_description":"","p4_og_image":"","p4_og_image_id":"","p4_seo_canonical_url":"","p4_campaign_name":"Protect the Oceans","p4_local_project":"","p4_basket_name":"Oceans","p4_department":"","footnotes":""},"categories":[19],"tags":[46],"p4-page-type":[],"class_list":["post-60535","post","type-post","status-publish","format-standard","has-post-thumbnail","hentry","category-nature-fr","tag-oceans-fr"],"_links":{"self":[{"href":"https:\/\/www.greenpeace.org\/canada\/fr\/wp-json\/wp\/v2\/posts\/60535","targetHints":{"allow":["GET"]}}],"collection":[{"href":"https:\/\/www.greenpeace.org\/canada\/fr\/wp-json\/wp\/v2\/posts"}],"about":[{"href":"https:\/\/www.greenpeace.org\/canada\/fr\/wp-json\/wp\/v2\/types\/post"}],"author":[{"embeddable":true,"href":"https:\/\/www.greenpeace.org\/canada\/fr\/wp-json\/wp\/v2\/users\/104"}],"replies":[{"embeddable":true,"href":"https:\/\/www.greenpeace.org\/canada\/fr\/wp-json\/wp\/v2\/comments?post=60535"}],"version-history":[{"count":2,"href":"https:\/\/www.greenpeace.org\/canada\/fr\/wp-json\/wp\/v2\/posts\/60535\/revisions"}],"predecessor-version":[{"id":60543,"href":"https:\/\/www.greenpeace.org\/canada\/fr\/wp-json\/wp\/v2\/posts\/60535\/revisions\/60543"}],"wp:featuredmedia":[{"embeddable":true,"href":"https:\/\/www.greenpeace.org\/canada\/fr\/wp-json\/wp\/v2\/media\/60540"}],"wp:attachment":[{"href":"https:\/\/www.greenpeace.org\/canada\/fr\/wp-json\/wp\/v2\/media?parent=60535"}],"wp:term":[{"taxonomy":"category","embeddable":true,"href":"https:\/\/www.greenpeace.org\/canada\/fr\/wp-json\/wp\/v2\/categories?post=60535"},{"taxonomy":"post_tag","embeddable":true,"href":"https:\/\/www.greenpeace.org\/canada\/fr\/wp-json\/wp\/v2\/tags?post=60535"},{"taxonomy":"p4-page-type","embeddable":true,"href":"https:\/\/www.greenpeace.org\/canada\/fr\/wp-json\/wp\/v2\/p4-page-type?post=60535"}],"curies":[{"name":"wp","href":"https:\/\/api.w.org\/{rel}","templated":true}]}}