{"id":60572,"date":"2023-09-21T16:52:06","date_gmt":"2023-09-21T20:52:06","guid":{"rendered":"https:\/\/www.greenpeace.org\/canada\/?p=60572"},"modified":"2023-09-21T16:52:47","modified_gmt":"2023-09-21T20:52:47","slug":"le-traite-des-nations-unies-sur-les-oceans-est-ouvert-a-la-signature-reaction-de-greenpeace","status":"publish","type":"post","link":"https:\/\/www.greenpeace.org\/canada\/fr\/blog-des-volontaires\/60572\/le-traite-des-nations-unies-sur-les-oceans-est-ouvert-a-la-signature-reaction-de-greenpeace\/","title":{"rendered":"Le trait\u00e9 des Nations Unies sur les oc\u00e9ans est ouvert \u00e0 la signature : r\u00e9action de Greenpeace"},"content":{"rendered":"\n<p><strong>New York<\/strong> \u2013 Six mois apr\u00e8s son adoption, <a href=\"https:\/\/treaties.un.org\/Pages\/ViewDetails.aspx?src=TREATY&amp;mtdsg_no=XXI-10&amp;chapter=21&amp;clang=_fr\">68 gouvernements<\/a> ont d\u00e9j\u00e0 sign\u00e9 le trait\u00e9 des Nations Unies sur les oc\u00e9ans \u00e0 New York pendant la semaine de haut niveau de l&rsquo;Assembl\u00e9e g\u00e9n\u00e9rale. Le Canada n&rsquo;en faisait pas partie. Greenpeace exhorte les gouvernements \u00e0 ratifier le trait\u00e9 \u00e0 temps pour qu&rsquo;il entre en vigueur d&rsquo;ici la Conf\u00e9rence des Nations Unies sur les oc\u00e9ans qui se tiendra \u00e0 Nice en 2025.&nbsp;<\/p>\n\n<p>Le trait\u00e9 doit \u00eatre ratifi\u00e9 par 60 pays pour entrer en vigueur, et <a href=\"https:\/\/highseasalliance.org\/treaty-ratification\/map\/\">66 se sont d\u00e9j\u00e0 engag\u00e9s publiquement<\/a> \u00e0 le signer. Le Canada n&rsquo;a pas encore pris de mesures en ce sens.<\/p>\n\n<p><strong>Sarah King, responsable de la campagne Oc\u00e9ans et Plastiques chez Greenpeace Canada, a d\u00e9clar\u00e9 :&nbsp;<\/strong><\/p>\n\n<p>\u00ab On ne peut qu\u2019esp\u00e9rer que si le Canada n\u2019a pas sign\u00e9 le Trait\u00e9 mondial sur les oc\u00e9ans comme l\u2019ont fait 68 autres pays, c\u2019est parce qu\u2019il a oubli\u00e9 sa plume et non pas ses engagements en mati\u00e8re de protection de la biodiversit\u00e9. Quel performance navrantepour un pays cens\u00e9 faire preuve de leadership et de mise en \u0153uvre du Trait\u00e9, compte tenu deses trois c\u00f4tes, de ses innombrables communaut\u00e9s qui d\u00e9pendent de la sant\u00e9 des oc\u00e9ans et de son soutien vocal \u00e0 l\u2019initiative 30&#215;30. \u00bb<\/p>\n\n<p><a href=\"https:\/\/www.science.org\/doi\/10.1126\/sciadv.aaw2869\">Les scientifiques affirment<\/a> que nous devons prot\u00e9ger au moins 30 % des oc\u00e9ans d&rsquo;ici 2030 pour enrayer leur d\u00e9clin. Actuellement, moins de 1 % de la haute mer b\u00e9n\u00e9ficie d\u2019une protection ad\u00e9quate. Le Trait\u00e9 vise \u00e0 combler les lacunes en mati\u00e8re de gouvernance et \u00e0 fournir un m\u00e9canisme permettant de cr\u00e9er un r\u00e9seau de sanctuaires oc\u00e9aniques en haute mer, c&rsquo;est-\u00e0-dire dans les zones situ\u00e9es au-del\u00e0 de la juridiction nationale.&nbsp;<\/p>\n\n<p><strong>Mads Christensen, directeur g\u00e9n\u00e9ral int\u00e9rimaire de Greenpeace International, a d\u00e9clar\u00e9 :<\/strong><\/p>\n\n<p>\u00ab Nous nous r\u00e9jouissons que tant de gouvernements aient sign\u00e9 le trait\u00e9 des Nations Unies sur les oc\u00e9ans. C\u2019est un message clair pour le monde entier, qui montre que les gouvernements continueront de progresser vers une protection de 30 % des oc\u00e9ans d&rsquo;ici 2030 apr\u00e8s l&rsquo;accord historique sur le trait\u00e9 conclu en mars dernier. Mais cette signature n&rsquo;est qu&rsquo;un moment purement symbolique. Les responsables politiques doivent maintenant veiller \u00e0 ce que le Trait\u00e9 soit ratifi\u00e9 en un temps record. \u00bb<\/p>\n\n<p>\u00ab Il nous reste moins de sept ans pour prot\u00e9ger 30 % des oc\u00e9ans, il n&rsquo;y a pas de temps \u00e0 perdre. La course \u00e0 la ratification a commenc\u00e9 et nous exhortons les pays \u00e0 \u00eatre ambitieux, \u00e0 ratifier le trait\u00e9 et \u00e0 s&rsquo;assurer qu&rsquo;il entrera en vigueur en 2025. \u00bb<\/p>\n\n<p>La semaine derni\u00e8re, Greenpeace <a href=\"https:\/\/www.greenpeace.org\/static\/planet4-international-stateless\/2023\/09\/eb5dc8a9-30x30-from-global-ocean-treaty-to-protection-at-sea-french.pdf\">a publi\u00e9<\/a> un rapport d\u00e9crivant le processus politique n\u00e9cessaire pour assurer la protection des oc\u00e9ans. Le rapport explore la fa\u00e7on dont les pressions cumulatives sur la haute mer sont de plus en plus fortes et quantifie pour la premi\u00e8re fois l&rsquo;activit\u00e9 de p\u00eache croissante dans les zones \u00e0 prot\u00e9ger en utilisant les donn\u00e9es de Global Fishing Watch.<\/p>\n\n<p>Parall\u00e8lement au rapport, Greenpeace s&rsquo;est associ\u00e9e \u00e0 Jane Fonda, Camila Cabello et Simon Pegg pour produire <a href=\"https:\/\/www.youtube.com\/watch?v=6RHUawBRjUI\">un court-m\u00e9trage d&rsquo;animation<\/a> qui suit le p\u00e9riple de trois cr\u00e9atures marines qui \u00e9chappent aux menaces d\u00e9crites dans le rapport pour trouver un sanctuaire oc\u00e9anique.<\/p>\n\n<p class=\"has-text-align-center\"><strong>&#8211; 30 &#8211;<\/strong><\/p>\n\n<p>Les photos et les vid\u00e9os, y compris le court-m\u00e9trage d&rsquo;animation mentionn\u00e9 ci-dessus, sont disponibles <a href=\"https:\/\/media.greenpeace.org\/collection\/27MZIFJFI9MG2\" target=\"_blank\" rel=\"noreferrer noopener\">ici<\/a>.<\/p>\n\n<p>Des photos des pr\u00e9c\u00e9dentes mobilisations en faveur du Trait\u00e9 mondial sur les oc\u00e9ans sont disponibles <a href=\"https:\/\/media.greenpeace.org\/collection\/27MZIFJFVA0NV\" target=\"_blank\" rel=\"noreferrer noopener\">ici<\/a>.<\/p>\n\n<p><strong>Pour plus d\u2019informations, veuillez contacter :<\/strong><\/p>\n\n<p>Brandon Wei, conseiller aux communications, Greenpeace Canada<\/p>\n\n<p><a href=\"mailto:brandon.wei@greenpeace.org\">brandon.wei@greenpeace.org<\/a>; +1 778 772-6138<\/p>\n\n<p>Magali Rubino, responsable mondiale des m\u00e9dias pour la campagne Oc\u00e9ans de Greenpeace :<\/p>\n\n<p><a href=\"mailto:magali.rubino@greenpeace.Org\">magali.rubino@greenpeace.org<\/a> +33 7 78 41 78 78 (GMT+2)<\/p>\n","protected":false},"excerpt":{"rendered":"<p>Six mois apr\u00e8s son adoption, 68 gouvernements ont d\u00e9j\u00e0 sign\u00e9 le trait\u00e9 des Nations Unies sur les oc\u00e9ans \u00e0 New York.<\/p>\n","protected":false},"author":104,"featured_media":52542,"comment_status":"closed","ping_status":"closed","sticky":false,"template":"","format":"standard","meta":{"ep_exclude_from_search":false,"p4_og_title":"","p4_og_description":"","p4_og_image":"","p4_og_image_id":"","p4_seo_canonical_url":"","p4_campaign_name":"Protect the Oceans","p4_local_project":"globaloceantreaty","p4_basket_name":"Oceans","p4_department":"","footnotes":""},"categories":[19],"tags":[46],"p4-page-type":[],"class_list":["post-60572","post","type-post","status-publish","format-standard","has-post-thumbnail","hentry","category-nature-fr","tag-oceans-fr"],"_links":{"self":[{"href":"https:\/\/www.greenpeace.org\/canada\/fr\/wp-json\/wp\/v2\/posts\/60572","targetHints":{"allow":["GET"]}}],"collection":[{"href":"https:\/\/www.greenpeace.org\/canada\/fr\/wp-json\/wp\/v2\/posts"}],"about":[{"href":"https:\/\/www.greenpeace.org\/canada\/fr\/wp-json\/wp\/v2\/types\/post"}],"author":[{"embeddable":true,"href":"https:\/\/www.greenpeace.org\/canada\/fr\/wp-json\/wp\/v2\/users\/104"}],"replies":[{"embeddable":true,"href":"https:\/\/www.greenpeace.org\/canada\/fr\/wp-json\/wp\/v2\/comments?post=60572"}],"version-history":[{"count":1,"href":"https:\/\/www.greenpeace.org\/canada\/fr\/wp-json\/wp\/v2\/posts\/60572\/revisions"}],"predecessor-version":[{"id":60573,"href":"https:\/\/www.greenpeace.org\/canada\/fr\/wp-json\/wp\/v2\/posts\/60572\/revisions\/60573"}],"wp:featuredmedia":[{"embeddable":true,"href":"https:\/\/www.greenpeace.org\/canada\/fr\/wp-json\/wp\/v2\/media\/52542"}],"wp:attachment":[{"href":"https:\/\/www.greenpeace.org\/canada\/fr\/wp-json\/wp\/v2\/media?parent=60572"}],"wp:term":[{"taxonomy":"category","embeddable":true,"href":"https:\/\/www.greenpeace.org\/canada\/fr\/wp-json\/wp\/v2\/categories?post=60572"},{"taxonomy":"post_tag","embeddable":true,"href":"https:\/\/www.greenpeace.org\/canada\/fr\/wp-json\/wp\/v2\/tags?post=60572"},{"taxonomy":"p4-page-type","embeddable":true,"href":"https:\/\/www.greenpeace.org\/canada\/fr\/wp-json\/wp\/v2\/p4-page-type?post=60572"}],"curies":[{"name":"wp","href":"https:\/\/api.w.org\/{rel}","templated":true}]}}