{"id":61002,"date":"2023-10-30T16:39:14","date_gmt":"2023-10-30T20:39:14","guid":{"rendered":"https:\/\/www.greenpeace.org\/canada\/?p=61002"},"modified":"2023-10-30T16:39:17","modified_gmt":"2023-10-30T20:39:17","slug":"le-projet-greening-ukraines-reconstruction-rebatir-en-mieux","status":"publish","type":"post","link":"https:\/\/www.greenpeace.org\/canada\/fr\/histoire\/61002\/le-projet-greening-ukraines-reconstruction-rebatir-en-mieux\/","title":{"rendered":"Le projet Greening Ukraine\u2019s Reconstruction : reb\u00e2tir en mieux"},"content":{"rendered":"\n<p>Laissez-moi vous d\u00e9peindre la sc\u00e8ne. C&rsquo;est une chaude soir\u00e9e d&rsquo;ao\u00fbt et vous vous trouvez au milieu d&rsquo;un grand groupe de personnes partageant les m\u00eames id\u00e9es que vous quelque part dans les montagnes des Carpates en Europe centrale. Vous avez pass\u00e9 les trois derniers jours \u00e0 un \u00e9v\u00e9nement appel\u00e9 <a href=\"https:\/\/www.greenreconstruction.com\/news\/how-to-rebuild-ukraine-green-first-greenpeace-camp-in-the-carpathians\">ReCamp<\/a>, <strong>\u00e0 r\u00e9imaginer l&rsquo;avenir, \u00e0 \u00e9couter des sp\u00e9cialistes parler de technologies vertes et \u00e0 participer \u00e0 des ateliers.<\/strong><\/p>\n\n<p>Nous sommes bien loin des \u00e9v\u00e9nements de f\u00e9vrier 2022, lorsqu\u2019une guerre massive a \u00e9clat\u00e9 en Ukraine. L&rsquo;arm\u00e9e russe a ravag\u00e9 des maisons, des villages et des communaut\u00e9s en usant de toutes sortes de violences horribles. Certaines personnes ont pu quitter l&rsquo;Ukraine, mais beaucoup sont rest\u00e9es. Il a donc fallu reconstruire les infrastructures pour que les gens puissent reprendre le cours de leur vie quotidienne.<\/p>\n\n<p>D\u00e9sireuse d&rsquo;apporter un soutien concret, Greenpeace Europe centrale et de l&rsquo;Est a fait \u00e9quipe avec des organisations environnementales ukrainiennes et les autorit\u00e9s locales afin de lancer un <strong>projet visant \u00e0 reconstruire le pays de mani\u00e8re \u00e9cologique intitul\u00e9 <\/strong><a href=\"https:\/\/www.greenreconstruction.com\/\"><strong>Greening Ukraine&rsquo;s Reconstruction<\/strong><\/a><em>.<\/em><\/p>\n\n<p>L&rsquo;objectif global du projet est d&rsquo;<strong>encourager les Ukrainien\u00b7nes \u00e0 devenir des leaders de la reconstruction \u00e9cologique et de faire de l&rsquo;Ukraine un exemple de modernisation \u00e9cologique \u00e0 l&rsquo;\u00e9chelle mondiale. <\/strong>Pour y parvenir, il pr\u00e9voit de restaurer les b\u00e2timents endommag\u00e9s dans les r\u00e9gions du pays d\u00e9vast\u00e9es par la guerre et d&rsquo;offrir des possibilit\u00e9s de partage et de d\u00e9veloppement des connaissances en mati\u00e8re de technologies \u00e9cologiques tout au long du processus.&nbsp;<\/p>\n\n<p>\u00ab Le peuple ukrainien a d\u00e9j\u00e0 montr\u00e9 au monde que rien n&rsquo;est impossible! C&rsquo;est pourquoi nous avons la volont\u00e9 de reconstruire notre pays\u2026 Nous voulons aussi b\u00e2tir un nouveau pays pour inciter les Ukrainien\u00b7nes \u00e0 revenir de l&rsquo;\u00e9tranger \u00bb, explique Daryna Rogachuk, charg\u00e9e de communication pour le projet Greening Ukraine&rsquo;s Reconstruction.<\/p>\n\n<figure class=\"wp-block-image size-large\"><img loading=\"lazy\" decoding=\"async\" width=\"1024\" height=\"684\" src=\"https:\/\/www.greenpeace.org\/static\/planet4-canada-stateless\/2023\/10\/d9eb83ac-greening-ukraine-1024x684.png\" alt=\"\" class=\"wp-image-61003\" srcset=\"https:\/\/www.greenpeace.org\/static\/planet4-canada-stateless\/2023\/10\/d9eb83ac-greening-ukraine-1024x684.png 1024w, https:\/\/www.greenpeace.org\/static\/planet4-canada-stateless\/2023\/10\/d9eb83ac-greening-ukraine-300x200.png 300w, https:\/\/www.greenpeace.org\/static\/planet4-canada-stateless\/2023\/10\/d9eb83ac-greening-ukraine-768x513.png 768w, https:\/\/www.greenpeace.org\/static\/planet4-canada-stateless\/2023\/10\/d9eb83ac-greening-ukraine-1536x1025.png 1536w, https:\/\/www.greenpeace.org\/static\/planet4-canada-stateless\/2023\/10\/d9eb83ac-greening-ukraine-510x340.png 510w, https:\/\/www.greenpeace.org\/static\/planet4-canada-stateless\/2023\/10\/d9eb83ac-greening-ukraine.png 1600w\" sizes=\"auto, (max-width: 1024px) 100vw, 1024px\" \/><\/figure>\n\n<p>Le projet a d\u00e9marr\u00e9 avec la reconstruction de l&rsquo;h\u00f4pital de Horenka, un village de la r\u00e9gion de Bucha, en juillet 2022. L&rsquo;h\u00f4pital a \u00e9t\u00e9 lourdement endommag\u00e9 par les bombardements russes au d\u00e9but de l&rsquo;ann\u00e9e 2022, mais avec le soutien de la municipalit\u00e9 locale, il a \u00e9t\u00e9 reconstruit et \u00e9quip\u00e9 d&rsquo;une thermopompe et d&rsquo;un syst\u00e8me d&rsquo;\u00e9nergie solaire en f\u00e9vrier 2023.<\/p>\n\n<p><strong>Aujourd&rsquo;hui, l&rsquo;h\u00f4pital fonctionne enti\u00e8rement \u00e0 l&rsquo;\u00e9nergie solaire,<\/strong> ce qui lui permet de fonctionner pendant les coupures de courant, fr\u00e9quentes depuis le d\u00e9but de la guerre. Cela a renforc\u00e9 la r\u00e9silience de la communaut\u00e9, tout en permettant de r\u00e9duire les \u00e9missions de CO<sub>2<\/sub>.<\/p>\n\n<figure class=\"wp-block-image size-large\"><img loading=\"lazy\" decoding=\"async\" width=\"1024\" height=\"682\" src=\"https:\/\/www.greenpeace.org\/static\/planet4-canada-stateless\/2023\/10\/a8ec28a2-ukraine-solar-panels-1024x682.jpg\" alt=\"\" class=\"wp-image-61006\" srcset=\"https:\/\/www.greenpeace.org\/static\/planet4-canada-stateless\/2023\/10\/a8ec28a2-ukraine-solar-panels-1024x682.jpg 1024w, https:\/\/www.greenpeace.org\/static\/planet4-canada-stateless\/2023\/10\/a8ec28a2-ukraine-solar-panels-300x200.jpg 300w, https:\/\/www.greenpeace.org\/static\/planet4-canada-stateless\/2023\/10\/a8ec28a2-ukraine-solar-panels-768x512.jpg 768w, https:\/\/www.greenpeace.org\/static\/planet4-canada-stateless\/2023\/10\/a8ec28a2-ukraine-solar-panels-1536x1023.jpg 1536w, https:\/\/www.greenpeace.org\/static\/planet4-canada-stateless\/2023\/10\/a8ec28a2-ukraine-solar-panels-510x340.jpg 510w, https:\/\/www.greenpeace.org\/static\/planet4-canada-stateless\/2023\/10\/a8ec28a2-ukraine-solar-panels.jpg 1600w\" sizes=\"auto, (max-width: 1024px) 100vw, 1024px\" \/><\/figure>\n\n<p class=\"has-text-align-center\">\u00a9 Greenpeace. <em>Des sp\u00e9cialistes en train d&rsquo;installer des panneaux solaires sur le toit de l&rsquo;h\u00f4pital nouvellement reconstruit \u00e0 Horenka, dans la r\u00e9gion de Bucha, en Ukraine.<\/em><\/p>\n\n<p>\u00ab Les gens de Horenka sont tr\u00e8s heureux d&rsquo;avoir un nouvel h\u00f4pital \u00e9cologique et sont d\u00e9sormais certains de pouvoir b\u00e9n\u00e9ficier de soins m\u00e9dicaux au cours d&rsquo;un automne et d&rsquo;un hiver qui s&rsquo;annoncent rudes \u00bb, affirme Rogachuk. \u00ab L\u2019Ukraine a plus que jamais besoin d&rsquo;atteindre l&rsquo;ind\u00e9pendance \u00e9nerg\u00e9tique, et les technologies vertes peuvent la lui procurer. Nous nous attendons \u00e0 ce que la Russie attaque \u00e0 nouveau nos infrastructures, mais les municipalit\u00e9s disposant de technologies \u00e9cologiques seront mieux pr\u00e9par\u00e9es \u00e0 ces temps difficiles. \u00bb<\/p>\n\n<p><strong>Pour de nombreuses personnes, cet h\u00f4pital est devenu un symbole de la reconstruction \u00e9cologique<\/strong>, et d&rsquo;autres projets sont actuellement en cours pour r\u00e9parer les structures endommag\u00e9es par la guerre : deux \u00e9coles maternelles et un autre h\u00f4pital.<\/p>\n\n<p>Outre les efforts de reconstruction, l&rsquo;\u00e9quipe se consacre \u00e9galement au d\u00e9veloppement du pouvoir populaire, au partage des connaissances et \u00e0 l&rsquo;apprentissage mutuel. C&rsquo;est dans cette optique que plus de 60 personnes se sont retrouv\u00e9es dans les Carpates au mois d&rsquo;ao\u00fbt, pleines d&rsquo;inspiration et de projets concrets pour l&rsquo;avenir.&nbsp;<\/p>\n\n<p>Organis\u00e9 par Greenpeace Europe centrale et de l\u2019Est, le programme <a href=\"https:\/\/www.greenreconstruction.com\/news\/how-to-rebuild-ukraine-green-first-greenpeace-camp-in-the-carpathians\">ReCamp<\/a> est le premier effort en son genre. Il a permis aux personnes participantes d&rsquo;apprendre comment reconstruire les infrastructures d\u00e9truites de mani\u00e8re \u00e9cologique, de se pratiquer \u00e0 d\u00e9velopper des processus de planification et d&rsquo;assister \u00e0 des pr\u00e9sentations de sp\u00e9cialistes dans ce domaine.<\/p>\n\n<figure class=\"wp-block-image size-large\"><img loading=\"lazy\" decoding=\"async\" width=\"1024\" height=\"681\" src=\"https:\/\/www.greenpeace.org\/static\/planet4-canada-stateless\/2023\/10\/a4780818-photo_7_2023-08-21_10-02-19-1024x681.jpg\" alt=\"\" class=\"wp-image-61009\" srcset=\"https:\/\/www.greenpeace.org\/static\/planet4-canada-stateless\/2023\/10\/a4780818-photo_7_2023-08-21_10-02-19-1024x681.jpg 1024w, https:\/\/www.greenpeace.org\/static\/planet4-canada-stateless\/2023\/10\/a4780818-photo_7_2023-08-21_10-02-19-300x199.jpg 300w, https:\/\/www.greenpeace.org\/static\/planet4-canada-stateless\/2023\/10\/a4780818-photo_7_2023-08-21_10-02-19-768x511.jpg 768w, https:\/\/www.greenpeace.org\/static\/planet4-canada-stateless\/2023\/10\/a4780818-photo_7_2023-08-21_10-02-19-510x340.jpg 510w, https:\/\/www.greenpeace.org\/static\/planet4-canada-stateless\/2023\/10\/a4780818-photo_7_2023-08-21_10-02-19.jpg 1280w\" sizes=\"auto, (max-width: 1024px) 100vw, 1024px\" \/><\/figure>\n\n<p class=\"has-text-align-center\">\u00a9 Greenpeace. <em>Des personnes participantes venues de partout en Ukraine se sont retrouv\u00e9es dans les montagnes des Carpates pour s&rsquo;informer sur la construction \u00e9cologique et les technologies vertes.<\/em><\/p>\n\n<p>\u00ab Le r\u00e9tablissement de l&rsquo;Ukraine doit commencer d\u00e8s maintenant. Cela donnera de l&rsquo;espoir pour l&rsquo;avenir des Ukrainien\u00b7nes qui ont besoin de stabilit\u00e9 et d&rsquo;un plan, au moins dans certains domaines de leur vie \u00bb, souligne Rogachuk.<br>[Name], <strong>le projet Greening Ukraine&rsquo;s Reconstruction prouve que les technologies \u00e9cologiques et l&rsquo;\u00e9nergie humaine peuvent transformer les infrastructures et inspirer un pays tout entier, m\u00eame en temps de guerre. <\/strong>Un avenir viable attend l&rsquo;Ukraine, et bien au-del\u00e0. Ce n&rsquo;est qu&rsquo;une question de temps avant que ces visions d&rsquo;avenir se concr\u00e9tisent.<\/p>\n","protected":false},"excerpt":{"rendered":"<p>Laissez-moi vous d\u00e9peindre la sc\u00e8ne. C&rsquo;est une chaude soir\u00e9e d&rsquo;ao\u00fbt et vous vous trouvez au milieu d&rsquo;un grand groupe de personnes partageant les m\u00eames id\u00e9es que vous quelque part dans&hellip;<\/p>\n","protected":false},"author":109,"featured_media":61009,"comment_status":"closed","ping_status":"open","sticky":false,"template":"","format":"standard","meta":{"ep_exclude_from_search":false,"p4_og_title":"Le projet Greening Ukraine\u2019s Reconstruction : reb\u00e2tir en mieux","p4_og_description":"Greenpeace travaille avec des municipalit\u00e9s et des sp\u00e9cialistes en Ukraine pour reb\u00e2tir des zones du pays d\u00e9vast\u00e9es par la guerre, et ce \u00e0 l\u2019aide de technologies durables. Ce faisant, nous contribuons \u00e0 renforcer les communaut\u00e9s, \u00e0 partager et \u00e0 d\u00e9velopper les connaissances, et \u00e0 inspirer d\u2019autres personnes.","p4_og_image":"https:\/\/www.greenpeace.org\/static\/planet4-canada-stateless\/2023\/10\/a4780818-photo_7_2023-08-21_10-02-19.jpg","p4_og_image_id":"61009","p4_seo_canonical_url":"","p4_campaign_name":"","p4_local_project":"","p4_basket_name":"Climate &amp; Energy","p4_department":"","footnotes":""},"categories":[20,21],"tags":[49],"p4-page-type":[155],"class_list":["post-61002","post","type-post","status-publish","format-standard","has-post-thumbnail","hentry","category-climat","category-vivre-de-facon-durable","tag-solutionsenergetiques","p4-page-type-histoire"],"_links":{"self":[{"href":"https:\/\/www.greenpeace.org\/canada\/fr\/wp-json\/wp\/v2\/posts\/61002","targetHints":{"allow":["GET"]}}],"collection":[{"href":"https:\/\/www.greenpeace.org\/canada\/fr\/wp-json\/wp\/v2\/posts"}],"about":[{"href":"https:\/\/www.greenpeace.org\/canada\/fr\/wp-json\/wp\/v2\/types\/post"}],"author":[{"embeddable":true,"href":"https:\/\/www.greenpeace.org\/canada\/fr\/wp-json\/wp\/v2\/users\/109"}],"replies":[{"embeddable":true,"href":"https:\/\/www.greenpeace.org\/canada\/fr\/wp-json\/wp\/v2\/comments?post=61002"}],"version-history":[{"count":3,"href":"https:\/\/www.greenpeace.org\/canada\/fr\/wp-json\/wp\/v2\/posts\/61002\/revisions"}],"predecessor-version":[{"id":61084,"href":"https:\/\/www.greenpeace.org\/canada\/fr\/wp-json\/wp\/v2\/posts\/61002\/revisions\/61084"}],"wp:featuredmedia":[{"embeddable":true,"href":"https:\/\/www.greenpeace.org\/canada\/fr\/wp-json\/wp\/v2\/media\/61009"}],"wp:attachment":[{"href":"https:\/\/www.greenpeace.org\/canada\/fr\/wp-json\/wp\/v2\/media?parent=61002"}],"wp:term":[{"taxonomy":"category","embeddable":true,"href":"https:\/\/www.greenpeace.org\/canada\/fr\/wp-json\/wp\/v2\/categories?post=61002"},{"taxonomy":"post_tag","embeddable":true,"href":"https:\/\/www.greenpeace.org\/canada\/fr\/wp-json\/wp\/v2\/tags?post=61002"},{"taxonomy":"p4-page-type","embeddable":true,"href":"https:\/\/www.greenpeace.org\/canada\/fr\/wp-json\/wp\/v2\/p4-page-type?post=61002"}],"curies":[{"name":"wp","href":"https:\/\/api.w.org\/{rel}","templated":true}]}}