{"id":61279,"date":"2023-11-07T12:01:33","date_gmt":"2023-11-07T17:01:33","guid":{"rendered":"https:\/\/www.greenpeace.org\/canada\/?p=61279"},"modified":"2023-11-14T12:04:54","modified_gmt":"2023-11-14T17:04:54","slug":"greenpeace-reclame-ladoption-dun-traite-mondial-sur-les-plastiques-ambitieux","status":"publish","type":"post","link":"https:\/\/www.greenpeace.org\/canada\/fr\/histoire\/61279\/greenpeace-reclame-ladoption-dun-traite-mondial-sur-les-plastiques-ambitieux\/","title":{"rendered":"Greenpeace r\u00e9clame l&rsquo;adoption d&rsquo;un trait\u00e9 mondial sur les plastiques ambitieux"},"content":{"rendered":"\n<p>Le samedi 27 mai 2023, Greenpeace International et l&rsquo;artiste et activiste Benjamin Von Wong ont d\u00e9voil\u00e9 une installation de 5 m\u00e8tres de haut appel\u00e9e #PerpetualPlastic Machine sur les berges de la Seine afin de livrer un message clair : le trait\u00e9 mondial sur les plastiques doit mettre un terme \u00e0 la production et \u00e0 l&rsquo;utilisation excessives de plastique.<\/p>\n\n<p><strong>La pollution plastique est omnipr\u00e9sente \u2013 elle \u00e9touffe notre plan\u00e8te, nuit \u00e0 notre sant\u00e9, amplifie l&rsquo;injustice sociale, d\u00e9truit la biodiversit\u00e9 et alimente la crise climatique \u00e0 chaque \u00e9tape du cycle de vie du plastique.<\/strong><\/p>\n\n<p>Le <a href=\"https:\/\/act.greenpeace.ca\/fr-ca\/traite-mondial-sur-les-plastiques\"><strong>trait\u00e9 mondial sur les plastiques<\/strong><\/a> constitue une occasion exceptionnelle de r\u00e9soudre la crise du plastique. Si nous voulons pr\u00e9server notre avenir collectif, nous ne pouvons pas rater une telle chance.<\/p>\n\n<p>Le cycle de vie complet du plastique nuit \u00e0 nos moyens de subsistance et au climat. Le fait est que 99 % du plastique est fabriqu\u00e9 \u00e0 partir de combustibles fossiles, et les grandes entreprises p\u00e9troli\u00e8res, de concert avec les grandes marques, continuent d&rsquo;en produire davantage et de promouvoir de fausses solutions et un mod\u00e8le \u00e0 usage unique o\u00f9 le profit passe avant la sant\u00e9 de nos communaut\u00e9s.<\/p>\n\n<p>Greenpeace, avec ses alli\u00e9\u00b7es et sympathisant\u00b7es, exige un trait\u00e9 qui maintiendra le p\u00e9trole et le gaz dans le sol et emp\u00eachera les grandes marques et les grandes entreprises p\u00e9troli\u00e8res d&rsquo;augmenter leur production de plastique. Un trait\u00e9 qui ne parvient pas \u00e0 mettre fin \u00e0 la production et \u00e0 l&rsquo;utilisation excessives de plastique est un <strong>\u00e9chec<\/strong>.<\/p>\n\n<p><strong>Le trait\u00e9 mondial sur les plastiques doit :<\/strong><\/p>\n\n<ol class=\"wp-block-list\">\n<li><strong>Mettre fin \u00e0 la pollution plastique \u2013 de la production \u00e0 l&rsquo;\u00e9limination \u2013 pour prot\u00e9ger l&rsquo;environnement et la sant\u00e9 humaine<\/strong><br>La pollution plastique \u00e9touffe notre plan\u00e8te, d\u00e9truit la biodiversit\u00e9 et aggrave la crise climatique tout au long du cycle de vie du plastique, de l&rsquo;extraction \u00e0 la mise au rebut en passant par la production, l&#8217;emballage, la distribution et l&rsquo;incin\u00e9ration. Il faut en finir d\u00e9finitivement avec ce cycle mortel engendr\u00e9 par la production et l&rsquo;utilisation excessives de plastique.<\/li>\n\n\n\n<li><strong>Fixer un objectif juridiquement contraignant de r\u00e9duction de la production de plastique d&rsquo;au moins 75 % d&rsquo;ici 2040 afin de limiter le r\u00e9chauffement climatique \u00e0 1,5\u00b0 C<\/strong><br>La production de plastique perp\u00e9tue notre d\u00e9pendance \u00e0 l&rsquo;\u00e9gard des combustibles fossiles. En plus de contribuer aux changements climatiques et \u00e0 la perte de biodiversit\u00e9, elle nuit aux communaut\u00e9s et aux travailleur\u00b7ses vivant \u00e0 proximit\u00e9 des sites de production et des d\u00e9charges. Si l&rsquo;industrie parvient \u00e0 ses fins, la production de plastique pourrait doubler au cours des 10 \u00e0 15* prochaines ann\u00e9es et tripler d&rsquo;ici 2050. Le trait\u00e9 doit r\u00e9duire la production de plastique d&rsquo;au moins 75 % d&rsquo;ici 2040 par rapport au niveau de 2019, puis diminuer progressivement la production et l&rsquo;utilisation de plastique et assurer une transition \u00e9quitable visant l\u2019abandon de toute production de mati\u00e8res vierges.<\/li>\n\n\n\n<li><strong>Mettre fin aux plastiques \u00e0 usage unique, en commen\u00e7ant par les articles les plus polluants<\/strong><br>Tous les plastiques posent probl\u00e8me lorsqu&rsquo;ils sont consid\u00e9r\u00e9s dans le cadre d&rsquo;une approche fond\u00e9e sur le cycle de vie complet. Les impacts environnementaux, sanitaires et sociaux r\u00e9sultant de l&rsquo;extraction (c.-\u00e0-d. de sources fossiles), de la production, de l&rsquo;utilisation, de la gestion des d\u00e9chets et de l&rsquo;\u00e9limination du plastique sont autant d&rsquo;arguments en faveur d&rsquo;une r\u00e9duction maximale de son utilisation, surtout lorsqu&rsquo;il existe des alternatives plus s\u00fbres, plus durables et plus circulaires. Face \u00e0 l&rsquo;utilisation g\u00e9n\u00e9ralis\u00e9e actuelle du plastique, il est imp\u00e9ratif de commencer par \u00e9liminer les produits en plastique qui posent probl\u00e8me.<\/li>\n\n\n\n<li><strong>Assurer une transition juste et inclusive vers une \u00e9conomie z\u00e9ro d\u00e9chet, \u00e0 faible \u00e9mission de carbone et ax\u00e9e sur la r\u00e9utilisation<\/strong><br>Le trait\u00e9 doit favoriser une transition juste vers des moyens de subsistance viables tout au long de la cha\u00eene d&rsquo;approvisionnement du plastique et autonomiser les travailleur\u00b7ses, en privil\u00e9giant les personnes qui ramassent les d\u00e9chets et les autres communaut\u00e9s touch\u00e9es. Il doit soutenir les mod\u00e8les \u00e9conomiques de r\u00e9utilisation et de recharge, prioriser les int\u00e9r\u00eats des peuples autochtones et faire progresser les connaissances traditionnelles.<\/li>\n\n\n\n<li><strong>\u00catre profond\u00e9ment ancr\u00e9 dans une approche fond\u00e9e sur les droits de la personne qui r\u00e9duit les in\u00e9galit\u00e9s, priorise la sant\u00e9 humaine et place la justice au c\u0153ur de sa cr\u00e9ation et de sa mise en \u0153uvre<\/strong><br>De la production \u00e0 la mise au rebut, la pollution plastique a un impact n\u00e9gatif sur notre sant\u00e9 et nos droits. Elle amplifie l&rsquo;injustice sociale et la d\u00e9gradation de l&rsquo;environnement, et aggrave les in\u00e9galit\u00e9s engendr\u00e9es par la crise climatique. Les n\u00e9gociations doivent, tout au long du processus de n\u00e9gociation et de mise en \u0153uvre, permettre une repr\u00e9sentation juste et \u00e9quitable des peuples autochtones et des communaut\u00e9s touch\u00e9es de mani\u00e8re disproportionn\u00e9e par la crise de la pollution plastique. Le trait\u00e9 doit reposer sur des bases solides en mati\u00e8re de justice et de droits de la personne afin de limiter tout pr\u00e9judice suppl\u00e9mentaire.<\/li>\n<\/ol>\n\n<p><strong>FAISONS D&rsquo;UN TRAIT\u00c9 MONDIAL SUR LES PLASTIQUES AMBITIEUX UNE R\u00c9ALIT\u00c9!<\/strong><\/p>\n\n<p>La pollution plastique est l&rsquo;un des enjeux environnementaux les plus pressants de notre \u00e9poque, et ses cons\u00e9quences se font de plus en plus sentir chaque jour.<\/p>\n\n<p>Aucun coin du globe n&rsquo;est \u00e0 l&rsquo;abri de la crise du plastique. Elle s\u00e9vit au plus profond de nos oc\u00e9ans, sur les plus hautes montagnes et m\u00eame dans notre propre corps. Lors du processus de n\u00e9gociation,&nbsp;<a href=\"https:\/\/act.greenpeace.ca\/fr-ca\/traite-mondial-sur-les-plastiques\"><strong>nous montrerons comment un mouvement mondial imparable peut permettre de conclure un trait\u00e9 mondial sur les plastiques ambitieux qui fermera le robinet du plastique et mettra enfin un terme \u00e0 l&rsquo;\u00e8re du plastique<\/strong><\/a>&nbsp;\u2013 pour notre sant\u00e9, nos communaut\u00e9s, le climat et la plan\u00e8te.<\/p>\n\t\t\t<section\n\t\t\tclass=\"boxout post-59375 \"\n\t\t\t\n\t\t>\n\t\t\t<a\n\t\t\t\tdata-ga-category=\"Take Action Boxout\"\n\t\t\t\tdata-ga-action=\"Image\"\n\t\t\t\tdata-ga-label=\"n\/a\"\n\t\t\t\tclass=\"cover-card-overlay\"\n\t\t\t\thref=\"https:\/\/www.greenpeace.org\/canada\/fr\/agir\/traite-mondial-sur-les-plastiques\/\" \n\t\t\t><\/a>\n\t\t\t\t\t\t\t<img\n\t\t\t\t\t\tsrc=\"https:\/\/www.greenpeace.org\/static\/planet4-canada-stateless\/2023\/05\/1b21237c-gp0stt3fe_web_size-1.jpg\"\n\t\t\t\t\t\tsrcset=\"https:\/\/www.greenpeace.org\/static\/planet4-canada-stateless\/2023\/05\/1b21237c-gp0stt3fe_web_size-1-300x200.jpg 300w, https:\/\/www.greenpeace.org\/static\/planet4-canada-stateless\/2023\/05\/1b21237c-gp0stt3fe_web_size-1-768x512.jpg 768w, https:\/\/www.greenpeace.org\/static\/planet4-canada-stateless\/2023\/05\/1b21237c-gp0stt3fe_web_size-1-510x340.jpg 510w, https:\/\/www.greenpeace.org\/static\/planet4-canada-stateless\/2023\/05\/1b21237c-gp0stt3fe_web_size-1.jpg 800w\"\n\t\t\t\t\t\tsizes=\"(min-width: 1000px) 358px, (min-width: 780px) 313px, 88px\"\n\t\t\t\t\t\talt=\"Plastique\" title=\"Plastique\"\n\t\t\t\t\/>\n            \t\t\t<div class=\"boxout-content\">\n\t\t\t\t\t\t\t\t\t<a\n\t\t\t\t\t\tclass=\"boxout-heading medium\"\n\t\t\t\t\t\tdata-ga-category=\"Take Action Boxout\"\n\t\t\t\t\t\tdata-ga-action=\"Title\"\n\t\t\t\t\t\tdata-ga-label=\"n\/a\"\n\t\t\t\t\t\thref=\"https:\/\/www.greenpeace.org\/canada\/fr\/agir\/traite-mondial-sur-les-plastiques\/\"\n\t\t\t\t\t\t\n\t\t\t\t\t>\n\t\t\t\t\t\tDites au Canada de soutenir un trait\u00e9 mondial ambitieux sur les plastiques\n\t\t\t\t\t<\/a>\n\t\t\t\t\t\t\t\t\t\t\t\t\t<p class=\"boxout-excerpt\">Si les leaders de ce monde font preuve de suffisamment d&rsquo;audace, un trait\u00e9 mondial sur les plastiques ambitieux pourrait mettre fin \u00e0 l&rsquo;\u00e8re du plastique pour de bon. Rejoignez la campagne d\u00e8s maintenant!<\/p>\n\t\t\t\t                                    <a\n                        class=\"btn btn-primary\"\n                        data-ga-category=\"Take Action Boxout\"\n                        data-ga-action=\"Call to Action\"\n                        data-ga-label=\"n\/a\"\n                        href=\"https:\/\/www.greenpeace.org\/canada\/fr\/agir\/traite-mondial-sur-les-plastiques\/\"\n                        \n                    >\n                        Passer \u00e0 l&#039;action\n                    <\/a>\n                \t\t\t<\/div>\n\t\t\t\t\t<\/section>\n\t","protected":false},"excerpt":{"rendered":"<p>Greenpeace International et l&rsquo;artiste et activiste Benjamin Von Wong ont d\u00e9voil\u00e9 une installation de 5 m\u00e8tres de haut appel\u00e9e #PerpetualPlastic Machine.<\/p>\n","protected":false},"author":104,"featured_media":61220,"comment_status":"closed","ping_status":"closed","sticky":false,"template":"","format":"standard","meta":{"ep_exclude_from_search":false,"p4_og_title":"Greenpeace r\u00e9clame l'adoption d'un trait\u00e9 mondial sur les plastiques ambitieux","p4_og_description":"Greenpeace International et l'artiste et activiste Benjamin Von Wong ont d\u00e9voil\u00e9 une installation de 5 m\u00e8tres de haut appel\u00e9e #PerpetualPlastic Machine","p4_og_image":"","p4_og_image_id":"","p4_seo_canonical_url":"","p4_campaign_name":"Plastic Free Future","p4_local_project":"","p4_basket_name":"Plastics","p4_department":"","footnotes":""},"categories":[19,21],"tags":[72,83],"p4-page-type":[155],"class_list":["post-61279","post","type-post","status-publish","format-standard","has-post-thumbnail","hentry","category-nature-fr","category-vivre-de-facon-durable","tag-plastique","tag-consommation","p4-page-type-histoire"],"_links":{"self":[{"href":"https:\/\/www.greenpeace.org\/canada\/fr\/wp-json\/wp\/v2\/posts\/61279","targetHints":{"allow":["GET"]}}],"collection":[{"href":"https:\/\/www.greenpeace.org\/canada\/fr\/wp-json\/wp\/v2\/posts"}],"about":[{"href":"https:\/\/www.greenpeace.org\/canada\/fr\/wp-json\/wp\/v2\/types\/post"}],"author":[{"embeddable":true,"href":"https:\/\/www.greenpeace.org\/canada\/fr\/wp-json\/wp\/v2\/users\/104"}],"replies":[{"embeddable":true,"href":"https:\/\/www.greenpeace.org\/canada\/fr\/wp-json\/wp\/v2\/comments?post=61279"}],"version-history":[{"count":2,"href":"https:\/\/www.greenpeace.org\/canada\/fr\/wp-json\/wp\/v2\/posts\/61279\/revisions"}],"predecessor-version":[{"id":61281,"href":"https:\/\/www.greenpeace.org\/canada\/fr\/wp-json\/wp\/v2\/posts\/61279\/revisions\/61281"}],"wp:featuredmedia":[{"embeddable":true,"href":"https:\/\/www.greenpeace.org\/canada\/fr\/wp-json\/wp\/v2\/media\/61220"}],"wp:attachment":[{"href":"https:\/\/www.greenpeace.org\/canada\/fr\/wp-json\/wp\/v2\/media?parent=61279"}],"wp:term":[{"taxonomy":"category","embeddable":true,"href":"https:\/\/www.greenpeace.org\/canada\/fr\/wp-json\/wp\/v2\/categories?post=61279"},{"taxonomy":"post_tag","embeddable":true,"href":"https:\/\/www.greenpeace.org\/canada\/fr\/wp-json\/wp\/v2\/tags?post=61279"},{"taxonomy":"p4-page-type","embeddable":true,"href":"https:\/\/www.greenpeace.org\/canada\/fr\/wp-json\/wp\/v2\/p4-page-type?post=61279"}],"curies":[{"name":"wp","href":"https:\/\/api.w.org\/{rel}","templated":true}]}}