{"id":61480,"date":"2023-11-19T17:23:01","date_gmt":"2023-11-19T22:23:01","guid":{"rendered":"https:\/\/www.greenpeace.org\/canada\/?p=61480"},"modified":"2025-04-03T03:47:49","modified_gmt":"2025-04-03T07:47:49","slug":"la-conference-inc3-de-lonu-sacheve-sur-un-sentiment-de-frustration-alors-que-les-gouvernements-ont-permis-aux-pays-peu-ambitieux-de-faire-derailler-le-traite-mondial-sur-les-plastiques","status":"publish","type":"post","link":"https:\/\/www.greenpeace.org\/canada\/fr\/histoire\/61480\/la-conference-inc3-de-lonu-sacheve-sur-un-sentiment-de-frustration-alors-que-les-gouvernements-ont-permis-aux-pays-peu-ambitieux-de-faire-derailler-le-traite-mondial-sur-les-plastiques\/","title":{"rendered":"La conf\u00e9rence INC3 de l&rsquo;ONU s&rsquo;ach\u00e8ve sur un sentiment de frustration alors que les gouvernements ont permis aux pays peu ambitieux de faire d\u00e9railler le trait\u00e9 mondial sur les plastiques"},"content":{"rendered":"\n<p><strong>VANCOUVER &amp; NAIROBI, KENYA&nbsp; \u2013<\/strong> La troisi\u00e8me session du Comit\u00e9 international de n\u00e9gociations&nbsp; (INC3) pour un trait\u00e9 mondial sur les plastiques se termine sur une note d\u00e9cevante pour la lutte contre les crises du plastique et du climat.<\/p>\n\n<p><strong>En r\u00e9action \u00e0 la fin de la troisi\u00e8me session du<\/strong> <strong>Comit\u00e9 international de n\u00e9gociations, Sarah King, responsable de la&nbsp; campagne Oc\u00e9ans et Plastiques \u00e0 Greenpeace Canada, a d\u00e9clar\u00e9:<\/strong><\/p>\n\n<p>\u00ab Ce cycle de n\u00e9gociations pour un trait\u00e9 mondial sur les plastiques prouve une fois de plus l&rsquo;influence toxique de l&rsquo;industrie p\u00e9trochimique sur les gouvernements mondiaux et sur notre avenir. D&rsquo;ici au prochain cycle de n\u00e9gociations, les pays aux ambitions \u00e9lev\u00e9es ont fort \u00e0 faire pour contrer les d\u00e9g\u00e2ts caus\u00e9s par les pays aux ambitions faibles, qui posent probl\u00e8me. Si le trait\u00e9 ne r\u00e9duit pas consid\u00e9rablement la production de plastique, nous ne pourrons pas progresser dans la lutte contre l&rsquo;aggravation des crises du climat, de la pollution et de la biodiversit\u00e9, ni contre les pr\u00e9judices qui en d\u00e9coulent pour les populations du monde entier.<\/p>\n\n<p>Le trait\u00e9 mondial sur les plastiques doit r\u00e9duire la production de plastique d&rsquo;au moins 75 % d&rsquo;ici \u00e0 2040 pour ne pas d\u00e9passer le seuil de 1,5 degr\u00e9. Le Canada peut et doit aider \u00e0 renverser la situation en utilisant sa position d&rsquo;h\u00f4te pour faire avancer les n\u00e9gociations, en passant le micro de l&rsquo;industrie p\u00e9trochimique aux peuples autochtones et aux autres communaut\u00e9s affect\u00e9es, et en d\u00e9fendant les mesures les plus fortes pour r\u00e9duire la production mondiale de plastique.\u00bb<\/p>\n\n<p><strong>Graham Forbes, chef de la d\u00e9l\u00e9gation de Greenpeace aux n\u00e9gociations pour un trait\u00e9 mondial sur les plastiques, et responsable mondial de la campagne Plastiques \u00e0 Greenpeace USA, a d\u00e9clar\u00e9 :<\/strong>&nbsp;<\/p>\n\n<p>\u00ab Le plastique nuit directement \u00e0 chacune des 8,1 milliards de personnes habitant cette plan\u00e8te fragile, mais nos dirigeant\u00b7es ont choisi de consid\u00e9rer les entreprises p\u00e9trochimiques comme les seules parties prenantes dignes d&rsquo;\u00eatre \u00e9cout\u00e9es.<\/p>\n\n<p>Le trait\u00e9 mondial sur les plastiques doit r\u00e9duire la production de plastique d&rsquo;au moins 75 % d&rsquo;ici \u00e0 2040. Nous ne pouvons pas prot\u00e9ger notre climat, notre biodiversit\u00e9 ou notre sant\u00e9 si nous ne r\u00e9duisons pas la production de plastique, c&rsquo;est ind\u00e9niable. Pourtant, \u00e0 plus de la moiti\u00e9 des n\u00e9gociations sur le trait\u00e9,nous nous dirigeons vers une catastrophe. Les gouvernements laissent les int\u00e9r\u00eats des combustibles fossiles conduire les n\u00e9gociations vers un trait\u00e9 qui, sans aucun doute, aggravera le probl\u00e8me du plastique et acc\u00e9l\u00e9rera l&#8217;emballement des changements climatiques.&nbsp;<\/p>\n\n<p>Nous devons aller de l\u2019avant sans que les producteurs de p\u00e9trole et de gaz ne dictent les conditions de notre survie. Nous avons un an pour renverser la vapeur et faire en sorte de c\u00e9l\u00e9brer notre succ\u00e8s collectif au lieu de nous condamner \u00e0 un avenir sombre et dangereux. Cet \u00e9chec doit \u00eatre un signal d&rsquo;alarme pour les gouvernements repr\u00e9sentant les milliards de personnes sur cette plan\u00e8te qui sont affect\u00e9es par la pollution plastique. Lorsque les n\u00e9gociations reprendront au Canada en avril 2024, nos dirigeant\u00b7es devront faire preuve d&rsquo;un niveau de courage et de leadership que nous n&rsquo;avons pas encore vu. \u00bb<\/p>\n\n<p class=\"has-text-align-center\"><strong>&#8211; 30 &#8211;<\/strong><\/p>\n\n<p><strong>Pour plus d\u2019informations, veuillez contacter :<\/strong><\/p>\n\n<p>Brandon Wei, Conseiller aux communications, Greenpeace Canada<\/p>\n\n<p><a href=\"mailto:brandon.wei@greenpeace.org\">brandon.wei@greenpeace.org<\/a> ; +1 778 772-6138<\/p>\n\n<p>Angelica Carballo Pago, responsable des m\u00e9dias pour la campagne mondiale sur les plastiques, Greenpeace USA<\/p>\n\n<p><a href=\"mailto:angelica.pago@greenpeace.org\">angelica.pago@greenpeace.org<\/a> , +63 917 1124492 (also in Nairobi, Kenya)<\/p>\n\n<p>Greenpeace International Press Desk, +31 (0)20 718 2470 (disponible 24 heures), <a href=\"mailto:pressdesk.int@greenpeace.org\">pressdesk.int@greenpeace.org&nbsp;<\/a><\/p>\n\t\t\t<section\n\t\t\tclass=\"boxout post-59375 \"\n\t\t\t\n\t\t>\n\t\t\t<a\n\t\t\t\tdata-ga-category=\"Take Action Boxout\"\n\t\t\t\tdata-ga-action=\"Image\"\n\t\t\t\tdata-ga-label=\"n\/a\"\n\t\t\t\tclass=\"cover-card-overlay\"\n\t\t\t\thref=\"https:\/\/www.greenpeace.org\/canada\/fr\/agir\/traite-mondial-sur-les-plastiques\/\" \n\t\t\t><\/a>\n\t\t\t\t\t\t\t<img\n\t\t\t\t\t\tsrc=\"https:\/\/www.greenpeace.org\/static\/planet4-canada-stateless\/2023\/05\/1b21237c-gp0stt3fe_web_size-1.jpg\"\n\t\t\t\t\t\tsrcset=\"https:\/\/www.greenpeace.org\/static\/planet4-canada-stateless\/2023\/05\/1b21237c-gp0stt3fe_web_size-1-300x200.jpg 300w, https:\/\/www.greenpeace.org\/static\/planet4-canada-stateless\/2023\/05\/1b21237c-gp0stt3fe_web_size-1-768x512.jpg 768w, https:\/\/www.greenpeace.org\/static\/planet4-canada-stateless\/2023\/05\/1b21237c-gp0stt3fe_web_size-1-510x340.jpg 510w, https:\/\/www.greenpeace.org\/static\/planet4-canada-stateless\/2023\/05\/1b21237c-gp0stt3fe_web_size-1.jpg 800w\"\n\t\t\t\t\t\tsizes=\"(min-width: 1000px) 358px, (min-width: 780px) 313px, 88px\"\n\t\t\t\t\t\talt=\"Plastique\" title=\"Plastique\"\n\t\t\t\t\/>\n            \t\t\t<div class=\"boxout-content\">\n\t\t\t\t\t\t\t\t\t<a\n\t\t\t\t\t\tclass=\"boxout-heading medium\"\n\t\t\t\t\t\tdata-ga-category=\"Take Action Boxout\"\n\t\t\t\t\t\tdata-ga-action=\"Title\"\n\t\t\t\t\t\tdata-ga-label=\"n\/a\"\n\t\t\t\t\t\thref=\"https:\/\/www.greenpeace.org\/canada\/fr\/agir\/traite-mondial-sur-les-plastiques\/\"\n\t\t\t\t\t\t\n\t\t\t\t\t>\n\t\t\t\t\t\tDites au Canada de soutenir un trait\u00e9 mondial ambitieux sur les plastiques\n\t\t\t\t\t<\/a>\n\t\t\t\t\t\t\t\t\t\t\t\t\t<p class=\"boxout-excerpt\">Si les leaders de ce monde font preuve de suffisamment d&rsquo;audace, un trait\u00e9 mondial sur les plastiques ambitieux pourrait mettre fin \u00e0 l&rsquo;\u00e8re du plastique pour de bon. Rejoignez la campagne d\u00e8s maintenant!<\/p>\n\t\t\t\t                                    <a\n                        class=\"btn btn-primary\"\n                        data-ga-category=\"Take Action Boxout\"\n                        data-ga-action=\"Call to Action\"\n                        data-ga-label=\"n\/a\"\n                        href=\"https:\/\/www.greenpeace.org\/canada\/fr\/agir\/traite-mondial-sur-les-plastiques\/\"\n                        \n                    >\n                        Passer \u00e0 l&#039;action\n                    <\/a>\n                \t\t\t<\/div>\n\t\t\t\t\t<\/section>\n\t","protected":false},"excerpt":{"rendered":"<p>La troisi\u00e8me session du Comit\u00e9 international de n\u00e9gociations\u00a0 (INC3) pour un trait\u00e9 mondial sur les plastiques se termine sur une note d\u00e9cevante pour la lutte contre les crises du plastique et du climat.<\/p>\n","protected":false},"author":104,"featured_media":55570,"comment_status":"closed","ping_status":"closed","sticky":false,"template":"","format":"standard","meta":{"ep_exclude_from_search":false,"p4_og_title":"La conf\u00e9rence INC3 de l'ONU s'ach\u00e8ve sur un sentiment de frustration alors que les gouvernements ont permis aux pays peu ambitieux de faire d\u00e9railler le trait\u00e9 mondial sur les plastiques","p4_og_description":"La troisi\u00e8me session du Comit\u00e9 international de n\u00e9gociations\u00a0 (INC3) pour un trait\u00e9 mondial sur les plastiques se termine sur une note d\u00e9cevante pour la lutte contre les crises du plastique et du climat.","p4_og_image":"","p4_og_image_id":"","p4_seo_canonical_url":"","p4_campaign_name":"Plastic Free Future","p4_local_project":"","p4_basket_name":"Plastics","p4_department":"","footnotes":""},"categories":[19,21],"tags":[72],"p4-page-type":[155],"class_list":["post-61480","post","type-post","status-publish","format-standard","has-post-thumbnail","hentry","category-nature-fr","category-vivre-de-facon-durable","tag-plastique","p4-page-type-histoire"],"_links":{"self":[{"href":"https:\/\/www.greenpeace.org\/canada\/fr\/wp-json\/wp\/v2\/posts\/61480","targetHints":{"allow":["GET"]}}],"collection":[{"href":"https:\/\/www.greenpeace.org\/canada\/fr\/wp-json\/wp\/v2\/posts"}],"about":[{"href":"https:\/\/www.greenpeace.org\/canada\/fr\/wp-json\/wp\/v2\/types\/post"}],"author":[{"embeddable":true,"href":"https:\/\/www.greenpeace.org\/canada\/fr\/wp-json\/wp\/v2\/users\/104"}],"replies":[{"embeddable":true,"href":"https:\/\/www.greenpeace.org\/canada\/fr\/wp-json\/wp\/v2\/comments?post=61480"}],"version-history":[{"count":1,"href":"https:\/\/www.greenpeace.org\/canada\/fr\/wp-json\/wp\/v2\/posts\/61480\/revisions"}],"predecessor-version":[{"id":61483,"href":"https:\/\/www.greenpeace.org\/canada\/fr\/wp-json\/wp\/v2\/posts\/61480\/revisions\/61483"}],"wp:featuredmedia":[{"embeddable":true,"href":"https:\/\/www.greenpeace.org\/canada\/fr\/wp-json\/wp\/v2\/media\/55570"}],"wp:attachment":[{"href":"https:\/\/www.greenpeace.org\/canada\/fr\/wp-json\/wp\/v2\/media?parent=61480"}],"wp:term":[{"taxonomy":"category","embeddable":true,"href":"https:\/\/www.greenpeace.org\/canada\/fr\/wp-json\/wp\/v2\/categories?post=61480"},{"taxonomy":"post_tag","embeddable":true,"href":"https:\/\/www.greenpeace.org\/canada\/fr\/wp-json\/wp\/v2\/tags?post=61480"},{"taxonomy":"p4-page-type","embeddable":true,"href":"https:\/\/www.greenpeace.org\/canada\/fr\/wp-json\/wp\/v2\/p4-page-type?post=61480"}],"curies":[{"name":"wp","href":"https:\/\/api.w.org\/{rel}","templated":true}]}}