{"id":61829,"date":"2023-11-23T14:46:57","date_gmt":"2023-11-23T19:46:57","guid":{"rendered":"https:\/\/www.greenpeace.org\/canada\/?p=61829"},"modified":"2024-07-31T23:48:45","modified_gmt":"2024-08-01T03:48:45","slug":"poursuite-denergir-contre-la-ville-de-prevost-de-nombreux-groupes-lancent-un-appel-a-la-solidarite-en-appui-a-prevost","status":"publish","type":"post","link":"https:\/\/www.greenpeace.org\/canada\/fr\/blog-des-volontaires\/61829\/poursuite-denergir-contre-la-ville-de-prevost-de-nombreux-groupes-lancent-un-appel-a-la-solidarite-en-appui-a-prevost\/","title":{"rendered":"Poursuite d\u2019\u00c9nergir contre la Ville de Pr\u00e9vost &#8211; De nombreux groupes lancent un appel \u00e0 la solidarit\u00e9 en appui \u00e0 Pr\u00e9vost"},"content":{"rendered":"\n<p class=\"has-text-align-right\"><strong>COMMUNIQU\u00c9 DE PRESSE<\/strong><\/p>\n\n<p class=\"has-text-align-right\"><em>Pour diffusion imm\u00e9diate<\/em><\/p>\n\n<p><strong>Montr\u00e9al &#8211; 23 novembre 2023<\/strong> &#8211; Plusieurs groupes environnementaux et citoyens s&rsquo;inqui\u00e8tent de la poursuite d&rsquo;\u00c9nergir contre Pr\u00e9vost pour tenter d&rsquo;invalider <a href=\"https:\/\/www.ville.prevost.qc.ca\/ma-ville\/environnement\/decarbonation\">son r\u00e8glement<\/a> limitant l&rsquo;utilisation de gaz naturel fossile. <strong>Les organisations lancent donc un appel \u00e0 la solidarit\u00e9 au milieu municipal et au gouvernement : les villes et l\u2019\u00c9tat qu\u00e9b\u00e9cois doivent envoyer un message clair en se rangeant derri\u00e8re la Ville de Pr\u00e9vost.&nbsp;<\/strong><\/p>\n\n<p>Cet appel s&rsquo;inscrit aussi dans le contexte du d\u00e9p\u00f4t hier du projet de loi 41 par le gouvernement, portant sur la performance environnementale des b\u00e2timents et des modifications en mati\u00e8re de transition \u00e9nerg\u00e9tique. Les organisations signataires prendront le temps n\u00e9cessaire \u00e0 l\u2019analyse de la pi\u00e8ce l\u00e9gislative, mais<strong> indiquent d&rsquo;ores et d\u00e9j\u00e0 que le gouvernement doit permettre aux villes qui le souhaitent d\u2019adopter des r\u00e8glements plus ambitieux que la norme nationale \u00e9tablie.<\/strong><\/p>\n\n<p><strong>Les groupes signataires r\u00e9it\u00e8rent que toutes les municipalit\u00e9s du Qu\u00e9bec qui souhaitent agir pour la transition \u00e9nerg\u00e9tique, notamment en encadrant l\u2019usage du gaz sur leur territoire, devraient pouvoir le faire sans craindre des poursuites judiciaires et sans avoir \u00e0 demander la permission au Gouvernement du Qu\u00e9bec.<\/strong> Un peu partout, des municipalit\u00e9s ont fait part de leur intention d\u2019interdire le gaz dans les nouveaux b\u00e2timents sur leur territoire. C\u2019est le cas de Pr\u00e9vost, qui est devenue la toute premi\u00e8re ville \u00e0 adopter un r\u00e8glement sur la d\u00e9carbonation, pavant ainsi la voie \u00e0 d\u2019autres villes comme Montr\u00e9al, Candiac et Mont-Saint-Hilaire, qui ont \u00e9galement pris des initiatives similaires r\u00e9cemment.<\/p>\n\n<p>\u00ab Des centaines de municipalit\u00e9s qu\u00e9b\u00e9coises ont d\u00e9j\u00e0 adopt\u00e9 des r\u00e9solutions adh\u00e9rant \u00e0 la d\u00e9claration d&rsquo;urgence climatique et s&rsquo;engageant \u00e0 mettre en place des actions concr\u00e8tes afin de r\u00e9duire les \u00e9missions des gaz \u00e0 effet de serre sur leur territoire. Nous en appelons aujourd\u2019hui \u00e0 la solidarit\u00e9 du milieu municipal : les villes doivent envoyer un message clair en appuyant publiquement la Ville de Pr\u00e9vost, en d\u00e9non\u00e7ant la poursuite intent\u00e9e par \u00c9nergir et en passant elles-m\u00eames \u00e0 l\u2019action. Nous demandons aussi au gouvernement d\u2019appuyer les villes qui agissent pour acc\u00e9l\u00e9rer la transition \u00e9nerg\u00e9tique dans les b\u00e2timents \u00bb, <strong>d\u00e9clarent les organisations signataires.<\/strong><\/p>\n\n<p><strong>Un projet de r\u00e9solution municipale cl\u00e9 en main pour appuyer la Ville de Pr\u00e9vost<\/strong><\/p>\n\n<p>Les groupes encouragent les municipalit\u00e9s qu\u00e9b\u00e9coises \u00e0 adopter <a href=\"https:\/\/vivreenville.org\/media\/1504505\/Resolution-d-appui-a%CC%80-Prevost.pdf\">une r\u00e9solution<\/a> afin d\u2019appuyer la Ville de Pr\u00e9vost et \u00e0 prendre des engagements afin de lutter contre la crise climatique, notamment en misant sur la d\u00e9carbonation des b\u00e2timents. <strong>Deux premi\u00e8res municipalit\u00e9s, Otterburn Park et Petit-Saguenay, s&rsquo;engagent d\u2019ailleurs d\u00e9j\u00e0 \u00e0 adopter la r\u00e9solution.<\/strong><\/p>\n\n<p>\u00ab Notre municipalit\u00e9 a pris des engagements concrets afin de lutter contre les changements climatiques. Le message qui est envoy\u00e9 par \u00c9nergir, c\u2019est que les villes courent le risque d\u2019\u00eatre poursuivies si elles veulent participer \u00e0 la transition \u00e9nerg\u00e9tique. Comme gouvernement de proximit\u00e9, c\u2019est une situation que nous ne pouvons pas accepter et c\u2019est pourquoi nous nous rangeons derri\u00e8re la Ville de Pr\u00e9vost aujourd\u2019hui pour r\u00e9affirmer l\u2019importance de respecter notre autonomie, et nous appelons les autres municipalit\u00e9s qu\u00e9b\u00e9coises \u00e0 se joindre \u00e0 nous \u00bb, <strong>d\u00e9clare M\u00e9lanie Villeneuve, mairesse d&rsquo;Otterburn Park.<\/strong><\/p>\n\n<p>\u00ab Dans un contexte d\u2019urgence climatique, il est fondamental que les municipalit\u00e9s puissent prendre des mesures concr\u00e8tes pour r\u00e9duire les \u00e9missions de gaz \u00e0 effet de serre sur leur territoire. C\u2019est pourquoi notre municipalit\u00e9 est solidaire de Pr\u00e9vost et joint sa voix \u00e0 celle des groupes pour r\u00e9it\u00e9rer l\u2019importance de respecter les comp\u00e9tences municipales en mati\u00e8re d\u2019environnement. Nous nous attendons \u00e9galement \u00e0 ce que le gouvernement prot\u00e8ge nos pouvoirs ad\u00e9quatement \u00bb, <strong>d\u00e9clare Phil\u00f4me La France, Maire de Petit-Saguenay<\/strong><\/p>\n\n<p>\u00ab Les municipalit\u00e9s du Qu\u00e9bec peuvent avoir un impact significatif sur la r\u00e9duction des \u00e9missions de GES en utilisant les outils qui sont \u00e0 leur disposition. Ce que nous demandons aux municipalit\u00e9s aujourd\u2019hui, c\u2019est de r\u00e9affirmer leur autonomie en prenant une position qui est r\u00e9solument en faveur du climat \u00bb, <strong>affirment les organisations signataires.<\/strong><\/p>\n\n<p>Rappelons que les municipalit\u00e9s sont reconnues par le gouvernement comme des gouvernements de proximit\u00e9 et que la <em>Loi sur les comp\u00e9tences municipales<\/em> permet aux villes d\u2019adopter des r\u00e8glements qui encadrent les \u00e9missions de gaz \u00e0 effet de serre provenant de la consommation \u00e9nerg\u00e9tique des b\u00e2timents.<\/p>\n\n<p><strong>-30-<\/strong><\/p>\n\n<p><strong>\u00c0 propos des signataires<\/strong><\/p>\n\n<p>Les signataires sont membres ou alli\u00e9.e.s de la coalition Sortons le gaz! qui r\u00e9unit des organisations environnementales, citoyennes et syndicales afin de promouvoir la sobri\u00e9t\u00e9 et l&rsquo;efficacit\u00e9 \u00e9nerg\u00e9tique dans le secteur du b\u00e2timent, tout en acc\u00e9l\u00e9rant le passage de la totalit\u00e9 du parc immobilier du Qu\u00e9bec \u00e0 des sources d\u2019\u00e9nergie 100 % renouvelable.<\/p>\n\n<p><strong>Les signataires de ce communiqu\u00e9 sont :<\/strong> Vivre en Ville, l\u2019Association qu\u00e9b\u00e9coise des m\u00e9decins pour l\u2019environnement (AQME), la Coalition Sortons la Caisse du carbone, Environnement Vert plus, \u00c9cohabitation, \u00c9quiterre, Imagine Lachine-Est, la Fondation Coule pas chez nous, la Fondation David Suzuki, Greenpeace Canada, Nature Qu\u00e9bec, Pour nos enfants &#8211; For Our Kids Montr\u00e9al, Mobilisation environnement Ahuntsic-Cartierville (MEAC), le Regroupement des organismes environnementaux en \u00c9nergie (RO\u00c9E), le Regroupement vigilance hydrocarbures Qu\u00e9bec (RVHQ) et Travailleurs et travailleuses pour la justice climatique (TJC).<\/p>\n\n<p><strong>Contact m\u00e9dia<\/strong>:<\/p>\n\n<p>Patrick Bonin, Responsable de la campagne Climat-\u00c9nergie, Greenpeace Canada,<br>Cell: 514-594-1221<br>pbonin@greenpeace.org<\/p>\n\n<p>Alexander Walsh<\/p>\n\n<p>COPTICOM, Strat\u00e9gies et Relations publiques<\/p>\n\n<p>514-601-2073<\/p>\n\n<p><a href=\"mailto:awalsh@copticom.ca\">awalsh@copticom.ca<\/a><\/p>\n","protected":false},"excerpt":{"rendered":"<p>De nombreux groupes lancent un appel \u00e0 la solidarit\u00e9 en appui \u00e0 Pr\u00e9vost<\/p>\n","protected":false},"author":21,"featured_media":61830,"comment_status":"open","ping_status":"open","sticky":false,"template":"","format":"standard","meta":{"ep_exclude_from_search":false,"p4_og_title":"Poursuite d\u2019\u00c9nergir contre la Ville de Pr\u00e9vost -  De nombreux groupes lancent un appel \u00e0 la solidarit\u00e9 en appui \u00e0 Pr\u00e9vost","p4_og_description":"Plusieurs groupes environnementaux et citoyens s'inqui\u00e8tent de la poursuite d'\u00c9nergir contre Pr\u00e9vost pour tenter d'invalider son r\u00e8glement limitant l'utilisation de gaz naturel fossile. Les organisations lancent donc un appel \u00e0 la solidarit\u00e9 au milieu municipal et au gouvernement : les villes et l\u2019\u00c9tat qu\u00e9b\u00e9cois doivent envoyer un message clair en se rangeant derri\u00e8re la Ville de Pr\u00e9vost.\u00a0","p4_og_image":"https:\/\/www.greenpeace.org\/static\/planet4-canada-stateless\/2023\/11\/9d26f81e-image_123650291.jpg","p4_og_image_id":"61830","p4_seo_canonical_url":"","p4_campaign_name":"Say No to Gas","p4_local_project":"peoplevsoil","p4_basket_name":"Climate &amp; Energy","p4_department":"","footnotes":""},"categories":[20,18],"tags":[49,41],"p4-page-type":[],"class_list":["post-61829","post","type-post","status-publish","format-standard","has-post-thumbnail","hentry","category-climat","category-notre-travail","tag-solutionsenergetiques","tag-climat"],"_links":{"self":[{"href":"https:\/\/www.greenpeace.org\/canada\/fr\/wp-json\/wp\/v2\/posts\/61829","targetHints":{"allow":["GET"]}}],"collection":[{"href":"https:\/\/www.greenpeace.org\/canada\/fr\/wp-json\/wp\/v2\/posts"}],"about":[{"href":"https:\/\/www.greenpeace.org\/canada\/fr\/wp-json\/wp\/v2\/types\/post"}],"author":[{"embeddable":true,"href":"https:\/\/www.greenpeace.org\/canada\/fr\/wp-json\/wp\/v2\/users\/21"}],"replies":[{"embeddable":true,"href":"https:\/\/www.greenpeace.org\/canada\/fr\/wp-json\/wp\/v2\/comments?post=61829"}],"version-history":[{"count":1,"href":"https:\/\/www.greenpeace.org\/canada\/fr\/wp-json\/wp\/v2\/posts\/61829\/revisions"}],"predecessor-version":[{"id":61833,"href":"https:\/\/www.greenpeace.org\/canada\/fr\/wp-json\/wp\/v2\/posts\/61829\/revisions\/61833"}],"wp:featuredmedia":[{"embeddable":true,"href":"https:\/\/www.greenpeace.org\/canada\/fr\/wp-json\/wp\/v2\/media\/61830"}],"wp:attachment":[{"href":"https:\/\/www.greenpeace.org\/canada\/fr\/wp-json\/wp\/v2\/media?parent=61829"}],"wp:term":[{"taxonomy":"category","embeddable":true,"href":"https:\/\/www.greenpeace.org\/canada\/fr\/wp-json\/wp\/v2\/categories?post=61829"},{"taxonomy":"post_tag","embeddable":true,"href":"https:\/\/www.greenpeace.org\/canada\/fr\/wp-json\/wp\/v2\/tags?post=61829"},{"taxonomy":"p4-page-type","embeddable":true,"href":"https:\/\/www.greenpeace.org\/canada\/fr\/wp-json\/wp\/v2\/p4-page-type?post=61829"}],"curies":[{"name":"wp","href":"https:\/\/api.w.org\/{rel}","templated":true}]}}