{"id":62290,"date":"2023-12-05T16:06:46","date_gmt":"2023-12-05T21:06:46","guid":{"rendered":"https:\/\/www.greenpeace.org\/canada\/?p=62290"},"modified":"2024-08-01T00:35:44","modified_gmt":"2024-08-01T04:35:44","slug":"alors-que-le-quebec-assume-la-copresidence-de-lalliance-au-dela-du-petrole-et-du-gaz-les-organisations-environnementales-presentent-leurs-attentes-pour-ce-nouveau-role","status":"publish","type":"post","link":"https:\/\/www.greenpeace.org\/canada\/fr\/blog-des-volontaires\/62290\/alors-que-le-quebec-assume-la-copresidence-de-lalliance-au-dela-du-petrole-et-du-gaz-les-organisations-environnementales-presentent-leurs-attentes-pour-ce-nouveau-role\/","title":{"rendered":"Alors que le Qu\u00e9bec assume la copr\u00e9sidence de l\u2019Alliance Au-del\u00e0 du p\u00e9trole et du gaz, les organisations environnementales pr\u00e9sentent leurs attentes pour ce nouveau r\u00f4le"},"content":{"rendered":"\n<p><em>Pour diffusion imm\u00e9diate<\/em><\/p>\n\n<p><strong>Duba\u00ef, 5 d\u00e9cembre, 2023<\/strong> &#8211; Alors que le ministre de l\u2019Environnement, de la Lutte contre les changements climatiques, de la Faune et des Parcs Benoit Charette <a href=\"https:\/\/twitter.com\/environnementqc\/status\/1732071908840006140?s=12&amp;t=zv8GjfJOxh48pox2hci9SQ\">annonce<\/a> que le Qu\u00e9bec devient copr\u00e9sident de l\u2019Alliance Au-del\u00e0 du p\u00e9trole et du gaz <em>(Beyond Oil and Gas Alliance, BOGA)<\/em>, les organisations environnementales font part de leurs attentes pour le Qu\u00e9bec.<\/p>\n\n<p>Avec cette nouvelle entr\u00e9e en fonction de copr\u00e9sident au sein de BOGA, le Qu\u00e9bec aura un r\u00f4le de premier plan \u00e0 jouer dans la promotion de la transition \u00e9nerg\u00e9tique \u00e0 l&rsquo;\u00e9chelle mondiale.<\/p>\n\n<p>En effet, ce nouveau r\u00f4le vient avec de plus grandes responsabilit\u00e9s. Le Qu\u00e9bec se doit maintenant de redoubler d&rsquo;effort \u00e0 l\u2019\u00e9chelle provinciale pour combler les lacunes dans ses plans actuels, et aussi de prendre un r\u00f4le plus proactif au sein de la f\u00e9d\u00e9ration canadienne et dans le monde.<\/p>\n\n<p><strong>Au Qu\u00e9bec : plus d\u2019ambition plus rapidement<\/strong><\/p>\n\n<p>Le Qu\u00e9bec doit \u00e0 la fois rehausser son niveau d&rsquo;ambition climatique et renforcer ses m\u00e9canismes d\u2019implantation. Pour ce faire, il doit augmenter sa cible domestique actuelle de 37,5% \u00e0 au moins 65% en-dessous des niveaux de 1990 d&rsquo;ici 2030 afin de faire sa <a href=\"https:\/\/climateactionnetwork.ca\/fr\/nouveau-rapport-le-quebec-loin-de-faire-sa-juste-part-de-leffort-climatique-mondial\/\">juste part de l\u2019effort mondial de limitation de la temp\u00e9rature \u00e0 1,5\u00b0C<\/a>. Le Qu\u00e9bec doit aussi imm\u00e9diatement bonifier son plan de lutte contre les changements climatiques qui ne lui permet actuellement d\u2019atteindre <a href=\"https:\/\/ici.radio-canada.ca\/nouvelle\/1980864\/plan-economie-verte-gaz-effet-serre-environnement\">que 60% de sa cible<\/a>, d\u00e9j\u00e0 insuffisante.<\/p>\n\n<p>Le Qu\u00e9bec doit \u00e9galement rattraper son retard sur la transition juste. En s\u2019inspirant des exemples internationaux et en prenant la pleine mesure de la n\u00e9gociation du <em>Programme de travail sur la transition juste<\/em> \u00e0 la COP28, il doit travailler d\u00e8s maintenant avec les organisations syndicales, patronales, autochtones, r\u00e9gionales et environnementales pour s\u2019assurer d\u2019un plan juste pour les travailleur.euse.s du Qu\u00e9bec.<\/p>\n\n<p>Par ailleurs, ayant accueilli la COP15 sur la biodiversit\u00e9 l\u2019ann\u00e9e derni\u00e8re, le Qu\u00e9bec se doit d\u2019en faire davantage pour prot\u00e9ger la biodiversit\u00e9 sur son territoire, en plus d\u2019encourager le Canada \u00e0 lier les objectifs de l\u2019Accord de Kunming-Montr\u00e9al \u00e0 ceux de l\u2019Accord de Paris, pour faire en sorte que les r\u00e9ponses \u00e0 la crise climatique permettent aussi de stopper et renverser la perte de biodiversit\u00e9.<\/p>\n\n<p><strong>Tirer le Canada vers le haut<\/strong><\/p>\n\n<p>\u00c0 une COP o\u00f9 les premier.\u00e8re.s ministres de certaines provinces sont venu.e.s pour promouvoir les combustibles fossiles et retarder la transition vers les \u00e9nergies renouvelables, le Qu\u00e9bec doit plut\u00f4t pousser le Canada vers une plus grande ambition. Alors que <a href=\"https:\/\/www.equiterre.org\/fr\/articles\/sondage-reglementation-plafonnement-ges-industrie-fossile\">9 Qu\u00e9b\u00e9cois.e.s sur 10<\/a> veulent que l&rsquo;industrie p\u00e9troli\u00e8re et gazi\u00e8re soit oblig\u00e9e de r\u00e9duire ses \u00e9missions, le Qu\u00e9bec doit plaider pour que le prochain plafonnement des \u00e9missions du secteur p\u00e9trolier et gazier soit assorti d&rsquo;un objectif ambitieux qui oblige les plus gros pollueurs du Canada \u00e0 faire leur juste part, avec une r\u00e9glementation mise en place rapidement.<\/p>\n\n<p><strong>Finance climatique internationale<\/strong><\/p>\n\n<p>Le Qu\u00e9bec doit aussi faire sa juste part en mati\u00e8re de finance climatique internationale, conform\u00e9ment \u00e0 sa responsabilit\u00e9 historique dans la crise climatique et \u00e0 sa capacit\u00e9 financi\u00e8re. Il peut d\u00e9j\u00e0 passer \u00e0 l\u2019action en contribuant au fonds pour les pertes et pr\u00e9judices, comme l&rsquo;ont fait d&rsquo;autres acteurs infranationaux. Nous encourageons \u00e9galement le Qu\u00e9bec \u00e0 accro\u00eetre ses contributions pour l&rsquo;adaptation aux changements climatiques, afin de refl\u00e9ter son engagement envers la r\u00e9silience mondiale, dont particuli\u00e8rement en ce qui concerne les communaut\u00e9s les plus vuln\u00e9rables.<\/p>\n\n<p><strong>Citations<\/strong><\/p>\n\n<p><strong>Patrick Bonin, responsable de la campagne Climat-\u00c9nergie, Greenpeace Canada:<\/strong><\/p>\n\n<p>\u00ab Le Qu\u00e9bec a mis fin \u00e0 l&rsquo;exploration et exploitation p\u00e9troli\u00e8re et gazi\u00e8re gr\u00e2ce \u00e0 la mobilisation de la soci\u00e9t\u00e9 civile qui a combattu avec succ\u00e8s les projets de production et de transport d&rsquo;\u00e9nergies fossiles. En se drapant de vert, le gouvernement du Qu\u00e9bec essaie de cacher un manque d&rsquo;ambition flagrant pour la r\u00e9duction des \u00e9missions de GES alors qu&rsquo;il est en voie d&rsquo;atteindre \u00e0 peine 60% de sa cible pour 2030, soit une performance pire que tous les pays du G20. Le Qu\u00e9bec doit exiger que le Canada plafonne imm\u00e9diatement et r\u00e9duise les \u00e9missions de son secteur p\u00e9trolier et gazier, et il doit faire preuve de beaucoup plus d&rsquo;ambition pour r\u00e9duire les \u00e9missions sur le territoire qu\u00e9b\u00e9cois.&nbsp;\u00bb<\/p>\n\n<p><strong>Le\u00efla Cantave, Responsable pour le Qu\u00e9bec, R\u00e9seau action climat Canada (CAN-Rac):&nbsp;<\/strong><\/p>\n\n<p>\u00ab Dans son nouveau r\u00f4le de copr\u00e9sidence au sein de BOGA, le Qu\u00e9bec se trouve \u00e0 un carrefour critique. Cette fonction s&rsquo;accompagne d&rsquo;une responsabilit\u00e9 significative. Le Qu\u00e9bec doit maintenant concr\u00e9tiser ses engagements en mati\u00e8re de lutte contre les changements climatiques, non seulement au niveau local, mais aussi en influen\u00e7ant positivement la trajectoire mondiale et celle du Canada. C&rsquo;est une opportunit\u00e9 unique pour le Qu\u00e9bec de fa\u00e7onner activement l&rsquo;agenda climatique mondial et de montrer au monde comment un leadership efficace peut conduire \u00e0 des changements concrets. \u00bb<\/p>\n\n<p><strong>Patricia Clermont, coordonnatrice de l\u2019Association qu\u00e9b\u00e9coise des m\u00e9decins pour l\u2019environnement (AQME):<\/strong><\/p>\n\n<p>\u00ab Nous esp\u00e9rons grandement que le Qu\u00e9bec annoncera des actions concr\u00e8tes et coh\u00e9rentes afin d\u2019assumer un leadership efficace \u00e0 titre de copr\u00e9sident de BOGA. Nous esp\u00e9rons aussi que sa participation \u00e0 la COP 28 consolidera des d\u00e9cisions au Qu\u00e9bec m\u00eame pour continuer la sortie du Qu\u00e9bec des hydrocarbures et du gaz. C\u2019est aussi une question de sant\u00e9 plan\u00e9taire (qui allie sant\u00e9 humaine et sant\u00e9 environnementale) car une sortie efficace et coh\u00e9rente des \u00e9nergies fossiles contribuera aussi \u00e0 r\u00e9duire les co\u00fbts pour nos syst\u00e8mes de sant\u00e9. Les Qu\u00e9b\u00e9cois.es ont faim de commencer enfin \u00e0 rencontrer nos objectifs de r\u00e9duction de GES, et ils et elles ont besoin de constater que le Qu\u00e9bec est v\u00e9ritablement s\u00e9rieux et m\u00eame capable d\u2019\u00eatre un chef de file mondial \u00e0 ce titre &#8211; ou du moins de ne pas \u00eatre en queue de peloton. \u00bb<\/p>\n\n<p><strong>Denis Bolduc, secr\u00e9taire g\u00e9n\u00e9ral \u00e0 la F\u00e9d\u00e9ration des travailleurs et travailleuses du Qu\u00e9bec (FTQ):<\/strong><\/p>\n\n<p>\u00ab Le Qu\u00e9bec se d\u00e9marque par son hydro\u00e9lectricit\u00e9 et a mis fin \u00e0 la technique de fracturation hydraulique, n\u00e9cessaire pour l\u2019exploitation des gaz de schiste, il y a quelques ann\u00e9es. N\u2019emp\u00eache, avec ce nouveau r\u00f4le, il doit poursuivre ses efforts pour sortir compl\u00e8tement des \u00e9nergies fossiles, en respectant le principe de transition juste, et donner l\u2019exemple aux autres gouvernements. \u00bb<\/p>\n\n<p><strong>Andr\u00e9anne Brazeau, analyste des politiques climatiques chez \u00c9quiterre \u00e0 la COP28:<\/strong><\/p>\n\n<p>\u00abOn s&rsquo;attend \u00e0 que ce le Qu\u00e9bec aide le gouvernement f\u00e9d\u00e9ral et les autres provinces canadiennes \u00e0 tracer la voie pour se d\u00e9barrasser du fardeau de la production d&rsquo;\u00e9nergies fossiles. En prenant la co-pr\u00e9sidence de l\u2019Alliance <em>Beyond Oil and Gas<\/em>, il est en bonne position pour le faire. Maintenant, le Qu\u00e9bec devra parall\u00e8lement rehausser son ambition climatique, car sa cible date de 2015, et s&rsquo;attaquer \u00e0 la consommation trop \u00e9lev\u00e9e de combustibles fossiles. Tout \u00e7a doit faire partie d&rsquo;un plan qui va au-del\u00e0 d&rsquo;un simple verdissement de ses secteurs d&rsquo;activit\u00e9 \u00e9conomiques et industriels et qui fait r\u00e9ellement avancer la transition juste.\u00bb&nbsp;<\/p>\n\n<p><strong>Charles Bonhomme, responsable &#8211; affaires publiques et communications \u00e0 la Fondation David Suzuki :<\/strong><\/p>\n\n<p>\u00ab L&rsquo;annonce concernant le nouveau leadership du Qu\u00e9bec au sein de l&rsquo;alliance BOGA envoie un signal important. En esp\u00e9rant que \u00e7a encouragera le gouvernement \u00e0 prendre des engagements climatiques ambitieux afin de d\u00e9carboner l&rsquo;ensemble des secteurs de notre soci\u00e9t\u00e9, notamment ceux du transport et du b\u00e2timent. L&rsquo;\u00e9quit\u00e9 est la cl\u00e9 pour que tous et toutes b\u00e9n\u00e9ficient de cette transition tant attendue. La D\u00e9claration sur les droits des peuples autochtones (DNUDPA) ne peut d\u2019ailleurs pas \u00eatre ignor\u00e9e dans le contexte de notre d\u00e9carbonation. \u00bb&nbsp;&nbsp;<\/p>\n\n<p><strong>Anne-C\u00e9line Guyon, analyste climat-\u00e9nergie, Nature Qu\u00e9bec:<\/strong><\/p>\n\n<p>\u00ab&nbsp;Certes le Qu\u00e9bec a un immense r\u00f4le \u00e0 jouer \u00e0 l\u2019international. La co-pr\u00e9sidence de BOGA vient avec d\u2019\u00e9normes responsabilit\u00e9s pour tirer l\u2019ensemble des membres de l\u2019Alliance vers un haut niveau d&rsquo;ambition. Ayant lui-m\u00eame pos\u00e9 le geste de fermer la porte \u00e0 l\u2019exploitation des \u00e9nergies fossiles sur le territoire, le Qu\u00e9bec devrait notamment inciter les autres \u00e0 en faire de m\u00eame dans un futur rapproch\u00e9. Il doit aussi maintenant pr\u00eacher par l\u2019exemple \u00e0 l\u2019\u00e9chelle domestique o\u00f9 il a encore tout un travail \u00e0 faire pour non seulement rencontrer sa cible de r\u00e9duction 2030 mais surtout la d\u00e9passer afin qu\u2019elle atteigne les exigences de la science climatique. Travailler sur la consommation \u00e9nerg\u00e9tique doit \u00eatre son grand chantier, en la r\u00e9duisant dans un premier temps et en d\u00e9carbonant dans le deuxi\u00e8me, notamment en sortant le gaz des b\u00e2timents.&nbsp;\u00bb<\/p>\n\n<p><strong>Andr\u00e9-Yanne Parent, directrice g\u00e9n\u00e9rale, R\u00e9alit\u00e9 climatique Canada:<\/strong><\/p>\n\n<p>\u00ab Nous saluons le leadership du Qu\u00e9bec \u00e0 la co-pr\u00e9sidence de BOGA. Nous sommes impatient\u00b7e\u00b7s de voir le leadership qu\u00e9b\u00e9cois se traduire par le recrutement d\u2019autres provinces canadiennes \u00e0 rejoindre l\u2019alliance. En revanche, il est primordial de r\u00e9duire non seulement la production, mais aussi la consommation des \u00e9nergies fossiles et d\u2019assurer une transition juste sur le plan social. \u00c0 ce titre, nous continuerons de faire pression pour une cible plus ambitieuse et la r\u00e9duction efficace des \u00e9missions, car celles-ci ont continu\u00e9 d\u2019augmenter en particulier dans le secteur des transports. Nous sommes ravi\u00b7e\u00b7s d\u2019entendre le ministre Charrette exiger de l\u2019ambition dans le cadre de cette COP pour une sortie compl\u00e8te des \u00e9nergies fossiles, c\u2019est exactement ce que nous attendons au Qu\u00e9bec \u00e9galement, en sortant le gaz des b\u00e2timents et en gardant le gaz du Qu\u00e9bec dans le sol, comme l\u2019exige d\u2019ailleurs la loi. \u00bb<\/p>\n\n<p class=\"has-text-align-center\">&#8211; 30 &#8211;<\/p>\n\n<p><strong>Pour plus d&rsquo;information, veuillez contacter :<\/strong><\/p>\n\n<p>Patrick Bonin, responsable de la campagne Climat-\u00c9nergie&nbsp;\u00e0 Greenpeace Canada<\/p>\n\n<p>Cell:&nbsp;<a>514-594-1221<\/a>, <a rel=\"noreferrer noopener\" href=\"mailto:pbonin@greenpeace.org\" target=\"_blank\">pbonin@greenpeace.org<\/a><\/p>\n","protected":false},"excerpt":{"rendered":"<p>Alors que le Qu\u00e9bec assume la copr\u00e9sidence de l\u2019Alliance Au-del\u00e0 du p\u00e9trole et du gaz, les organisations environnementales pr\u00e9sentent leurs attentes pour ce nouveau r\u00f4le<\/p>\n","protected":false},"author":21,"featured_media":62292,"comment_status":"open","ping_status":"open","sticky":false,"template":"","format":"standard","meta":{"ep_exclude_from_search":false,"p4_og_title":"COP28: Alors que le Qu\u00e9bec assume la copr\u00e9sidence de l\u2019Alliance Au-del\u00e0 du p\u00e9trole et du gaz, les organisations environnementales pr\u00e9sentent leurs attentes pour ce nouveau r\u00f4le","p4_og_description":"Alors que le ministre de l\u2019Environnement, de la Lutte contre les changements climatiques, de la Faune et des Parcs Benoit Charette annonce que le Qu\u00e9bec devient copr\u00e9sident de l\u2019Alliance Au-del\u00e0 du p\u00e9trole et du gaz (Beyond Oil and Gas Alliance, BOGA), les organisations environnementales font part de leurs attentes pour le Qu\u00e9bec.","p4_og_image":"","p4_og_image_id":"","p4_seo_canonical_url":"","p4_campaign_name":"Climate and Justice","p4_local_project":"peoplevsoil","p4_basket_name":"Climate &amp; Energy","p4_department":"","footnotes":""},"categories":[20,18],"tags":[49,47,41],"p4-page-type":[],"class_list":["post-62290","post","type-post","status-publish","format-standard","has-post-thumbnail","hentry","category-climat","category-notre-travail","tag-solutionsenergetiques","tag-petrole","tag-climat"],"_links":{"self":[{"href":"https:\/\/www.greenpeace.org\/canada\/fr\/wp-json\/wp\/v2\/posts\/62290","targetHints":{"allow":["GET"]}}],"collection":[{"href":"https:\/\/www.greenpeace.org\/canada\/fr\/wp-json\/wp\/v2\/posts"}],"about":[{"href":"https:\/\/www.greenpeace.org\/canada\/fr\/wp-json\/wp\/v2\/types\/post"}],"author":[{"embeddable":true,"href":"https:\/\/www.greenpeace.org\/canada\/fr\/wp-json\/wp\/v2\/users\/21"}],"replies":[{"embeddable":true,"href":"https:\/\/www.greenpeace.org\/canada\/fr\/wp-json\/wp\/v2\/comments?post=62290"}],"version-history":[{"count":3,"href":"https:\/\/www.greenpeace.org\/canada\/fr\/wp-json\/wp\/v2\/posts\/62290\/revisions"}],"predecessor-version":[{"id":62304,"href":"https:\/\/www.greenpeace.org\/canada\/fr\/wp-json\/wp\/v2\/posts\/62290\/revisions\/62304"}],"wp:featuredmedia":[{"embeddable":true,"href":"https:\/\/www.greenpeace.org\/canada\/fr\/wp-json\/wp\/v2\/media\/62292"}],"wp:attachment":[{"href":"https:\/\/www.greenpeace.org\/canada\/fr\/wp-json\/wp\/v2\/media?parent=62290"}],"wp:term":[{"taxonomy":"category","embeddable":true,"href":"https:\/\/www.greenpeace.org\/canada\/fr\/wp-json\/wp\/v2\/categories?post=62290"},{"taxonomy":"post_tag","embeddable":true,"href":"https:\/\/www.greenpeace.org\/canada\/fr\/wp-json\/wp\/v2\/tags?post=62290"},{"taxonomy":"p4-page-type","embeddable":true,"href":"https:\/\/www.greenpeace.org\/canada\/fr\/wp-json\/wp\/v2\/p4-page-type?post=62290"}],"curies":[{"name":"wp","href":"https:\/\/api.w.org\/{rel}","templated":true}]}}