{"id":6283,"date":"2018-11-29T11:33:08","date_gmt":"2018-11-29T16:33:08","guid":{"rendered":"https:\/\/www.greenpeace.org\/canada\/?p=6283"},"modified":"2019-11-06T03:28:18","modified_gmt":"2019-11-06T08:28:18","slug":"reaction-%c2%b7-les-gaz-a-effet-de-serre-en-hausse-au-quebec","status":"publish","type":"post","link":"https:\/\/www.greenpeace.org\/canada\/fr\/blog-des-volontaires\/6283\/reaction-%c2%b7-les-gaz-a-effet-de-serre-en-hausse-au-quebec\/","title":{"rendered":"R\u00c9ACTION: Les gaz \u00e0 effet de serre en hausse au Qu\u00e9bec"},"content":{"rendered":"<p><b>29 Novembre, 2018 (MONTR\u00c9AL<\/b><b>) &#8211;<\/b><span style=\"font-weight: 400;\"> En r\u00e9action \u00e0 la publication aujourd\u2019hui de l\u2019<\/span><a href=\"http:\/\/mddelcc.gouv.qc.ca\/changements\/ges\/2016\/inventaire1990-2016.pdf\"><span style=\"font-weight: 400;\">Inventaire qu\u00e9b\u00e9cois des \u00e9missions de gaz \u00e0 effet de serre en 2016 et leur \u00e9volution depuis 1990<\/span><\/a><span style=\"font-weight: 400;\">, Patrick Bonin, responsable de la campagne Climat-\u00c9nergie chez Greenpeace Canada, a affirm\u00e9: <\/span><\/p>\n<p><span style=\"font-weight: 400;\">\u201cCela fait plusieurs ann\u00e9es que l\u2019on d\u00e9nonce le manque de s\u00e9rieux des lib\u00e9raux dans la lutte climatique et le fait que les \u00e9missions de GES sont en hausse au Qu\u00e9bec vient confirmer nos craintes; au lieu de les faire diminuer et rapidement. L\u2019augmentation des \u00e9missions en 2016 est la r\u00e9sultat direct de plusieurs ann\u00e9es de mauvaise gestion par les gouvernements pr\u00e9c\u00e9dents. <\/span><\/p>\n<p><span style=\"font-weight: 400;\">Apr\u00e8s avoir reconnu hier qu\u2019il y a une \u201curgence climatique\u201d, le gouvernement Legault doit maintenant passer de la parole aux actes et rapidement proposer des mesures et pr\u00e9senter un plan qui permettra de s\u2019assurer que le Qu\u00e9bec atteigne et d\u00e9passe ses cibles de r\u00e9duction des GES. M. Legault devra acc\u00e9l\u00e9rer son virage vert et mettre les bouch\u00e9es triples alors qu\u2019il h\u00e9rite d\u2019une situation o\u00f9 le Qu\u00e9bec recule par rapport au respect de ses engagements climatiques.\u201d <\/span><\/p>\n<p style=\"text-align: center;\"><span style=\"font-weight: 400;\">-30-<\/span><\/p>\n<p><b>Pour plus d\u2019informations, veuillez contacter: <\/b><\/p>\n<p><span style=\"font-weight: 400;\">Patrick Bonin, Responsable de la campagne Climat-\u00c9nergie, Greenpeace Canada<\/span><\/p>\n<p><a href=\"mailto:pbonin@greenpeace.org\"><span style=\"font-weight: 400;\">pbonin@greenpeace.org<\/span><\/a><span style=\"font-weight: 400;\">; +1 514 594-1221<\/span><\/p>\n<p>&nbsp;<\/p>\n","protected":false},"excerpt":{"rendered":"<p>29 novembre, 2018 (MONTR\u00c9AL ) &#8211; En r\u00e9action \u00e0 la publication aujourd\u2019hui de l\u2019Inventaire qu\u00e9b\u00e9cois des \u00e9missions de gaz \u00e0 effet de serre en 2016 et leur \u00e9volution depuis 1990,&hellip;<\/p>\n","protected":false},"author":19,"featured_media":6285,"comment_status":"open","ping_status":"open","sticky":false,"template":"","format":"standard","meta":{"ep_exclude_from_search":false,"p4_og_title":"","p4_og_description":"","p4_og_image":"","p4_og_image_id":"","p4_seo_canonical_url":"","p4_campaign_name":"","p4_local_project":"","p4_basket_name":"","p4_department":"","footnotes":""},"categories":[20,18],"tags":[40,41,47,49],"p4-page-type":[],"class_list":["post-6283","post","type-post","status-publish","format-standard","has-post-thumbnail","hentry","category-climat","category-notre-travail","tag-autochtones","tag-climat","tag-petrole","tag-solutionsenergetiques"],"_links":{"self":[{"href":"https:\/\/www.greenpeace.org\/canada\/fr\/wp-json\/wp\/v2\/posts\/6283","targetHints":{"allow":["GET"]}}],"collection":[{"href":"https:\/\/www.greenpeace.org\/canada\/fr\/wp-json\/wp\/v2\/posts"}],"about":[{"href":"https:\/\/www.greenpeace.org\/canada\/fr\/wp-json\/wp\/v2\/types\/post"}],"author":[{"embeddable":true,"href":"https:\/\/www.greenpeace.org\/canada\/fr\/wp-json\/wp\/v2\/users\/19"}],"replies":[{"embeddable":true,"href":"https:\/\/www.greenpeace.org\/canada\/fr\/wp-json\/wp\/v2\/comments?post=6283"}],"version-history":[{"count":4,"href":"https:\/\/www.greenpeace.org\/canada\/fr\/wp-json\/wp\/v2\/posts\/6283\/revisions"}],"predecessor-version":[{"id":6290,"href":"https:\/\/www.greenpeace.org\/canada\/fr\/wp-json\/wp\/v2\/posts\/6283\/revisions\/6290"}],"wp:featuredmedia":[{"embeddable":true,"href":"https:\/\/www.greenpeace.org\/canada\/fr\/wp-json\/wp\/v2\/media\/6285"}],"wp:attachment":[{"href":"https:\/\/www.greenpeace.org\/canada\/fr\/wp-json\/wp\/v2\/media?parent=6283"}],"wp:term":[{"taxonomy":"category","embeddable":true,"href":"https:\/\/www.greenpeace.org\/canada\/fr\/wp-json\/wp\/v2\/categories?post=6283"},{"taxonomy":"post_tag","embeddable":true,"href":"https:\/\/www.greenpeace.org\/canada\/fr\/wp-json\/wp\/v2\/tags?post=6283"},{"taxonomy":"p4-page-type","embeddable":true,"href":"https:\/\/www.greenpeace.org\/canada\/fr\/wp-json\/wp\/v2\/p4-page-type?post=6283"}],"curies":[{"name":"wp","href":"https:\/\/api.w.org\/{rel}","templated":true}]}}