{"id":62949,"date":"2024-01-08T15:14:36","date_gmt":"2024-01-08T20:14:36","guid":{"rendered":"https:\/\/www.greenpeace.org\/canada\/?p=62949"},"modified":"2024-08-21T13:05:16","modified_gmt":"2024-08-21T17:05:16","slug":"2024-un-point-tournant-pour-la-protection-de-la-nature-au-canada-mises-a-jour-et-facons-dagir","status":"publish","type":"post","link":"https:\/\/www.greenpeace.org\/canada\/fr\/histoire\/62949\/2024-un-point-tournant-pour-la-protection-de-la-nature-au-canada-mises-a-jour-et-facons-dagir\/","title":{"rendered":"2024 : Un point tournant pour la protection de la nature au Canada | Mises \u00e0 jour et fa\u00e7ons d\u2019agir"},"content":{"rendered":"\n<h2 class=\"wp-block-heading\"><strong>Une nouvelle loi sur la protection de la nature pourrait \u00eatre adopt\u00e9e en 2024<\/strong><\/h2>\n\n<p>Depuis plus de 20 mois, Greenpeace Canada et ses sympathisant\u00b7es demandent au gouvernement f\u00e9d\u00e9ral d&rsquo;<a href=\"https:\/\/www.greenpeace.org\/static\/planet4-canada-stateless\/2022\/06\/e0df35a4-greenpeace-rapport-proteger-la-nature-proteger-la-vie.pdf\">adopter une loi sur la protection de la nature<\/a> afin de respecter ses engagements internationaux en la mati\u00e8re. Nous avons r\u00e9dig\u00e9 des rapports, effectu\u00e9 des recherches et mobilis\u00e9 nos alli\u00e9\u00b7es pour obtenir des engagements importants et ambitieux lors de la Convention sur la diversit\u00e9 biologique (COP15) \u00e0 Montr\u00e9al. Mais les engagements ne valent pas grand-chose s&rsquo;ils ne sont pas mis en \u0153uvre.<\/p>\n\n<p>En d\u00e9cembre dernier, deux grandes \u00e9tapes ont \u00e9t\u00e9 franchies en vue de l\u2019adoption d\u2019une nouvelle loi sur la protection de la nature en 2024.<\/p>\n\n<p>Voici les derni\u00e8res mises \u00e0 jour et les <strong>actions que vous pouvez entreprendre pour aider \u00e0 faire de cette l\u00e9gislation environnementale essentielle une r\u00e9alit\u00e9 en 2024.<\/strong><\/p>\n\n<h2 class=\"wp-block-heading\"><strong>D\u00e9claration de d\u00e9cembre : les intentions du gouvernement f\u00e9d\u00e9ral concernant l&rsquo;adoption d&rsquo;une loi sur la protection de la nature en 2024<\/strong><\/h2>\n\n<p>Le 9 d\u00e9cembre dernier, le gouvernement f\u00e9d\u00e9ral a annonc\u00e9 sans grande fanfare <a href=\"https:\/\/www.newswire.ca\/news-releases\/government-of-canada-takes-action-to-restore-and-protect-nature-with-commitment-to-introduce-a-nature-accountability-bill-in-2024-818699289.html\">son intention<\/a> d&rsquo;introduire une nouvelle loi sur la protection de la nature en 2024. Si le premier ministre Justin Trudeau tient parole, son adoption pourrait constituer un v\u00e9ritable tournant pour les esp\u00e8ces sauvages et la nature \u00e0 l\u2019\u00e9chelle du pays. Sous le gouvernement Trudeau, la faune et la flore au Canada continuent de d\u00e9cliner \u00e0 un rythme alarmant. La signature de l&rsquo;Accord de Kunming-Montr\u00e9al en 2022 a donn\u00e9 au premier ministre l&rsquo;occasion de repartir sur de nouvelles bases. Mais il n&rsquo;y a pas de baguette magique, et l&rsquo;adoption de cette loi sur la protection de la nature est sa chance de laisser un h\u00e9ritage durable aux g\u00e9n\u00e9rations \u00e0 venir.<\/p>\n\n<figure class=\"wp-block-image size-full\"><img loading=\"lazy\" decoding=\"async\" width=\"800\" height=\"533\" src=\"https:\/\/www.greenpeace.org\/static\/planet4-canada-stateless\/2024\/01\/2c2f50a3-gp1t8pfx_low_res_with_credit_line.jpg\" alt=\"\" class=\"wp-image-62922\" srcset=\"https:\/\/www.greenpeace.org\/static\/planet4-canada-stateless\/2024\/01\/2c2f50a3-gp1t8pfx_low_res_with_credit_line.jpg 800w, https:\/\/www.greenpeace.org\/static\/planet4-canada-stateless\/2024\/01\/2c2f50a3-gp1t8pfx_low_res_with_credit_line-300x200.jpg 300w, https:\/\/www.greenpeace.org\/static\/planet4-canada-stateless\/2024\/01\/2c2f50a3-gp1t8pfx_low_res_with_credit_line-768x512.jpg 768w, https:\/\/www.greenpeace.org\/static\/planet4-canada-stateless\/2024\/01\/2c2f50a3-gp1t8pfx_low_res_with_credit_line-510x340.jpg 510w\" sizes=\"auto, (max-width: 800px) 100vw, 800px\" \/><figcaption class=\"wp-element-caption\">Des activistes de Greenpeace Canada ont install\u00e9 une banni\u00e8re de 46 pieds (14 m\u00e8tres) de haut au centre de l\u2019Anneau \u00e0 Montr\u00e9al, au lendemain de l\u2019ouverture de la Conf\u00e9rence des Nations Unies sur la biodiversit\u00e9 (COP 15).<\/figcaption><\/figure>\n\n<p>Bien qu&rsquo;il reste encore beaucoup \u00e0 faire, <strong>nous n&rsquo;aurions pas pu obtenir cet engagement sans les dizaines de milliers de personnes \u00e0 travers le Canada qui ont appel\u00e9, manifest\u00e9 et sign\u00e9 des p\u00e9titions pour en faire une r\u00e9alit\u00e9. Nous veillerons \u00e0 ce que cette l\u00e9gislation garantisse une reddition de comptes transparente, une forte responsabilit\u00e9 publique et un profond respect des droits et des connaissances des peuples autochtones. <\/strong>L&rsquo;adoption de cette loi avant la tenue de la prochaine COP sur la diversit\u00e9 biologique en octobre 2024 constituera l\u2019\u00e9preuve d\u00e9cisive qui permettra de jauger l&rsquo;engagement du gouvernement \u00e0 l&rsquo;\u00e9gard de la protection de la nature.<\/p>\n\n<h2 class=\"wp-block-heading\"><strong>Une p\u00e9tition parlementaire en ligne appelle Trudeau \u00e0 tenir sa promesse d&rsquo;adopter une loi sur la protection de la nature<\/strong><\/h2>\n\n<p>\u00c0 la fin novembre 2023, avec le soutien de Greenpeace Canada, Ecojustice et West Coast Environmental Law, le d\u00e9put\u00e9 n\u00e9o-d\u00e9mocrate Richard Cannings a d\u00e9pos\u00e9 la <a href=\"https:\/\/www.noscommunes.ca\/petitions\/fr\/Petition\/Details?Petition=e-4673\" target=\"_blank\" rel=\"noreferrer noopener\"><em>p\u00e9tition parlementaire e-4673<\/em><\/a> \u00e0 la Chambre des communes. Cette derni\u00e8re <strong>demande au premier ministre Justin Trudeau d&rsquo;adopter cette l\u00e9gislation urgente en 2024.<\/strong><\/p>\n\n<p>Bien que la derni\u00e8re annonce du gouvernement soit encourageante, elle n&rsquo;est pas suffisante. Le ministre de l&rsquo;Environnement, Steven Guilbeault, <a href=\"https:\/\/www.greenpeace.org\/canada\/fr\/communique-de-presse\/55900\/reaction-au-soutien-du-ministre-guilbeault-a-une-loi-sur-la-protection-de-la-nature\/\" target=\"_blank\" rel=\"noreferrer noopener\">avait d\u00e9j\u00e0 exprim\u00e9 son soutien<\/a> \u00e0 une nouvelle l\u00e9gislation, et le gouvernement a l&rsquo;habitude de <a href=\"https:\/\/www.greenpeace.org\/static\/planet4-canada-stateless\/2022\/06\/e0df35a4-greenpeace-rapport-proteger-la-nature-proteger-la-vie.pdf\" target=\"_blank\" rel=\"noreferrer noopener\">ne pas tenir ses promesses<\/a> en mati\u00e8re de protection de l\u2019environnement. C&rsquo;est pourquoi la p\u00e9tition parlementaire insiste sur la n\u00e9cessit\u00e9 d&rsquo;adopter enfin cette loi en 2024. <strong>Plus important encore, elle fera en sorte que le gouvernement de Justin Trudeau devra rendre compte des avanc\u00e9es \u2013 ou de l&rsquo;absence de progr\u00e8s \u2013 concernant la loi au d\u00e9but 2024. Demeurez \u00e0 l\u2019aff\u00fbt!<\/strong><\/p>\n\n<p><strong>Cette initiative est possible gr\u00e2ce \u00e0 VOUS<\/strong><\/p>\n\n<p>Le pouvoir populaire est une force incomparable. Mais comme nous sommes en pleine crise de la biodiversit\u00e9, nous devons acc\u00e9l\u00e9rer le rythme.<\/p>\n\n<p>Un total de 55 000 sympathisant\u00b7es \u2013 dont vous! \u2013 ont <a href=\"https:\/\/act.greenpeace.ca\/fr-ca\/protegez-la-biodiversite\" target=\"_blank\" rel=\"noreferrer noopener\">sign\u00e9 notre p\u00e9tition<\/a> en faveur d\u2019une nouvelle loi.<\/p>\n\n<figure class=\"wp-block-image size-large\"><a href=\"https:\/\/act.greenpeace.ca\/fr-ca\/protegez-la-biodiversite\"><img loading=\"lazy\" decoding=\"async\" width=\"1024\" height=\"383\" src=\"https:\/\/www.greenpeace.org\/static\/planet4-canada-stateless\/2024\/01\/a7994387-screenshot-2024-01-08-at-3.17.49-pm-1024x383.png\" alt=\"\" class=\"wp-image-62953\" srcset=\"https:\/\/www.greenpeace.org\/static\/planet4-canada-stateless\/2024\/01\/a7994387-screenshot-2024-01-08-at-3.17.49-pm-1024x383.png 1024w, https:\/\/www.greenpeace.org\/static\/planet4-canada-stateless\/2024\/01\/a7994387-screenshot-2024-01-08-at-3.17.49-pm-300x112.png 300w, https:\/\/www.greenpeace.org\/static\/planet4-canada-stateless\/2024\/01\/a7994387-screenshot-2024-01-08-at-3.17.49-pm-768x287.png 768w, https:\/\/www.greenpeace.org\/static\/planet4-canada-stateless\/2024\/01\/a7994387-screenshot-2024-01-08-at-3.17.49-pm-510x191.png 510w, https:\/\/www.greenpeace.org\/static\/planet4-canada-stateless\/2024\/01\/a7994387-screenshot-2024-01-08-at-3.17.49-pm.png 1450w\" sizes=\"auto, (max-width: 1024px) 100vw, 1024px\" \/><\/a><\/figure>\n\n<p><a href=\"https:\/\/www.greenpeace.org\/static\/planet4-canada-stateless\/2022\/11\/19044ea7-11632-greenpeace-biodiversity-loss-omnibus-report-1-1.pdf\" target=\"_blank\" rel=\"noreferrer noopener\">Plus de 70 % des Canadien\u00b7nes pensent qu&rsquo;il faut agir maintenant.<\/a><\/p>\n\n<p>Ensemble, nous avons manifest\u00e9 dans les rues, appel\u00e9 nos d\u00e9put\u00e9\u00b7es et agi en ligne.<\/p>\n\n<div class=\"wp-block-group is-nowrap is-layout-flex wp-container-core-group-is-layout-ad2f72ca wp-block-group-is-layout-flex\">\n<figure class=\"wp-block-image size-large\"><img loading=\"lazy\" decoding=\"async\" width=\"1024\" height=\"683\" src=\"https:\/\/www.greenpeace.org\/static\/planet4-canada-stateless\/2024\/01\/e4927484-gp1szbds_low_res_with_credit_line-1024x683.jpg\" alt=\"\" class=\"wp-image-62950\" srcset=\"https:\/\/www.greenpeace.org\/static\/planet4-canada-stateless\/2024\/01\/e4927484-gp1szbds_low_res_with_credit_line-1024x683.jpg 1024w, https:\/\/www.greenpeace.org\/static\/planet4-canada-stateless\/2024\/01\/e4927484-gp1szbds_low_res_with_credit_line-300x200.jpg 300w, https:\/\/www.greenpeace.org\/static\/planet4-canada-stateless\/2024\/01\/e4927484-gp1szbds_low_res_with_credit_line-768x512.jpg 768w, https:\/\/www.greenpeace.org\/static\/planet4-canada-stateless\/2024\/01\/e4927484-gp1szbds_low_res_with_credit_line-510x340.jpg 510w, https:\/\/www.greenpeace.org\/static\/planet4-canada-stateless\/2024\/01\/e4927484-gp1szbds_low_res_with_credit_line.jpg 1200w\" sizes=\"auto, (max-width: 1024px) 100vw, 1024px\" \/><\/figure>\n\n\n\n<figure class=\"wp-block-image size-large\"><img loading=\"lazy\" decoding=\"async\" width=\"1024\" height=\"683\" src=\"https:\/\/www.greenpeace.org\/static\/planet4-canada-stateless\/2024\/01\/d7175e61-gp1szbdr_low_res_with_credit_line-1024x683.jpg\" alt=\"\" class=\"wp-image-62928\" srcset=\"https:\/\/www.greenpeace.org\/static\/planet4-canada-stateless\/2024\/01\/d7175e61-gp1szbdr_low_res_with_credit_line-1024x683.jpg 1024w, https:\/\/www.greenpeace.org\/static\/planet4-canada-stateless\/2024\/01\/d7175e61-gp1szbdr_low_res_with_credit_line-300x200.jpg 300w, https:\/\/www.greenpeace.org\/static\/planet4-canada-stateless\/2024\/01\/d7175e61-gp1szbdr_low_res_with_credit_line-768x512.jpg 768w, https:\/\/www.greenpeace.org\/static\/planet4-canada-stateless\/2024\/01\/d7175e61-gp1szbdr_low_res_with_credit_line-510x340.jpg 510w, https:\/\/www.greenpeace.org\/static\/planet4-canada-stateless\/2024\/01\/d7175e61-gp1szbdr_low_res_with_credit_line.jpg 1200w\" sizes=\"auto, (max-width: 1024px) 100vw, 1024px\" \/><\/figure>\n<\/div>\n\n<p class=\"has-small-font-size\">In the lead-up to the Montreal-bound CBD COP 15, Greenpeace Canada with the help of like-minded volunteers, activists, and nature lovers painted a mural in front of Steven Guilbeault&rsquo;s office, Minister of Environment and Climate Change, in Montreal, calling him to pass strong biodiversity protection law. <\/p>\n\n<p><strong>Nous avons maintenant besoin d&rsquo;un dernier coup de pouce pour que cette loi soit adopt\u00e9e en 2024. Pour ce faire, nous devons atteindre 100 000 personnes demandant au premier ministre d&rsquo;agir avant la tenue de la prochain COP sur la diversit\u00e9 biologique \u00e0 l\u2019automne.<\/strong><\/p>\n\n<p><strong>Notre message est simple : Justin Trudeau a un an pour agir. Les excuses n&rsquo;ont plus lieu d&rsquo;\u00eatre.<\/strong><\/p>\n\n<div class=\"wp-block-buttons is-content-justification-center is-layout-flex wp-container-core-buttons-is-layout-16018d1d wp-block-buttons-is-layout-flex\">\n<div class=\"wp-block-button has-custom-font-size is-style-cta has-medium-font-size\"><a class=\"wp-block-button__link wp-element-button\" href=\"https:\/\/act.greenpeace.ca\/fr-ca\/protegez-la-biodiversite\" target=\"_blank\" rel=\"noreferrer noopener\"><strong>Exhortez Trudeau \u00e0 adopter une loi sur la nature<\/strong><\/a><\/div>\n<\/div>\n","protected":false},"excerpt":{"rendered":"<p>En d\u00e9cembre dernier, deux grandes \u00e9tapes ont \u00e9t\u00e9 franchies en vue de l\u2019adoption d\u2019une nouvelle loi sur la protection de la nature en 2024. Voici les derni\u00e8res mises \u00e0 jour et les actions que vous pouvez entreprendre pour aider \u00e0 faire de cette l\u00e9gislation environnementale essentielle une r\u00e9alit\u00e9 en 2024.<\/p>\n","protected":false},"author":28,"featured_media":62931,"comment_status":"open","ping_status":"open","sticky":false,"template":"","format":"standard","meta":{"ep_exclude_from_search":false,"p4_og_title":"Une nouvelle loi sur la protection de la nature pourrait \u00eatre adopt\u00e9e en 2024","p4_og_description":"En d\u00e9cembre dernier, deux grandes \u00e9tapes ont \u00e9t\u00e9 franchies en vue de l\u2019adoption d\u2019une nouvelle loi sur la protection de la nature en 2024. Voici les derni\u00e8res mises \u00e0 jour et les actions que vous pouvez entreprendre pour aider \u00e0 faire de cette l\u00e9gislation environnementale essentielle une r\u00e9alit\u00e9 en 2024.","p4_og_image":"https:\/\/www.greenpeace.org\/static\/planet4-canada-stateless\/2024\/01\/5b1dad8f-gp1szbds_low_res_with_credit_line.jpg","p4_og_image_id":"62931","p4_seo_canonical_url":"","p4_campaign_name":"","p4_local_project":"","p4_basket_name":"","p4_department":"","footnotes":""},"categories":[19],"tags":[49,38,43,157,182],"p4-page-type":[155],"class_list":["post-62949","post","type-post","status-publish","format-standard","has-post-thumbnail","hentry","category-nature-fr","tag-solutionsenergetiques","tag-alimentation","tag-forets","tag-biodiversite","tag-justice-raciale","p4-page-type-histoire"],"_links":{"self":[{"href":"https:\/\/www.greenpeace.org\/canada\/fr\/wp-json\/wp\/v2\/posts\/62949","targetHints":{"allow":["GET"]}}],"collection":[{"href":"https:\/\/www.greenpeace.org\/canada\/fr\/wp-json\/wp\/v2\/posts"}],"about":[{"href":"https:\/\/www.greenpeace.org\/canada\/fr\/wp-json\/wp\/v2\/types\/post"}],"author":[{"embeddable":true,"href":"https:\/\/www.greenpeace.org\/canada\/fr\/wp-json\/wp\/v2\/users\/28"}],"replies":[{"embeddable":true,"href":"https:\/\/www.greenpeace.org\/canada\/fr\/wp-json\/wp\/v2\/comments?post=62949"}],"version-history":[{"count":1,"href":"https:\/\/www.greenpeace.org\/canada\/fr\/wp-json\/wp\/v2\/posts\/62949\/revisions"}],"predecessor-version":[{"id":62956,"href":"https:\/\/www.greenpeace.org\/canada\/fr\/wp-json\/wp\/v2\/posts\/62949\/revisions\/62956"}],"wp:featuredmedia":[{"embeddable":true,"href":"https:\/\/www.greenpeace.org\/canada\/fr\/wp-json\/wp\/v2\/media\/62931"}],"wp:attachment":[{"href":"https:\/\/www.greenpeace.org\/canada\/fr\/wp-json\/wp\/v2\/media?parent=62949"}],"wp:term":[{"taxonomy":"category","embeddable":true,"href":"https:\/\/www.greenpeace.org\/canada\/fr\/wp-json\/wp\/v2\/categories?post=62949"},{"taxonomy":"post_tag","embeddable":true,"href":"https:\/\/www.greenpeace.org\/canada\/fr\/wp-json\/wp\/v2\/tags?post=62949"},{"taxonomy":"p4-page-type","embeddable":true,"href":"https:\/\/www.greenpeace.org\/canada\/fr\/wp-json\/wp\/v2\/p4-page-type?post=62949"}],"curies":[{"name":"wp","href":"https:\/\/api.w.org\/{rel}","templated":true}]}}