{"id":63226,"date":"2024-01-30T14:46:58","date_gmt":"2024-01-30T19:46:58","guid":{"rendered":"https:\/\/www.greenpeace.org\/canada\/?p=63226"},"modified":"2024-08-21T13:04:46","modified_gmt":"2024-08-21T17:04:46","slug":"la-justice-comme-resolution-fixer-des-intentions-pour-le-monde-que-nous-voulons","status":"publish","type":"post","link":"https:\/\/www.greenpeace.org\/canada\/fr\/histoire\/63226\/la-justice-comme-resolution-fixer-des-intentions-pour-le-monde-que-nous-voulons\/","title":{"rendered":"La justice comme r\u00e9solution (fixer des intentions pour le monde que nous voulons)"},"content":{"rendered":"\n<p>Janvier 2024<\/p>\n\n<p>\u00c0 ce stade, la plupart des gens ont dress\u00e9 une courte (ou longue) liste d&rsquo;objectifs qu&rsquo;ils aimeraient atteindre cette ann\u00e9e. Ce ph\u00e9nom\u00e8ne n&rsquo;a rien de surprenant, et les recherches sur les r\u00e9solutions sont nombreuses :&nbsp;<\/p>\n\n<ul class=\"wp-block-list\">\n<li><a href=\"https:\/\/www.ncbi.nlm.nih.gov\/pmc\/articles\/PMC7725288\/\">L&rsquo;effet \u00ab nouveau d\u00e9part \u00bb se manifeste lorsque les gens veulent changer quelque chose dans leur vie; ils s&rsquo;engagent souvent \u00e0 le faire avant d&rsquo;entreprendre quelque chose de nouveau, comme une nouvelle session scolaire;<\/a><\/li>\n\n\n\n<li><a href=\"https:\/\/www.ipsos.com\/en-ca\/changing-resolutions-almost-half-42-have-changed-financial-new-years-resolutions-response-cost%23:~:text=Over%2520two-thirds%2520(68%2525)%2520of%2520Canadians%2520claim%2520to%2520have,(36%2525).\">Plus des deux tiers (68 %) des Canadien\u00b7es d\u00e9clarent s&rsquo;\u00eatre fix\u00e9 des objectifs financiers cette ann\u00e9e;<\/a><\/li>\n\n\n\n<li><a href=\"https:\/\/www.ipsos.com\/en-ca\/canadians-quick-make-new-years-resolutions-slow-see-them-through\">4 personnes sur 10 (42 %) affirment que leur r\u00e9solution principale concerne la sant\u00e9 et le bien-\u00eatre.<\/a><\/li>\n<\/ul>\n\n<p>Cela vous dit quelque chose?&nbsp;<\/p>\n\n<p>Malheureusement, la culture toxique des r\u00e9gimes et de la remise en forme nous accable en cette p\u00e9riode de l\u2019ann\u00e9e. Je sais que, comme moi, vous avez sans doute vu ces publicit\u00e9s bien cibl\u00e9es, vous assurant qu&rsquo;une montre Apple ou de nouvelles chaussures de course r\u00e9volutionneront votre existence.<\/p>\n\n<p>D&rsquo;autres domaines, tels que les finances personnelles, font \u00e9galement souvent l&rsquo;objet de r\u00e9solutions en janvier. Je ne peux m&#8217;emp\u00eacher de rouler des yeux devant l&rsquo;ironie des publicit\u00e9s nous encourageant \u00e0 \u00ab am\u00e9liorer votre cote de cr\u00e9dit gr\u00e2ce \u00e0 ces applications faciles \u00e0 utiliser \u00bb ou \u00e0 \u00ab \u00e9conomiser plus de 10 000 $ cette ann\u00e9e (en supposant que les gens disposent d&rsquo;un tel revenu apr\u00e8s les d\u00e9penses courantes) \u00bb, bla-bla-bla.<\/p>\n\n<p>Ces objectifs personnels sont attrayants pour une bonne raison. Bien que nos propres conceptions de la r\u00e9ussite puissent varier, la s\u00e9curit\u00e9 financi\u00e8re, le bien-\u00eatre physique et mental et d&rsquo;autres objectifs individuels sont \u00e9galement des indicateurs de r\u00e9ussite au sein de notre soci\u00e9t\u00e9.&nbsp;<\/p>\n\n<p>Avez-vous remarqu\u00e9 quelque chose d&rsquo;\u00e9trange? Pour ma part, je trouve tout cela extr\u00eamement louche. C&rsquo;est un peu comme si cette hyper-focalisation sur l&rsquo;individu \u00e9tait en quelque sorte li\u00e9e \u00e0 la machine capitaliste : ce cycle o\u00f9 nous achetons des choses dont nous n&rsquo;avons pas besoin pour \u00ab am\u00e9liorer \u00bb notre situation alors que devrions simplement en faire moins, et les suggestions accusatrices en mati\u00e8re de planification financi\u00e8re \u2013 comme pour sugg\u00e9rer qu&rsquo;il est normal qu&rsquo;une t\u00eate de laitue co\u00fbte plus de 9 $.<\/p>\n\n<p>La solution est claire : nous n&rsquo;avons simplement qu&rsquo;\u00e0 travailler plus fort, pas vrai?&nbsp;<\/p>\n\n<p>La v\u00e9rit\u00e9, c&rsquo;est que la glorification du travail acharn\u00e9 a ses limites et perd rapidement son \u00e9tincelle. Nous vivons dans un syst\u00e8me o\u00f9 le co\u00fbt de la vie est une bulle con\u00e7ue pour gonfler jusqu&rsquo;\u00e0 ce qu&rsquo;elle \u00e9clate, avec l&rsquo;intention de nous emporter avec elle. Bien que cette image soit terrifiante, ce qu&rsquo;on ne nous dit pas, c&rsquo;est que nous pouvons dire <strong>\u00ab non \u00bb<\/strong>. Il n&rsquo;y a rien de mal \u00e0 vouloir le meilleur pour nous-m\u00eames, mais je me demande comment ces objectifs pourraient \u00eatre diff\u00e9rents si nous pouvions les imaginer autrement. Comme tout mouvement social efficace (et contrairement au mod\u00e8le capitaliste id\u00e9al), nous ne pouvons pas agir seul\u00b7es. Nous devons b\u00e2tir et mobiliser la communaut\u00e9.<\/p>\n\n<p>\u00c0 quoi pourrait ressembler la vie si nous ralentissions et si nous vivions de fa\u00e7on collective plut\u00f4t qu\u2019<a href=\"https:\/\/www.instagram.com\/p\/C1pAQR3uZGZ\/?igsh=aGN6dGI1aHJuNWE2\">individuelle<\/a>? Et si nos r\u00e9solutions de la nouvelle ann\u00e9e ressemblaient \u00e0 \u00ab d\u00e9velopper un lien plus profond avec la nature \u00bb, \u00ab continuer mon \u00e9ducation en mati\u00e8re de justice sociale \u00bb ou \u00ab \u00e9laborer des syst\u00e8mes pour accro\u00eetre la responsabilisation de ma communaut\u00e9 face \u00e0 nos besoins collectifs \u00bb?<\/p>\n\n<p>Ce qu&rsquo;il y a de bien avec ce genre de r\u00e9solutions, c&rsquo;est qu&rsquo;elles n\u2019ont pas besoin de cadrer parfaitement avec votre tableau de visualisation soigneusement \u00e9labor\u00e9 ou d\u2019\u00eatre r\u00e9cit\u00e9es sur le coup de minuit le 1<sup>er<\/sup> janvier. Ce sont des engagements \u00e0 vie. Plus que des <a href=\"https:\/\/www.instagram.com\/p\/C1j9fCsMPaU\/?igsh=MXhienNtaWtqMGpqcg==\">intentions<\/a>, ce sont des pratiques. Elles requi\u00e8rent plus que votre attention individuelle, car elles n\u00e9cessitent un engagement soutenu et collectif.<\/p>\n\n<p>Alors que les temp\u00e9ratures mondiales augmentent et que la biodiversit\u00e9 d\u00e9cline, il n&rsquo;y a pas de meilleur moment pour r\u00e9fl\u00e9chir de mani\u00e8re critique \u00e0 ce qui retient notre attention. Les d\u00e9fis auxquels nous faisons face aujourd&rsquo;hui nous poussent \u00e0 nous replier sur nous-m\u00eames et \u00e0 nous accrocher \u00e0 nos d\u00e9sirs individuels, qui nous paraissent \u00eatre la voie la plus s\u00fbre. Mais cette fa\u00e7on de penser est un produit du capitalisme, et elle ne peut nous prot\u00e9ger. Elle est con\u00e7ue pour nous emp\u00eacher d&rsquo;exploiter notre potentiel illimit\u00e9 en construisant des communaut\u00e9s d&rsquo;entraide.&nbsp;<\/p>\n\n<p><strong>La question qui se pose est donc la suivante : comment pouvons-nous nous situer au sein de nos communaut\u00e9s et reconna\u00eetre que nous ne pouvons pas gu\u00e9rir ou r\u00e9pondre \u00e0 nos besoins de mani\u00e8re isol\u00e9e?&nbsp;<\/strong><\/p>\n\n<p><strong>La r\u00e9ponse : adopter une vision \u00e9largie et d\u00e9laisser les perspectives contraignantes.&nbsp;<\/strong><\/p>\n\n<p>Imaginez si, pour chaque objectif personnel de remise en forme ou de finances fix\u00e9, une banque alimentaire locale s&#8217;employait \u00e0 lutter contre l&rsquo;ins\u00e9curit\u00e9 alimentaire dans votre communaut\u00e9. Le fait de se fixer des objectifs d&rsquo;engagement communautaire contribue donc \u00e0 notre sant\u00e9 collective. Vous r\u00eavez d&rsquo;acheter une premi\u00e8re maison cette ann\u00e9e? Pourquoi ne pas en profiter pour en apprendre davantage sur les peuples ayant un lien ancestral avec les <a href=\"https:\/\/www.whose.land\/en\/\">terres<\/a> o\u00f9 se trouve cette propri\u00e9t\u00e9? La v\u00e9rit\u00e9 est un pr\u00e9requis au d\u00e9mant\u00e8lement des syst\u00e8mes coloniaux (y compris le capitalisme) et \u00e0 la r\u00e9conciliation. Et finalement, si vous avez d\u00e9cid\u00e9 d&rsquo;am\u00e9liorer vos pratiques \u00e9cologiques, chaque pot de sauce qui garnit vos \u00e9tag\u00e8res pourrait repr\u00e9senter <a href=\"https:\/\/www.greenpeace.org\/canada\/fr\/agir\/stop-pluie-de-la-mort\/\">un courriel envoy\u00e9 \u00e0 des repr\u00e9sentant\u00b7es du gouvernement ou \u00e0 des d\u00e9cisionnaires<\/a> (qui si\u00e8gent bien confortablement derri\u00e8re leurs bureaux, n&rsquo;attendant que votre appel ou votre courriel concernant les changements que vous aimeriez voir).<\/p>\n\n<p>Bref : refusons de laisser nos objectifs individuels nous d\u00e9tourner de ce qui compte vraiment. C\u00e9l\u00e9brons une nouvelle ann\u00e9e en veillant \u00e0 notre s\u00e9curit\u00e9, notre responsabilisation et notre joie collectives. Les soins communautaires sont aussi une forme d&rsquo;auto-soins. Et si cela vous semble radical, c&rsquo;est le moment de vous demander pourquoi.<\/p>\n\n<p>R\u00e9imaginez vos r\u00e9solutions en vous inspirant de ces ressources :&nbsp;<\/p>\n\n<ul class=\"wp-block-list\">\n<li><a href=\"https:\/\/www.upstreampodcast.org\/\">Balado Upstream<\/a><\/li>\n\n\n\n<li><a href=\"https:\/\/wokescientist.substack.com\/\">Dre Ayesha Khan (bulletin d&rsquo;information sur l&rsquo;anarchie cosmique)<\/a><\/li>\n\n\n\n<li><a href=\"https:\/\/www.instagram.com\/chiara.acu\/?hl=en\">@chiara.acu sur Instagram<\/a><\/li>\n<\/ul>\n","protected":false},"excerpt":{"rendered":"<p>Janvier 2024<\/p>\n","protected":false},"author":129,"featured_media":63227,"comment_status":"open","ping_status":"open","sticky":false,"template":"","format":"standard","meta":{"ep_exclude_from_search":false,"p4_og_title":"","p4_og_description":"","p4_og_image":"https:\/\/www.greenpeace.org\/static\/planet4-canada-stateless\/2024\/01\/ad658236-adobestock_678455226-scaled.jpeg","p4_og_image_id":"63227","p4_seo_canonical_url":"","p4_campaign_name":"","p4_local_project":"","p4_basket_name":"","p4_department":"","footnotes":""},"categories":[],"tags":[49,182],"p4-page-type":[155],"class_list":["post-63226","post","type-post","status-publish","format-standard","has-post-thumbnail","hentry","tag-solutionsenergetiques","tag-justice-raciale","p4-page-type-histoire"],"_links":{"self":[{"href":"https:\/\/www.greenpeace.org\/canada\/fr\/wp-json\/wp\/v2\/posts\/63226","targetHints":{"allow":["GET"]}}],"collection":[{"href":"https:\/\/www.greenpeace.org\/canada\/fr\/wp-json\/wp\/v2\/posts"}],"about":[{"href":"https:\/\/www.greenpeace.org\/canada\/fr\/wp-json\/wp\/v2\/types\/post"}],"author":[{"embeddable":true,"href":"https:\/\/www.greenpeace.org\/canada\/fr\/wp-json\/wp\/v2\/users\/129"}],"replies":[{"embeddable":true,"href":"https:\/\/www.greenpeace.org\/canada\/fr\/wp-json\/wp\/v2\/comments?post=63226"}],"version-history":[{"count":2,"href":"https:\/\/www.greenpeace.org\/canada\/fr\/wp-json\/wp\/v2\/posts\/63226\/revisions"}],"predecessor-version":[{"id":63232,"href":"https:\/\/www.greenpeace.org\/canada\/fr\/wp-json\/wp\/v2\/posts\/63226\/revisions\/63232"}],"wp:featuredmedia":[{"embeddable":true,"href":"https:\/\/www.greenpeace.org\/canada\/fr\/wp-json\/wp\/v2\/media\/63227"}],"wp:attachment":[{"href":"https:\/\/www.greenpeace.org\/canada\/fr\/wp-json\/wp\/v2\/media?parent=63226"}],"wp:term":[{"taxonomy":"category","embeddable":true,"href":"https:\/\/www.greenpeace.org\/canada\/fr\/wp-json\/wp\/v2\/categories?post=63226"},{"taxonomy":"post_tag","embeddable":true,"href":"https:\/\/www.greenpeace.org\/canada\/fr\/wp-json\/wp\/v2\/tags?post=63226"},{"taxonomy":"p4-page-type","embeddable":true,"href":"https:\/\/www.greenpeace.org\/canada\/fr\/wp-json\/wp\/v2\/p4-page-type?post=63226"}],"curies":[{"name":"wp","href":"https:\/\/api.w.org\/{rel}","templated":true}]}}