{"id":63727,"date":"2024-02-29T11:38:00","date_gmt":"2024-02-29T16:38:00","guid":{"rendered":"https:\/\/www.greenpeace.org\/canada\/?p=63727"},"modified":"2024-08-21T13:04:21","modified_gmt":"2024-08-21T17:04:21","slug":"lexcellence-et-la-resistance-des-personnes-noires-dans-laction-climatique-amplifier-les-voix-des-communautes-noires-est-une-veritable-solution-climatique","status":"publish","type":"post","link":"https:\/\/www.greenpeace.org\/canada\/fr\/histoire\/63727\/lexcellence-et-la-resistance-des-personnes-noires-dans-laction-climatique-amplifier-les-voix-des-communautes-noires-est-une-veritable-solution-climatique\/","title":{"rendered":"L&rsquo;excellence et la r\u00e9sistance des personnes noires dans l&rsquo;action climatique? : Amplifier les voix des communaut\u00e9s noires est une v\u00e9ritable solution climatique"},"content":{"rendered":"\n<p>Cette ann\u00e9e, Greenpeace Canada rend hommage \u00e0 l&rsquo;excellence et \u00e0 la r\u00e9sistance des personnes noires. L&rsquo;excellence des personnes noires, le th\u00e8me canadien pour le Mois de l\u2019histoire des Noir\u00b7es 2024, exige que nous c\u00e9l\u00e9brions l\u2019exp\u00e9rience et la r\u00e9alit\u00e9 des personnes noires dans tous ses accomplissements et dans toute sa grandeur. Mais s&rsquo;il est facile de c\u00e9l\u00e9brer les c\u00e9l\u00e9brit\u00e9s noires, il est important de nous rappeler que ce n&rsquo;est pas l\u00e0 que l&rsquo;excellence des personnes noires commence ou se termine. Nous devons collectivement faire plus que consommer les m\u00e9dias et confondre cette visibilit\u00e9 avec une v\u00e9ritable repr\u00e9sentation. C&rsquo;est pourquoi la r\u00e9sistance des Noir\u00b7es est un th\u00e8me que nous adoptons en tant qu&rsquo;activistes climatiques qui agissent pour co-cr\u00e9er le monde que nous voulons.<\/p>\n\n<p>Les communaut\u00e9s noires r\u00e9sistent \u00e0 l&rsquo;oppression sous toutes ses formes depuis des centaines d&rsquo;ann\u00e9es. Notre leadership dans les mouvements sociaux a d\u00e9montr\u00e9 le pouvoir du peuple dans la cr\u00e9ation d&rsquo;un monde o\u00f9 il y a de la justice pour tous\u00b7tes. Gr\u00e2ce \u00e0 cette r\u00e9sistance continue, le monde t\u00e9moigne de la d\u00e9finition de l&rsquo;amour radical pour la lib\u00e9ration collective.<\/p>\n\n<p>Il existe des malentendus fr\u00e9quents sur la mani\u00e8re dont les communaut\u00e9s noires se sont engag\u00e9es dans le mouvement environnemental. La v\u00e9rit\u00e9 est que les personnes noires, autochtones et racis\u00e9es du monde entier ont toujours \u0153uvr\u00e9 pour que la justice soit au c\u0153ur de l&rsquo;action climatique.<\/p>\n\n<ul class=\"wp-block-list\">\n<li>\u00ab <strong>Le mouvement pour la justice environnementale<\/strong> \u2013<strong> d\u00e9fendu principalement par les Noir\u00b7es, les personnes d&rsquo;origine latino-am\u00e9ricaine, les Am\u00e9ricain\u00b7es d&rsquo;origine asiatique, les<\/strong> <strong>personnes des nations<\/strong> <strong>insulaires du Pacifique et les populations autochtones<\/strong> \u2013<strong> est n\u00e9 d&rsquo;un fait statistique : les personnes qui vivent, travaillent et se divertissent dans les environnements les plus pollu\u00e9s des \u00c9tats-Unis sont g\u00e9n\u00e9ralement des personnes<\/strong><strong> <\/strong><strong>racis\u00e9es et des personnes vivant dans la pauvret\u00e9<\/strong>. <strong>Gr\u00e2ce aux d\u00e9fenseur\u00b7ses de la justice environnementale, nous connaissons aujourd&rsquo;hui ce ph\u00e9nom\u00e8ne sous le nom de racisme environnemental, et c&rsquo;est pr\u00e9cis\u00e9ment ce contre quoi les communaut\u00e9s racis\u00e9es se battent depuis des d\u00e9cennies<\/strong>. \u00bb <em>[Traduction libre]<\/em><\/li>\n<\/ul>\n\n<p>Une approche intersectionnelle de la justice climatique est n\u00e9cessaire en raison de ces impacts disproportionn\u00e9s. En tant qu&rsquo;organisation dirig\u00e9e par des personnes blanches, notre action climatique est incompl\u00e8te si elle ne fait pas entendre la voix de diverses communaut\u00e9s, non seulement par souci de repr\u00e9sentation, mais aussi parce qu&rsquo;il est de notre devoir d&rsquo;exiger la justice pour tous\u00b7tes.<\/p>\n\n<ul class=\"wp-block-list\">\n<li>\u00ab Une critique courante des organisations dirig\u00e9es par des personnes blanches dans le secteur de l&rsquo;environnement et des changements climatiques est qu&rsquo;elles parlent souvent au nom des communaut\u00e9s les plus touch\u00e9es par les injustices li\u00e9es \u00e0 l&rsquo;environnement et aux changements climatiques, et ce, plut\u00f4t que de leur fournir des ressources et un espace pour qu&rsquo;elles s&rsquo;expriment elles-m\u00eames. Ainsi, ces organisations peuvent emp\u00eacher les mouvements sociaux d&rsquo;\u00eatre inclus dans les processus d\u00e9cisionnels et r\u00e9duire au silence les voix m\u00eames qu&rsquo;elles tentent de repr\u00e9senter ou d&rsquo;aider. \u00bb (Quinn-Thibodeau &amp; Wu, 2016). <em>[Traduction libre]<\/em><\/li>\n<\/ul>\n\n<p>L&rsquo;action climatique n&rsquo;est pas un nouvel espace de r\u00e9sistance pour les personnes noires. Alors que les communaut\u00e9s noires sont depuis longtemps les gardiennes de la terre et de la protection des \u00e9cosyst\u00e8mes, leurs voix sont souvent \u00e9touff\u00e9es et r\u00e9duites au silence dans les salles o\u00f9 les prises de d\u00e9cision ont lieu. La reconnaissance de cette r\u00e9alit\u00e9 passe par l&rsquo;affirmation de l&rsquo;exp\u00e9rience des Noir\u00b7es :&nbsp;<\/p>\n\n<ul class=\"wp-block-list\">\n<li>\u00ab Des d\u00e9cennies de violence et de discrimination ont entra\u00een\u00e9 la perte de la quasi-totalit\u00e9 des terres agricoles appartenant \u00e0 des personnes noires. Aujourd&rsquo;hui, les femmes racis\u00e9es revendiquent leur droit \u00e0 la gestion des terres. \u00bb <em>[Traduction libre]<\/em><\/li>\n<\/ul>\n\n<p>Notre existence ne se limite pas \u00e0 la r\u00e9sistance. Nous avons d\u00e9pass\u00e9 et surmont\u00e9 tous les obstacles qui se sont dress\u00e9s sur notre chemin pour atteindre l&rsquo;excellence face \u00e0 l&rsquo;adversit\u00e9. Et malgr\u00e9 les st\u00e9r\u00e9otypes, les politiques racistes et les facteurs socio-\u00e9conomiques qui emp\u00eachent les personnes noires d&rsquo;acc\u00e9der \u00e0 la nature, nous continuons \u00e0 entretenir un lien profond avec notre environnement.<\/p>\n\n<ul class=\"wp-block-list\">\n<li>\u00ab Ce n&rsquo;est pas surprenant que des \u00e9l\u00e9ments de M\u00e8re Nature servent de lentille pour explorer et appr\u00e9cier la r\u00e9alit\u00e9 magnifique et compliqu\u00e9e de l&rsquo;exp\u00e9rience Noire. \u00bb \u2013 Rachel Cargle <em>[Traduction libre]<\/em><\/li>\n\n\n\n<li>R\u00e9duire au silence les voix des personnes noires est une question de justice climatique. L&rsquo;excellence et la r\u00e9sistance des Noir\u00b7es nous sauveront tous et toutes.&nbsp;<\/li>\n<\/ul>\n","protected":false},"excerpt":{"rendered":"<p>Cette ann\u00e9e, Greenpeace Canada rend hommage \u00e0 l&#8217;excellence et \u00e0 la r\u00e9sistance des personnes noires. L&#8217;excellence des personnes noires, le th\u00e8me canadien pour le Mois de l\u2019histoire des Noir\u00b7es 2024,&hellip;<\/p>\n","protected":false},"author":129,"featured_media":63728,"comment_status":"open","ping_status":"open","sticky":false,"template":"","format":"standard","meta":{"ep_exclude_from_search":false,"p4_og_title":"","p4_og_description":"","p4_og_image":"","p4_og_image_id":"","p4_seo_canonical_url":"","p4_campaign_name":"Climate and Justice","p4_local_project":"","p4_basket_name":"","p4_department":"","footnotes":""},"categories":[],"tags":[182],"p4-page-type":[155],"class_list":["post-63727","post","type-post","status-publish","format-standard","has-post-thumbnail","hentry","tag-justice-raciale","p4-page-type-histoire"],"_links":{"self":[{"href":"https:\/\/www.greenpeace.org\/canada\/fr\/wp-json\/wp\/v2\/posts\/63727","targetHints":{"allow":["GET"]}}],"collection":[{"href":"https:\/\/www.greenpeace.org\/canada\/fr\/wp-json\/wp\/v2\/posts"}],"about":[{"href":"https:\/\/www.greenpeace.org\/canada\/fr\/wp-json\/wp\/v2\/types\/post"}],"author":[{"embeddable":true,"href":"https:\/\/www.greenpeace.org\/canada\/fr\/wp-json\/wp\/v2\/users\/129"}],"replies":[{"embeddable":true,"href":"https:\/\/www.greenpeace.org\/canada\/fr\/wp-json\/wp\/v2\/comments?post=63727"}],"version-history":[{"count":2,"href":"https:\/\/www.greenpeace.org\/canada\/fr\/wp-json\/wp\/v2\/posts\/63727\/revisions"}],"predecessor-version":[{"id":63735,"href":"https:\/\/www.greenpeace.org\/canada\/fr\/wp-json\/wp\/v2\/posts\/63727\/revisions\/63735"}],"wp:featuredmedia":[{"embeddable":true,"href":"https:\/\/www.greenpeace.org\/canada\/fr\/wp-json\/wp\/v2\/media\/63728"}],"wp:attachment":[{"href":"https:\/\/www.greenpeace.org\/canada\/fr\/wp-json\/wp\/v2\/media?parent=63727"}],"wp:term":[{"taxonomy":"category","embeddable":true,"href":"https:\/\/www.greenpeace.org\/canada\/fr\/wp-json\/wp\/v2\/categories?post=63727"},{"taxonomy":"post_tag","embeddable":true,"href":"https:\/\/www.greenpeace.org\/canada\/fr\/wp-json\/wp\/v2\/tags?post=63727"},{"taxonomy":"p4-page-type","embeddable":true,"href":"https:\/\/www.greenpeace.org\/canada\/fr\/wp-json\/wp\/v2\/p4-page-type?post=63727"}],"curies":[{"name":"wp","href":"https:\/\/api.w.org\/{rel}","templated":true}]}}