{"id":63761,"date":"2024-03-01T11:12:18","date_gmt":"2024-03-01T16:12:18","guid":{"rendered":"https:\/\/www.greenpeace.org\/canada\/?p=63761"},"modified":"2024-03-01T11:13:09","modified_gmt":"2024-03-01T16:13:09","slug":"unea-6-les-etats-membres-sont-exhortes-a-maintenir-lambition-dans-les-negociations-du-traite-sur-les-plastiques","status":"publish","type":"post","link":"https:\/\/www.greenpeace.org\/canada\/fr\/blog-des-volontaires\/63761\/unea-6-les-etats-membres-sont-exhortes-a-maintenir-lambition-dans-les-negociations-du-traite-sur-les-plastiques\/","title":{"rendered":"UNEA-6 : Les \u00c9tats membres sont exhort\u00e9s \u00e0 maintenir l&rsquo;ambition dans les n\u00e9gociations du Trait\u00e9 sur les plastiques"},"content":{"rendered":"\n<p><strong>NAIROBI \u2014 <\/strong>Alors que la 6e session de l&rsquo;Assembl\u00e9e des Nations Unies pour l&rsquo;environnement (UNEA-6) s&rsquo;ach\u00e8ve, Greenpeace renouvelle ses appels aux \u00c9tats membres pour qu&rsquo;ils fassent pression en faveur d&rsquo;un Trait\u00e9 mondial sur les plastiques ambitieux et souligne l&rsquo;urgence de ratifier le Trait\u00e9 mondial sur les oc\u00e9ans.<\/p>\n\n<p><strong>Hellen Kahaso Dena, responsable du projet panafricain sur les plastiques \u00e0 Greenpeace Afrique, a d\u00e9clar\u00e9<\/strong> : \u00ab Quelques pays tentent d&rsquo;\u00e9dulcorer le texte d\u00e9j\u00e0 adopt\u00e9 sur l&rsquo;\u00e9limination de la pollution plastique d&rsquo;ici 2040, en r\u00e9duisant l&rsquo;ambition sur tous les fronts et en niant le lien entre les produits chimiques et la crise climatique.<\/p>\n\n<p>Nous demandons instamment aux \u00c9tats membres de ne pas saper le mandat du Trait\u00e9 mondial sur les plastiques et de faire preuve de courage et d&rsquo;ambition lors de la poursuite des n\u00e9gociations \u00e0 Ottawa le mois prochain \u00bb, <strong>a soulign\u00e9 Dena<\/strong>.<\/p>\n\n<p>La pollution plastique contribue de mani\u00e8re significative \u00e0 la triple crise plan\u00e9taire &#8211; changements climatiques, pollution et perte de biodiversit\u00e9 &#8211; et exacerbe les in\u00e9galit\u00e9s raciales, de genre et \u00e9conomiques \u00e0 l&rsquo;\u00e9chelle mondiale.<\/p>\n\n<p><strong>Gerance Mutwol, responsable de la campagne sur les plastiques \u00e0 Greenpeace Afrique, a soulign\u00e9 que<\/strong> \u00ab l&rsquo;ampleur de la crise du plastique est d\u00e9sastreuse et que seul un trait\u00e9 ambitieux peut inverser la tendance. Nous ne pouvons pas risquer d&rsquo;avoir un instrument sans dents. Les gouvernements doivent exiger un trait\u00e9 qui maintienne le p\u00e9trole et le gaz dans le sol et qui s&rsquo;attaque \u00e0 la crise du plastique de mani\u00e8re globale, de l&rsquo;extraction \u00e0 l&rsquo;\u00e9limination. Un trait\u00e9 qui ne parviendrait pas \u00e0 freiner la production effr\u00e9n\u00e9e de plastique manquerait son objectif \u00bb.<\/p>\n\n<p>\u00c0 l&rsquo;approche de la quatri\u00e8me session du Comit\u00e9 intergouvernemental de n\u00e9gociation (CIN-4), qui se tiendra \u00e0 Ottawa en avril, Greenpeace appelle les \u00c9tats membres \u00e0 faire preuve d&rsquo;engagement et de solidarit\u00e9 en s&rsquo;attaquant de front \u00e0 la crise du plastique. Le trait\u00e9 doit r\u00e9duire la production de plastique d&rsquo;au moins 75 % d&rsquo;ici 2040, afin de s&rsquo;assurer que nous restons en dessous de 1,5\u00b0 C pour notre climat et de prot\u00e9ger notre sant\u00e9, nos droits et nos communaut\u00e9s.&nbsp;&nbsp;<\/p>\n\n<p>\u00ab Dans l&rsquo;ensemble, de nombreux gouvernements repr\u00e9sent\u00e9s \u00e0 l&rsquo;UNEA-6 ont manqu\u00e9 d&rsquo;ambition et n&rsquo;ont pas pu ou voulu r\u00e9p\u00e9ter les engagements pris ailleurs, qu&rsquo;il s&rsquo;agisse de la transition vers l&rsquo;abandon des combustibles fossiles, de l&rsquo;action conjointe en faveur du climat et de la biodiversit\u00e9 ou de la c\u00e9l\u00e9bration du trait\u00e9 mondial sur les oc\u00e9ans. Nous avons parfois eu l&rsquo;impression de regarder l&rsquo;Assembl\u00e9e des Nations unies contre, et non pour, l&rsquo;environnement \u00bb, <strong>a d\u00e9clar\u00e9 An Lambrechts, expert international de Greenpeace en mati\u00e8re de politique de biodiversit\u00e9<\/strong>.<\/p>\n\n<p>Certaines parties ont soulign\u00e9 l&rsquo;urgence des crises du climat, de la biodiversit\u00e9 et de la pollution, ainsi que la n\u00e9cessit\u00e9 de ratifier le trait\u00e9 mondial sur les oc\u00e9ans.&nbsp;<\/p>\n\n<p>\u00ab Un an apr\u00e8s l&rsquo;adoption du trait\u00e9, seuls deux pays l&rsquo;ont ratifi\u00e9 et l&rsquo;\u00e9ch\u00e9ance de 2025 commence \u00e0 se profiler \u00e0 l&rsquo;horizon. Les gouvernements doivent donc acc\u00e9l\u00e9rer leurs efforts pour ratifier le trait\u00e9 \u00bb, <strong>a conclu Laura Meller, responsable de la campagne mondiale de Greenpeace pour la protection des oc\u00e9ans<\/strong>.<\/p>\n\n<p><strong>Pour plus d&rsquo;informations, veuillez contacter:<\/strong><\/p>\n\n<p>Brandon Wei, Conseiller aux communications, Greenpeace Canada<\/p>\n\n<p><a href=\"mailto:brandon.wei@greenpeace.org\">brandon.wei@greenpeace.org<\/a>; +1 778 772-6138<\/p>\n\n<p>Ferdinand Omondi, Charg\u00e9 de la communication et du StoryTelling, Greenpeace Afrique<\/p>\n\n<p><a href=\"mailto:fomondi@greenpeace.org\">fomondi@greenpeace.org<\/a>, +254 722 505 233<\/p>\n\t\t\t<section\n\t\t\tclass=\"boxout post-59375 \"\n\t\t\t\n\t\t>\n\t\t\t<a\n\t\t\t\tdata-ga-category=\"Take Action Boxout\"\n\t\t\t\tdata-ga-action=\"Image\"\n\t\t\t\tdata-ga-label=\"n\/a\"\n\t\t\t\tclass=\"cover-card-overlay\"\n\t\t\t\thref=\"https:\/\/www.greenpeace.org\/canada\/fr\/agir\/traite-mondial-sur-les-plastiques\/\" \n\t\t\t><\/a>\n\t\t\t\t\t\t\t<img\n\t\t\t\t\t\tsrc=\"https:\/\/www.greenpeace.org\/static\/planet4-canada-stateless\/2023\/05\/1b21237c-gp0stt3fe_web_size-1.jpg\"\n\t\t\t\t\t\tsrcset=\"https:\/\/www.greenpeace.org\/static\/planet4-canada-stateless\/2023\/05\/1b21237c-gp0stt3fe_web_size-1-300x200.jpg 300w, https:\/\/www.greenpeace.org\/static\/planet4-canada-stateless\/2023\/05\/1b21237c-gp0stt3fe_web_size-1-768x512.jpg 768w, https:\/\/www.greenpeace.org\/static\/planet4-canada-stateless\/2023\/05\/1b21237c-gp0stt3fe_web_size-1-510x340.jpg 510w, https:\/\/www.greenpeace.org\/static\/planet4-canada-stateless\/2023\/05\/1b21237c-gp0stt3fe_web_size-1.jpg 800w\"\n\t\t\t\t\t\tsizes=\"(min-width: 1000px) 358px, (min-width: 780px) 313px, 88px\"\n\t\t\t\t\t\talt=\"Plastique\" title=\"Plastique\"\n\t\t\t\t\/>\n            \t\t\t<div class=\"boxout-content\">\n\t\t\t\t\t\t\t\t\t<a\n\t\t\t\t\t\tclass=\"boxout-heading medium\"\n\t\t\t\t\t\tdata-ga-category=\"Take Action Boxout\"\n\t\t\t\t\t\tdata-ga-action=\"Title\"\n\t\t\t\t\t\tdata-ga-label=\"n\/a\"\n\t\t\t\t\t\thref=\"https:\/\/www.greenpeace.org\/canada\/fr\/agir\/traite-mondial-sur-les-plastiques\/\"\n\t\t\t\t\t\t\n\t\t\t\t\t>\n\t\t\t\t\t\tDites au Canada de soutenir un trait\u00e9 mondial ambitieux sur les plastiques\n\t\t\t\t\t<\/a>\n\t\t\t\t\t\t\t\t\t\t\t\t\t<p class=\"boxout-excerpt\">Si les leaders de ce monde font preuve de suffisamment d&rsquo;audace, un trait\u00e9 mondial sur les plastiques ambitieux pourrait mettre fin \u00e0 l&rsquo;\u00e8re du plastique pour de bon. Rejoignez la campagne d\u00e8s maintenant!<\/p>\n\t\t\t\t                                    <a\n                        class=\"btn btn-primary\"\n                        data-ga-category=\"Take Action Boxout\"\n                        data-ga-action=\"Call to Action\"\n                        data-ga-label=\"n\/a\"\n                        href=\"https:\/\/www.greenpeace.org\/canada\/fr\/agir\/traite-mondial-sur-les-plastiques\/\"\n                        \n                    >\n                        Passer \u00e0 l&#039;action\n                    <\/a>\n                \t\t\t<\/div>\n\t\t\t\t\t<\/section>\n\t","protected":false},"excerpt":{"rendered":"<p>Alors que la 6e session de l&rsquo;Assembl\u00e9e des Nations Unies pour l&rsquo;environnement (UNEA-6) s&rsquo;ach\u00e8ve, Greenpeace renouvelle ses appels aux \u00c9tats membres pour qu&rsquo;ils fassent pression en faveur&#8230;<\/p>\n","protected":false},"author":104,"featured_media":55604,"comment_status":"closed","ping_status":"closed","sticky":false,"template":"","format":"standard","meta":{"ep_exclude_from_search":false,"p4_og_title":"","p4_og_description":"","p4_og_image":"","p4_og_image_id":"","p4_seo_canonical_url":"","p4_campaign_name":"Plastic Free Future","p4_local_project":"","p4_basket_name":"Plastics","p4_department":"","footnotes":""},"categories":[21],"tags":[72,83],"p4-page-type":[],"class_list":["post-63761","post","type-post","status-publish","format-standard","has-post-thumbnail","hentry","category-vivre-de-facon-durable","tag-plastique","tag-consommation"],"_links":{"self":[{"href":"https:\/\/www.greenpeace.org\/canada\/fr\/wp-json\/wp\/v2\/posts\/63761","targetHints":{"allow":["GET"]}}],"collection":[{"href":"https:\/\/www.greenpeace.org\/canada\/fr\/wp-json\/wp\/v2\/posts"}],"about":[{"href":"https:\/\/www.greenpeace.org\/canada\/fr\/wp-json\/wp\/v2\/types\/post"}],"author":[{"embeddable":true,"href":"https:\/\/www.greenpeace.org\/canada\/fr\/wp-json\/wp\/v2\/users\/104"}],"replies":[{"embeddable":true,"href":"https:\/\/www.greenpeace.org\/canada\/fr\/wp-json\/wp\/v2\/comments?post=63761"}],"version-history":[{"count":1,"href":"https:\/\/www.greenpeace.org\/canada\/fr\/wp-json\/wp\/v2\/posts\/63761\/revisions"}],"predecessor-version":[{"id":63762,"href":"https:\/\/www.greenpeace.org\/canada\/fr\/wp-json\/wp\/v2\/posts\/63761\/revisions\/63762"}],"wp:featuredmedia":[{"embeddable":true,"href":"https:\/\/www.greenpeace.org\/canada\/fr\/wp-json\/wp\/v2\/media\/55604"}],"wp:attachment":[{"href":"https:\/\/www.greenpeace.org\/canada\/fr\/wp-json\/wp\/v2\/media?parent=63761"}],"wp:term":[{"taxonomy":"category","embeddable":true,"href":"https:\/\/www.greenpeace.org\/canada\/fr\/wp-json\/wp\/v2\/categories?post=63761"},{"taxonomy":"post_tag","embeddable":true,"href":"https:\/\/www.greenpeace.org\/canada\/fr\/wp-json\/wp\/v2\/tags?post=63761"},{"taxonomy":"p4-page-type","embeddable":true,"href":"https:\/\/www.greenpeace.org\/canada\/fr\/wp-json\/wp\/v2\/p4-page-type?post=63761"}],"curies":[{"name":"wp","href":"https:\/\/api.w.org\/{rel}","templated":true}]}}