{"id":6407,"date":"2018-12-02T11:57:48","date_gmt":"2018-12-02T16:57:48","guid":{"rendered":"https:\/\/www.greenpeace.org\/canada\/?p=6407"},"modified":"2019-11-06T03:28:17","modified_gmt":"2019-11-06T08:28:17","slug":"communique-greenpeace-plus-dexcuses-la-crise-climatique-bat-son-plein-il-faut-agir","status":"publish","type":"post","link":"https:\/\/www.greenpeace.org\/canada\/fr\/blog-des-volontaires\/6407\/communique-greenpeace-plus-dexcuses-la-crise-climatique-bat-son-plein-il-faut-agir\/","title":{"rendered":"Greenpeace &#8211; Plus d\u2019excuses : la crise climatique bat son plein, il faut agir"},"content":{"rendered":"<p><b>2 d\u00e9cembre 2018 (Montr\u00e9al, CANADA) \u00a0\u2013 Nous sommes avertis: il nous reste 12 ans pour agir et sauver le climat actuel. Cette urgence doit se traduire par des engagements forts \u00e0 la COP24 afin \u00a0d&rsquo;acc\u00e9l\u00e9rer notre lutte contre les changements climatiques, exhorte Greenpeace.<\/b><\/p>\n<p><b>Chef de la d\u00e9l\u00e9gation de Greenpeace \u00e0 la COP24, \u00a0Jens Mattias Clausen explique pourquoi: <\/b><span style=\"font-weight: 400;\">\u00ab <\/span><span style=\"font-weight: 400;\">Nous pouvons encore r\u00e9ajuster le tir, mais c\u2019est tr\u00e8s juste. La science du climat nous dit qu\u2019il y a \u00a0de l\u2019espoir, mais le temps de la langue de bois est r\u00e9volu. Les populations exigent de l\u2019action. Les jeunes sortent des \u00e9coles pour manifester, les plus vuln\u00e9rables appellent \u00e0 une justice climatique et ont recours au droit, et les communaut\u00e9s se mobilisent pour prot\u00e9ger leurs for\u00eats. Quel est le leader qui agira avec eux et leur livrera les cl\u00e9s de l\u2019espoir ? <\/span><span style=\"font-weight: 400;\">\u00bb<\/span><\/p>\n<p><b>Responsable de la campagne Climat-\u00c9nergie chez Greenpeace Canada, Patrick Bonin souligne que : <\/b><span style=\"font-weight: 400;\">\u00ab <\/span><span style=\"font-weight: 400;\">Les politiciens r\u00e9unis en Pologne doivent reconna\u00eetre la dure r\u00e9alit\u00e9: les gens meurent d\u00e9j\u00e0 des cons\u00e9quences des changements climatiques. Ils sont les derniers leaders qui puissent encore agir pour le climat avant qu\u2019il ne soit trop tard. Les gouvernements doivent coop\u00e9rer pour nous mener vers un monde carboneutre. Il faut des d\u00e9cisions cons\u00e9quentes et des actions courageuses qui puissent changer le cours de l\u2019histoire. Un engagement fort pour le climat nous m\u00e8nera vers une \u00e9conomie bas\u00e9e \u00e0 100% sur les \u00e9nergies renouvelables qui nous permettra d\u2019avoir de l\u2019air et de l\u2019eau propres, de bons emplois prosp\u00e8res et une justice climatique pour les communaut\u00e9s touch\u00e9es. C\u2019est le minimum attendu de nos gouvernements. Il n\u2019y a plus de temps \u00e0 perdre. Au Canada, c\u2019est d\u2019un vrai leadership pour le climat dont nous avons besoin, et non pas d\u2019un investissement de plusieurs milliards de dollars dans un projet de pipeline de sables bitumineux qui vite fait deviendra un bien obsol\u00e8te dans un futur carboneutre. \u00bb<\/span><\/p>\n<p><span style=\"font-weight: 400;\">La contribution nationale d\u00e9termin\u00e9e (CND ou <\/span><i><span style=\"font-weight: 400;\">NDC<\/span><\/i><span style=\"font-weight: 400;\"> en anglais) du Canada est inad\u00e9quate. Le Canada doit se doter d\u2019une cible de r\u00e9duction des de gaz \u00e0 effet de serre plus ambitieuse et renforcer rapidement son Plan pour le climat, car il est en voie de rater compl\u00e8tement sa<\/span><a href=\"https:\/\/www.ledevoir.com\/societe\/environnement\/521132\/ges-le-retard-du-canada-s-accentue\"><span style=\"font-weight: 400;\"> cible pour 2030<\/span><\/a><span style=\"font-weight: 400;\">.<\/span><\/p>\n<p><span style=\"font-weight: 400;\">Cette ann\u00e9e, la COP24 \u00a0se d\u00e9roule suite aux avertissements clairs du GIEC, de l\u2019Organisation M\u00e9t\u00e9orologique Mondiale (OMM) et du Programme des Nations Unies pour l\u2019Environnement (PNUE). [1] Face \u00e0 des mises en garde si cruciales, il y a tout de m\u00eame de l\u2019espoir:<\/span><\/p>\n<ul>\n<li style=\"font-weight: 400;\"><span style=\"font-weight: 400;\">Le G19 au sein du G20 ont r\u00e9affirm\u00e9 leur volont\u00e9 d\u2019agir face aux changements climatiques, et les \u00c9tats-Unis se trouvent isol\u00e9s pour avoir \u00e9t\u00e9 les seuls \u00e0 se retirer de l\u2019Accord de Paris. <\/span><\/li>\n<li style=\"font-weight: 400;\"><span style=\"font-weight: 400;\">L\u2019Union Europ\u00e9enne a fait preuve de leadership en proposant de viser z\u00e9ro \u00e9missions de GES d\u2019ici 2050. Or pour rester en dessous de 1.5\u00b0C, \u00a0l\u2019UE doit atteindre son but en 2040. <\/span><\/li>\n<li style=\"font-weight: 400;\"><span style=\"font-weight: 400;\">Les nations du Climate Vulnerable Forum (CVF) se sont engag\u00e9es \u00e0 bonifier leur contribution nationale d\u00e9termin\u00e9e (CND ou <\/span><i><span style=\"font-weight: 400;\">NDCs<\/span><\/i><span style=\"font-weight: 400;\">) et appellent les nations riches \u00e0 faire de m\u00eame avant la COP 24.<\/span><\/li>\n<li style=\"font-weight: 400;\"><span style=\"font-weight: 400;\">Les leaders des 18 pays europ\u00e9ens ont appel\u00e9 les pays \u00e0 revoir leur plans de lutte contre les changements climatiques en vue des derni\u00e8res donn\u00e9es scientifiques. <\/span><\/li>\n<li style=\"font-weight: 400;\"><span style=\"font-weight: 400;\">Les gouvernements r\u00e9gionaux, les villes et les entreprises ont donn\u00e9 un bel exemple aux chefs d\u2019\u00c9tat de ce que l\u2019action climatique comprend lors du dernier Global Climate Action Summit.<\/span><\/li>\n<\/ul>\n<p><span style=\"font-weight: 400;\">Le 7 d\u00e9cembre, le Premier Ministre rencontre ses homologues provinciaux \u00e0 Montr\u00e9al pour parler de l\u2019ALENA, entre autres. Il a encore une chance de faire du changement climatique sa priorit\u00e9. La question demeure s\u2019il se rend compte que la crise climatique bat son plein, et qu\u2019il devait agir hier.<\/span><\/p>\n<p style=\"text-align: center;\"><span style=\"font-weight: 400;\">-30-<\/span><\/p>\n<p style=\"text-align: left;\"><b>Notes:<\/b><\/p>\n<p><span style=\"font-weight: 400;\">[1] Les rapports du GIEC, de l\u2019OMM et du PNUE incluent (en anglais): <\/span><\/p>\n<ul>\n<li style=\"font-weight: 400;\"><span style=\"font-weight: 400;\">Le r\u00e9chauffement climatique d\u00e9passera <\/span><a href=\"https:\/\/www.ipcc.ch\/pdf\/special-reports\/sr15\/sr15_spm_final.pdf\"><span style=\"font-weight: 400;\">1.5\u00b0C<\/span><span style=\"font-weight: 400;\"> entre 2030 et 2052<\/span><\/a><span style=\"font-weight: 400;\"> si l\u2019\u00e9tat actuel ne change pas, d\u2019o\u00f9 l\u2019urgence de r\u00e9duire les \u00e9missions. <\/span><\/li>\n<li style=\"font-weight: 400;\"><a href=\"https:\/\/public.wmo.int\/en\/media\/press-release\/greenhouse-gas-levels-atmosphere-reach-new-record\"><span style=\"font-weight: 400;\">Les niveaux de (CO2) ont atteint des niveaux plus \u00e9lev\u00e9 en 2017<\/span><\/a><span style=\"font-weight: 400;\">, touchant les 405.5 parts par million.<\/span><\/li>\n<li style=\"font-weight: 400;\"><a href=\"https:\/\/public.wmo.int\/en\/media\/press-release\/climate-change-signals-and-impacts-continue-2018\"><span style=\"font-weight: 400;\">2018<\/span><\/a><span style=\"font-weight: 400;\"> est aussi en lice de devenir la quatri\u00e8me ann\u00e9e enregistr\u00e9e la plus chaude. Les vingt derni\u00e8res ann\u00e9es ont \u00e9t\u00e9 les plus chaudes, sur les vingt-deux enregistr\u00e9es. <\/span><\/li>\n<li style=\"font-weight: 400;\"><a href=\"https:\/\/www.unenvironment.org\/news-and-stories\/press-release\/nations-must-triple-efforts-reach-2degc-target-concludes-annual\"><span style=\"font-weight: 400;\">Le rapport<\/span><\/a><span style=\"font-weight: 400;\"> du PNUE pour mesurer l\u2019\u00e9cart entre les engagements climatiques pris par les \u00c9tats et la baisse des \u00e9missions, a pr\u00e9cis\u00e9 que toutes les nations doivent se doter de cibles plus ambitieuses.<\/span><\/li>\n<\/ul>\n<p><span style=\"font-weight: 400;\">[2] Briefing pour les journalistes (en anglais) sur les attentes et recommandations de Greenpeace: <\/span><a href=\"https:\/\/act.gp\/2zyUs86\"><span style=\"font-weight: 400;\">ici<\/span><\/a><span style=\"font-weight: 400;\">.<\/span><\/p>\n<p><span style=\"font-weight: 400;\">[3] Briefing aussi d\u00e9taill\u00e9 du rapport du GIEC produit par Greenpeace <\/span><a href=\"https:\/\/storage.googleapis.com\/planet4-international-stateless\/2018\/10\/4ebf8640-ipcc-sr15-key-takeaways-greenpeace.pdf\"><span style=\"font-weight: 400;\">ici<\/span><\/a><span style=\"font-weight: 400;\">.<\/span><\/p>\n<p><b>Pour plus d&rsquo;informations, contactez:<\/b><\/p>\n<p><span style=\"font-weight: 400;\">Loujain Kurdi, Greenpeace Canada, <a href=\"mailto:loujain.kurdi@greenpeace.org\">loujain.kurdi@greenpeace.org<\/a>,\u00a0<\/span><span style=\"font-weight: 400;\">\u00a0+1 514-577-6657<\/span><\/p>\n<p><span style=\"font-weight: 400;\">Maria Elena De Matteo, Global Communications Strategist, Greenpeace East Asia, <\/span><a href=\"mailto:mariaelena.dematteo@greenpeace.org\"><span style=\"font-weight: 400;\">mariaelena.dematteo@greenpeace.org<\/span><\/a><span style=\"font-weight: 400;\">, +39 351 8198 110<\/span><\/p>\n<p><span style=\"font-weight: 400;\">Greenpeace International Press Desk, <\/span><a href=\"mailto:pressdesk.int@greenpeace.org\"><span style=\"font-weight: 400;\">pressdesk.int@greenpeace.org<\/span><\/a><span style=\"font-weight: 400;\">, +31 (0) 20 718 2470 (available 24 hours)<\/span><\/p>\n<p>&nbsp;<\/p>\n","protected":false},"excerpt":{"rendered":"<p>2 D\u00e9cembre 2018 (Montr\u00e9al, CANADA) \u00a0\u2013 Nous sommes avertis: il nous reste 12 ans pour agir et sauver le climat. Cette urgence doit se traduire par des engagements forts \u00e0&hellip;<\/p>\n","protected":false},"author":19,"featured_media":6410,"comment_status":"open","ping_status":"open","sticky":false,"template":"","format":"standard","meta":{"ep_exclude_from_search":false,"p4_og_title":"","p4_og_description":"","p4_og_image":"","p4_og_image_id":"","p4_seo_canonical_url":"","p4_campaign_name":"","p4_local_project":"","p4_basket_name":"","p4_department":"","footnotes":""},"categories":[20],"tags":[41,49],"p4-page-type":[],"class_list":["post-6407","post","type-post","status-publish","format-standard","has-post-thumbnail","hentry","category-climat","tag-climat","tag-solutionsenergetiques"],"_links":{"self":[{"href":"https:\/\/www.greenpeace.org\/canada\/fr\/wp-json\/wp\/v2\/posts\/6407","targetHints":{"allow":["GET"]}}],"collection":[{"href":"https:\/\/www.greenpeace.org\/canada\/fr\/wp-json\/wp\/v2\/posts"}],"about":[{"href":"https:\/\/www.greenpeace.org\/canada\/fr\/wp-json\/wp\/v2\/types\/post"}],"author":[{"embeddable":true,"href":"https:\/\/www.greenpeace.org\/canada\/fr\/wp-json\/wp\/v2\/users\/19"}],"replies":[{"embeddable":true,"href":"https:\/\/www.greenpeace.org\/canada\/fr\/wp-json\/wp\/v2\/comments?post=6407"}],"version-history":[{"count":4,"href":"https:\/\/www.greenpeace.org\/canada\/fr\/wp-json\/wp\/v2\/posts\/6407\/revisions"}],"predecessor-version":[{"id":6414,"href":"https:\/\/www.greenpeace.org\/canada\/fr\/wp-json\/wp\/v2\/posts\/6407\/revisions\/6414"}],"wp:featuredmedia":[{"embeddable":true,"href":"https:\/\/www.greenpeace.org\/canada\/fr\/wp-json\/wp\/v2\/media\/6410"}],"wp:attachment":[{"href":"https:\/\/www.greenpeace.org\/canada\/fr\/wp-json\/wp\/v2\/media?parent=6407"}],"wp:term":[{"taxonomy":"category","embeddable":true,"href":"https:\/\/www.greenpeace.org\/canada\/fr\/wp-json\/wp\/v2\/categories?post=6407"},{"taxonomy":"post_tag","embeddable":true,"href":"https:\/\/www.greenpeace.org\/canada\/fr\/wp-json\/wp\/v2\/tags?post=6407"},{"taxonomy":"p4-page-type","embeddable":true,"href":"https:\/\/www.greenpeace.org\/canada\/fr\/wp-json\/wp\/v2\/p4-page-type?post=6407"}],"curies":[{"name":"wp","href":"https:\/\/api.w.org\/{rel}","templated":true}]}}