{"id":6566,"date":"2018-12-09T14:13:02","date_gmt":"2018-12-09T19:13:02","guid":{"rendered":"https:\/\/www.greenpeace.org\/canada\/?p=6566"},"modified":"2019-11-06T03:28:15","modified_gmt":"2019-11-06T08:28:15","slug":"merci-a-vous-vous-etes-formidables","status":"publish","type":"post","link":"https:\/\/www.greenpeace.org\/canada\/fr\/blog-des-volontaires\/6566\/merci-a-vous-vous-etes-formidables\/","title":{"rendered":"Merci \u00e0 vous! Vous \u00eates formidables!"},"content":{"rendered":"<p><b>Merci d\u2019avoir soutenu Greenpeace en 2018!<\/b><\/p>\n<p><span style=\"font-weight: 400;\">Pour toutes les p\u00e9titions sign\u00e9es et partag\u00e9es; pour toutes les conversations que nous avons eues concernant l\u2019avenir de notre plan\u00e8te; pour tous les choix que vous avez faits et les actions que vous avez entreprises; pour votre g\u00e9n\u00e9rosit\u00e9 aussi, nous vous adressons un grand merci. Car tous ces gestes additionn\u00e9s ont eu un incroyable impact cette ann\u00e9e, un impact qui nous permet de garder espoir et de pers\u00e9v\u00e9rer.<\/span><\/p>\n<p><b>Nous avons fait une vid\u00e9o pour vous t\u00e9moigner notre gratitude.<\/b><\/p>\n<lite-youtube style=\"background-image: url('https:\/\/i.ytimg.com\/vi\/RXZTmKI3v-k\/hqdefault.jpg');\" videoid=\"RXZTmKI3v-k\" params=\"rel=0\"><\/lite-youtube>\n<p><span style=\"font-weight: 400;\">Ceci n\u2019est qu\u2019une fraction du travail accompli ensemble cette ann\u00e9e. <\/span><\/p>\n<p><span style=\"font-weight: 400;\">Merci.<\/span><\/p>\n<ul>\n<li><a href=\"https:\/\/www.facebook.com\/greenpeaceqc\/videos\/376268116447965\/?__tn__=-R\" target=\"_blank\" rel=\"noopener noreferrer\"><span style=\"font-weight: 400;\">Partager sur Facebook<\/span><\/a><\/li>\n<li><a href=\"https:\/\/twitter.com\/greenpeaceQC\/status\/1071844347212128258\" target=\"_blank\" rel=\"noopener noreferrer\">Partager sur Twitter<\/a><\/li>\n<\/ul>\n","protected":false},"excerpt":{"rendered":"<p>Merci d\u2019avoir soutenu Greenpeace en 2018! Pour toutes les p\u00e9titions sign\u00e9es et partag\u00e9es; pour toutes les conversations que nous avons eues concernant l\u2019avenir de notre plan\u00e8te; pour tous les choix&hellip;<\/p>\n","protected":false},"author":15,"featured_media":6577,"comment_status":"open","ping_status":"open","sticky":false,"template":"","format":"standard","meta":{"ep_exclude_from_search":false,"p4_og_title":"","p4_og_description":"","p4_og_image":"","p4_og_image_id":"","p4_seo_canonical_url":"","p4_campaign_name":"","p4_local_project":"","p4_basket_name":"","p4_department":"","footnotes":""},"categories":[20],"tags":[51],"p4-page-type":[],"class_list":["post-6566","post","type-post","status-publish","format-standard","has-post-thumbnail","hentry","category-climat","tag-victoires"],"_links":{"self":[{"href":"https:\/\/www.greenpeace.org\/canada\/fr\/wp-json\/wp\/v2\/posts\/6566","targetHints":{"allow":["GET"]}}],"collection":[{"href":"https:\/\/www.greenpeace.org\/canada\/fr\/wp-json\/wp\/v2\/posts"}],"about":[{"href":"https:\/\/www.greenpeace.org\/canada\/fr\/wp-json\/wp\/v2\/types\/post"}],"author":[{"embeddable":true,"href":"https:\/\/www.greenpeace.org\/canada\/fr\/wp-json\/wp\/v2\/users\/15"}],"replies":[{"embeddable":true,"href":"https:\/\/www.greenpeace.org\/canada\/fr\/wp-json\/wp\/v2\/comments?post=6566"}],"version-history":[{"count":6,"href":"https:\/\/www.greenpeace.org\/canada\/fr\/wp-json\/wp\/v2\/posts\/6566\/revisions"}],"predecessor-version":[{"id":26878,"href":"https:\/\/www.greenpeace.org\/canada\/fr\/wp-json\/wp\/v2\/posts\/6566\/revisions\/26878"}],"wp:featuredmedia":[{"embeddable":true,"href":"https:\/\/www.greenpeace.org\/canada\/fr\/wp-json\/wp\/v2\/media\/6577"}],"wp:attachment":[{"href":"https:\/\/www.greenpeace.org\/canada\/fr\/wp-json\/wp\/v2\/media?parent=6566"}],"wp:term":[{"taxonomy":"category","embeddable":true,"href":"https:\/\/www.greenpeace.org\/canada\/fr\/wp-json\/wp\/v2\/categories?post=6566"},{"taxonomy":"post_tag","embeddable":true,"href":"https:\/\/www.greenpeace.org\/canada\/fr\/wp-json\/wp\/v2\/tags?post=6566"},{"taxonomy":"p4-page-type","embeddable":true,"href":"https:\/\/www.greenpeace.org\/canada\/fr\/wp-json\/wp\/v2\/p4-page-type?post=6566"}],"curies":[{"name":"wp","href":"https:\/\/api.w.org\/{rel}","templated":true}]}}