{"id":66018,"date":"2024-06-06T16:33:37","date_gmt":"2024-06-06T20:33:37","guid":{"rendered":"https:\/\/www.greenpeace.org\/canada\/?p=66018"},"modified":"2024-07-31T23:33:09","modified_gmt":"2024-08-01T03:33:09","slug":"reaction-de-greenpeace-au-projet-de-loi-69-du-ministre-fitzgibbon","status":"publish","type":"post","link":"https:\/\/www.greenpeace.org\/canada\/fr\/blog-des-volontaires\/66018\/reaction-de-greenpeace-au-projet-de-loi-69-du-ministre-fitzgibbon\/","title":{"rendered":"R\u00e9action de Greenpeace au projet de loi 69 du ministre Fitzgibbon\u00a0"},"content":{"rendered":"\n<p><strong>MONTR\u00c9AL \u2013 <\/strong>En r\u00e9action <a href=\"https:\/\/www.assnat.qc.ca\/Media\/Process.aspx?MediaId=ANQ.Vigie.Bll.DocumentGenerique_199977&amp;process=Original&amp;token=ZyMoxNwUn8ikQ+TRKYwPCjWrKwg+vIv9rjij7p3xLGTZDmLVSmJLoqe\/vG7\/YWzz\" target=\"_blank\" rel=\"noreferrer noopener\">projet de loi 69 <\/a>\u00ab assurant la gouvernance responsable des ressources \u00e9nerg\u00e9tiques et modifiant diverses dispositions l\u00e9gislatives \u00bb d\u00e9pos\u00e9 par le ministre Pierre Fitzgibbon aujourd\u2019hui, Patrick Bonin, responsable de la campagne Climat-\u00c9nergie \u00e0 Greenpeace Canada, a d\u00e9clar\u00e9:<\/p>\n\n<p>\u00ab La proposition du ministre Fitzgibbon est inqui\u00e9tante \u00e0 plusieurs \u00e9gards, car elle menace la d\u00e9carbonation du Qu\u00e9bec et ouvre toute grande la porte \u00e0 une plus grande privatisation de l\u2019\u00e9lectricit\u00e9 au Qu\u00e9bec. Alors que la sobri\u00e9t\u00e9 \u00e9nerg\u00e9tique et la r\u00e9duction des \u00e9missions de gaz \u00e0 effet de serre de l\u2019\u00e9conomie actuelle devraient \u00eatre les priorit\u00e9s absolues, le ministre met la table pour augmenter la production d\u2019\u00e9lectricit\u00e9 en vue d\u2019alimenter de nouvelles industries qui vampiriseront des m\u00e9gawatts qui ne seront pas disponibles pour se lib\u00e9rer des hydrocarbures. En proposant de m\u00e9gawatts additionnels pour de nouvelles industries qui, de toute \u00e9vidence, paieront moins que le co\u00fbt de la nouvelle production d\u2019\u00e9lectricit\u00e9, le gouvernement refilera in\u00e9vitablement une facture sal\u00e9e \u00e0 la population et gaspillera de pr\u00e9cieux \u00e9lectrons qui devraient plut\u00f4t servir \u00e0 d\u00e9carboner l\u2019\u00e9conomie actuelle. Apr\u00e8s avoir gravement sous-estim\u00e9 les besoins pour la d\u00e9carbonation et dilapid\u00e9 les surplus d\u2019\u00e9lectricit\u00e9 au Qu\u00e9bec dans le pass\u00e9, ce gouvernement est encore une fois en train de sous-estimer l\u2019ampleur des besoins en \u00e9lectricit\u00e9 qui sont requis \u00e0 court et moyen terme pour que le Qu\u00e9bec se lib\u00e8re des hydrocarbures. En effet, le projet de loi propose une cible de 60 TWh de plus que les approvisionnements actuels d\u2019ici 2035, ce qui, m\u00eame en supposant des efforts gigantesques en efficacit\u00e9 \u00e9nerg\u00e9tique et en \u00e9conomie d\u2019\u00e9nergie, ne serait pas suffisant pour d\u00e9carboner le Qu\u00e9bec \u00e0 la vitesse que la science du climat l\u2019exige. Avec son projet de loi, le ministre Fitzgibbon confirme encore une fois que le gouvernement Legault manque totalement de vision et ne prend pas la crise climatique au s\u00e9rieux. \u00bb<\/p>\n\n<p><strong>Privatisation de l\u2019\u00e9lectricit\u00e9 et distorsion de la notion d\u2019autoproduction<\/strong><\/p>\n\n<p>Greenpeace est particuli\u00e8rement pr\u00e9occup\u00e9 de constater que le projet de loi ouvre la porte \u00e0 des ententes gr\u00e9 \u00e0 gr\u00e9 qui permettraient \u00e0 des compagnies priv\u00e9es de vendre par elles-m\u00eames de l\u2019\u00e9lectricit\u00e9 \u00e0 des consommateurs priv\u00e9s adjacents au site de production d\u2019\u00e9lectricit\u00e9. Il est aussi pr\u00e9occupant de constater que le gouvernement semble encore vouloir distordre la notion d\u2019autoproduction et permettre qu\u2019une entreprise priv\u00e9e puisse produire son \u00e9lectricit\u00e9 \u00e0 l\u2019ext\u00e9rieur de ses terrains, comme TES Canada souhaite par exemple le faire. Ce genre d\u2019autoproduction permettrait aux compagnies priv\u00e9es de s\u2019accaparer d\u2019importants potentiels \u00e9oliens et solaires, et ce, aux d\u00e9pens d\u2019un usage collectif des ressources et d\u2019une occupation harmonieuse du territoire. De plus, le gouvernement permet \u00e0 Hydro-Qu\u00e9bec de se d\u00e9partir des centrales de 100 m\u00e9gawatts au profit du priv\u00e9.<\/p>\n\n<p>\u00ab Il est \u00e9vident qu\u2019avec ce projet de loi, le gouvernement propose d&rsquo;accro\u00eetre la privatisation de l\u2019\u00e9nergie, ce qui constituerait une grave trahison du riche h\u00e9ritage collectif qu\u2019est la nationalisation de l\u2019\u00e9lectricit\u00e9 au Qu\u00e9bec. Ce projet de loi pave clairement la voie \u00e0 la d\u00e9nationalisation de l\u2019\u00e9lectricit\u00e9 au Qu\u00e9bec \u00bb a ajout\u00e9 Patrick Bonin.<\/p>\n\n<p>Greenpeace accueille favorablement l\u2019engagement \u00e0 mettre en place d&rsquo;un plan de gestion int\u00e9gr\u00e9e des ressources \u00e9nerg\u00e9tiques (PGIRE) et \u00e0 consulter la population pendant le processus d&rsquo;\u00e9laboration et avant son approbation. Il faudra toutefois que cette consultation soit \u00e0 la hauteur de l\u2019engagement du premier ministre \u00e0 tenir un \u00ab vrai d\u00e9bat de soci\u00e9t\u00e9 \u00bb sur l\u2019\u00e9nergie comparativement \u00e0 la consultation que le gouvernement a tenue dans le pass\u00e9 et qui, selon<a href=\"https:\/\/www.greenpeace.org\/canada\/fr\/communique-de-presse\/58375\/consultation-sur-lavenir-energetique-du-quebec-tres-loin-du-debat-de-societe-promis-2\/\" target=\"_blank\" rel=\"noreferrer noopener\"> la soci\u00e9t\u00e9 civile<\/a>, repr\u00e9sentait plut\u00f4t \u00ab un exercice de r\u00e9flexion restreint et opaque \u00bb.\u00a0\u00a0<\/p>\n\n<p><strong>Notes aux \u00e9diteur\u00b7rices :<\/strong><\/p>\n\n<p>En 2023, Greenpeace a pr\u00e9sent\u00e9 au gouvernement un <a href=\"https:\/\/consultation.quebec.ca\/rails\/active_storage\/disk\/eyJfcmFpbHMiOnsibWVzc2FnZSI6IkJBaDdDVG9JYTJWNVNTSWhhWEpxY3pKMWRHeDFOV2wyTlhvMWNqUjJZV1l5ZFhFM2FtRTJjZ1k2QmtWVU9oQmthWE53YjNOcGRHbHZia2tpWEdsdWJHbHVaVHNnWm1sc1pXNWhiV1U5SWtkeVpXVnVjR1ZoWTJWZlkyOXRZbWx1WlM1d1pHWWlPeUJtYVd4bGJtRnRaU285VlZSR0xUZ25KMGR5WldWdWNHVmhZMlZmWTI5dFltbHVKVU16SlVFNUxuQmtaZ1k3QmxRNkVXTnZiblJsYm5SZmRIbHdaVWtpRkdGd2NHeHBZMkYwYVc5dUwzQmtaZ1k3QmxRNkVYTmxjblpwWTJWZmJtRnRaVG9LYkc5allXdz0iLCJleHAiOiIyMDI0LTA2LTA2VDE4OjI0OjQyLjEzOVoiLCJwdXIiOiJibG9iX2tleSJ9fQ==--72c4c19799a8a32211b8fe28fc04a2f8746c5532\/Greenpeace_combin%C3%A9.pdf\" target=\"_blank\" rel=\"noreferrer noopener\">m\u00e9moire<\/a> dans le cadre de la \u00abconsultation\u00bb sur\u00a0 l\u2019\u00e9nergie men\u00e9e par le gouvernement. Greenpeace faisait \u00e9galement partie des soixante-deux organisations de secteurs diversifi\u00e9s, appuy\u00e9es par des universitaires, qui ont <a href=\"https:\/\/www.pourlatransitionenergetique.org\/avenir-energetique-du-quebec-soixante-deux-organisations-recommandent-de-sabstenir-de-repondre-au-questionnaire-en-ligne-sur-lencadrement-et-le-developpement-des-energies-propres\/\" target=\"_blank\" rel=\"noreferrer noopener\">d\u00e9nonc\u00e9<\/a> la consultation en ligne \u00ab sur l\u2019encadrement et le d\u00e9veloppement des \u00e9nergies propres \u00bb \u00e0 laquelle le Minist\u00e8re de l\u2019\u00c9conomie, de l\u2019Innovation et de l\u2019\u00c9nergie a invit\u00e9 la population du Qu\u00e9bec \u00e0 participer le 2 juin 2023.\u00a0<\/p>\n\n<p class=\"has-text-align-center\"><strong>&#8211; 30 &#8211;<\/strong><\/p>\n\n<p><strong>Pour plus d\u2019informations, veuillez contacter :<\/strong><\/p>\n\n<p>Patrick Bonin, Responsable climat-\u00e9nergie, Greenpeace Canada<\/p>\n\n<p><a href=\"mailto:pbonin@greenpeace.org\" target=\"_blank\" rel=\"noreferrer noopener\">pbonin@greenpeace.org<\/a> ; +1 514 594-1221<\/p>\n","protected":false},"excerpt":{"rendered":"<p>En r\u00e9action projet de loi 69 \u00ab assurant la gouvernance responsable des ressources \u00e9nerg\u00e9tiques et modifiant diverses dispositions l\u00e9gislatives \u00bb d\u00e9pos\u00e9 par le ministre Pierre Fitzgibbon aujourd\u2019hui, Patrick Bonin, responsable de la campagne Climat-\u00c9nergie \u00e0 Greenpeace Canada, a d\u00e9clar\u00e9<\/p>\n","protected":false},"author":77,"featured_media":62780,"comment_status":"open","ping_status":"open","sticky":false,"template":"","format":"standard","meta":{"ep_exclude_from_search":false,"p4_og_title":"R\u00e9action de Greenpeace au projet de loi 69 du ministre Fitzgibbon\u00a0","p4_og_description":"En r\u00e9action projet de loi 69 \u00ab assurant la gouvernance responsable des ressources \u00e9nerg\u00e9tiques et modifiant diverses dispositions l\u00e9gislatives \u00bb d\u00e9pos\u00e9 par le ministre Pierre Fitzgibbon aujourd\u2019hui, Patrick Bonin, responsable de la campagne Climat-\u00c9nergie \u00e0 Greenpeace Canada, a d\u00e9clar\u00e9","p4_og_image":"https:\/\/www.greenpeace.org\/static\/planet4-canada-stateless\/2023\/12\/3eb2cea1-anne-nygard-vc-vpggqar4-unsplash-scaled.jpg","p4_og_image_id":"62780","p4_seo_canonical_url":"","p4_campaign_name":"","p4_local_project":"","p4_basket_name":"","p4_department":"","footnotes":""},"categories":[20,18],"tags":[47,41],"p4-page-type":[],"class_list":["post-66018","post","type-post","status-publish","format-standard","has-post-thumbnail","hentry","category-climat","category-notre-travail","tag-petrole","tag-climat"],"_links":{"self":[{"href":"https:\/\/www.greenpeace.org\/canada\/fr\/wp-json\/wp\/v2\/posts\/66018","targetHints":{"allow":["GET"]}}],"collection":[{"href":"https:\/\/www.greenpeace.org\/canada\/fr\/wp-json\/wp\/v2\/posts"}],"about":[{"href":"https:\/\/www.greenpeace.org\/canada\/fr\/wp-json\/wp\/v2\/types\/post"}],"author":[{"embeddable":true,"href":"https:\/\/www.greenpeace.org\/canada\/fr\/wp-json\/wp\/v2\/users\/77"}],"replies":[{"embeddable":true,"href":"https:\/\/www.greenpeace.org\/canada\/fr\/wp-json\/wp\/v2\/comments?post=66018"}],"version-history":[{"count":1,"href":"https:\/\/www.greenpeace.org\/canada\/fr\/wp-json\/wp\/v2\/posts\/66018\/revisions"}],"predecessor-version":[{"id":66019,"href":"https:\/\/www.greenpeace.org\/canada\/fr\/wp-json\/wp\/v2\/posts\/66018\/revisions\/66019"}],"wp:featuredmedia":[{"embeddable":true,"href":"https:\/\/www.greenpeace.org\/canada\/fr\/wp-json\/wp\/v2\/media\/62780"}],"wp:attachment":[{"href":"https:\/\/www.greenpeace.org\/canada\/fr\/wp-json\/wp\/v2\/media?parent=66018"}],"wp:term":[{"taxonomy":"category","embeddable":true,"href":"https:\/\/www.greenpeace.org\/canada\/fr\/wp-json\/wp\/v2\/categories?post=66018"},{"taxonomy":"post_tag","embeddable":true,"href":"https:\/\/www.greenpeace.org\/canada\/fr\/wp-json\/wp\/v2\/tags?post=66018"},{"taxonomy":"p4-page-type","embeddable":true,"href":"https:\/\/www.greenpeace.org\/canada\/fr\/wp-json\/wp\/v2\/p4-page-type?post=66018"}],"curies":[{"name":"wp","href":"https:\/\/api.w.org\/{rel}","templated":true}]}}