{"id":66389,"date":"2024-07-02T14:41:20","date_gmt":"2024-07-02T18:41:20","guid":{"rendered":"https:\/\/www.greenpeace.org\/canada\/?p=66389"},"modified":"2024-07-04T11:54:53","modified_gmt":"2024-07-04T15:54:53","slug":"artivisme-pour-les-oceans-aidez-nous-a-proteger-les-grands-fonds-marins-contre-lexploitation-miniere","status":"publish","type":"post","link":"https:\/\/www.greenpeace.org\/canada\/fr\/story\/66389\/artivisme-pour-les-oceans-aidez-nous-a-proteger-les-grands-fonds-marins-contre-lexploitation-miniere\/","title":{"rendered":"Artivisme pour les oc\u00e9ans : aidez-nous \u00e0 prot\u00e9ger les grands fonds marins contre l&rsquo;exploitation mini\u00e8re !"},"content":{"rendered":"\n<p><em><strong>Artivisme<\/strong>: n\u00e9ologisme compos\u00e9 des mots art et activisme, qui renvoie \u00e0 l\u2019engagement social et politique des acteur\u00b7rices du monde artistique (artistes militant\u00b7es, citoyen\u00b7nes). <a href=\"https:\/\/revues.ulaval.ca\/ojs\/index.php\/anthropen\/article\/view\/30581\">Source<\/a>.<\/em><\/p>\n\n<p>Plus tard au courant du mois juillet 2024, l&rsquo;Autorit\u00e9 internationale des fonds marins (ISA) tiendra ses r\u00e9unions du Conseil et de l&rsquo;Assembl\u00e9e \u00e0 Kingston, en Jama\u00efque. Lors de la derni\u00e8re r\u00e9union en mars, les alli\u00e9s de l&rsquo;industrie de l&rsquo;exploitation mini\u00e8re en eaux profondes (DSM) ont tent\u00e9 en vain d&rsquo;interdire \u00e0 Greenpeace d&rsquo;assister aux futures r\u00e9unions. Aujourd&rsquo;hui, ils se pr\u00e9parent \u00e0 faire pression pour obtenir l&rsquo;approbation pour de l&rsquo;exploitation mini\u00e8re en eaux profondes. <strong>Mais nous ne resterons pas les bras crois\u00e9s &#8211; nous avons besoin de votre aide pour les arr\u00eater !<\/strong><\/p>\n\n<p>Les grands fonds marins abritent des cr\u00e9atures myst\u00e9rieuses, dont beaucoup sont tr\u00e8s peu connues. <strong>Si l&rsquo;exploitation mini\u00e8re en eaux profondes est autoris\u00e9e, d&rsquo;innombrables esp\u00e8ces<\/strong>, y compris celles qui n&rsquo;ont pas encore \u00e9t\u00e9 d\u00e9couvertes, pourraient dispara\u00eetre \u00e0 jamais.<\/p>\n\n<p>Prenons l&rsquo;exemple de la pieuvre fant\u00f4me. <strong>Cette cr\u00e9ature enchanteresse n&rsquo;a \u00e9t\u00e9 d\u00e9couverte qu&rsquo;en 2016<\/strong>. L&rsquo;une des rares choses que l&rsquo;on sait de cette cr\u00e9ature incroyable est qu&rsquo;elle a besoin des nodules de mangan\u00e8se &#8211; ceux-l\u00e0 m\u00eames que l&rsquo;industrie mini\u00e8re veut exploiter &#8211; pour y pondre ses \u0153ufs.<\/p>\n\n<figure class=\"wp-block-image\"><img loading=\"lazy\" decoding=\"async\" width=\"1200\" height=\"857\" src=\"https:\/\/www.greenpeace.org\/static\/planet4-canada-stateless\/2024\/07\/daabda49-gp0stwm5t.jpg\" title=\"Action Lights up Island in Ottawa to Oppose Deep Sea Mining. \u00a9 Andrew Jehan \/ Greenpeace\" alt=\"Action Lights up Island in Ottawa to Oppose Deep Sea Mining. \u00a9 Andrew Jehan \/ Greenpeace\" class=\"wp-image-66390\" srcset=\"https:\/\/www.greenpeace.org\/static\/planet4-canada-stateless\/2024\/07\/daabda49-gp0stwm5t.jpg 1200w, https:\/\/www.greenpeace.org\/static\/planet4-canada-stateless\/2024\/07\/daabda49-gp0stwm5t-300x214.jpg 300w, https:\/\/www.greenpeace.org\/static\/planet4-canada-stateless\/2024\/07\/daabda49-gp0stwm5t-1024x731.jpg 1024w, https:\/\/www.greenpeace.org\/static\/planet4-canada-stateless\/2024\/07\/daabda49-gp0stwm5t-768x548.jpg 768w, https:\/\/www.greenpeace.org\/static\/planet4-canada-stateless\/2024\/07\/daabda49-gp0stwm5t-476x340.jpg 476w\" sizes=\"auto, (max-width: 1200px) 100vw, 1200px\" \/><figcaption><div class=\"credit icon-left\"> \u00a9 Andrew Jehan \/ Greenpeace<\/div><\/figcaption><\/figure>\n\n<p><strong>Nous invitons tous\u00b7tes les b\u00e9n\u00e9voles de Greenpeace, les sympathisant\u00b7es et les amoureux\u00b7ses des oc\u00e9ans \u00e0 se joindre \u00e0 nous pour cr\u00e9er un fort symbole de r\u00e9sistance.<\/strong> C&rsquo;est une activit\u00e9 amusante pour les enfants de tous \u00e2ges ! <strong>Peignons des pieuvres sur des galets, des pierres ou des rochers pour cr\u00e9er un jardin de pieuvres fant\u00f4mes. Cette \u0153uvre d&rsquo;art rendra hommage aux formes de vie incroyables qui pourraient \u00eatre an\u00e9anties par l&rsquo;exploitation mini\u00e8re en eaux profondes.<\/strong><\/p>\n\n<h2 class=\"wp-block-heading\">Voil\u00e0 ce que vous pouvez faire<\/h2>\n\n<p><strong>Peindre en l&rsquo;honneur des abysses :<\/strong> Munis-toi de galets, de pierres ou de rochers, de la peinture \u00e9cologique et peins-y des pieuvres comme montr\u00e9 dans la vid\u00e9o ci-dessous. Tu peux \u00eatre aussi cr\u00e9atif\u00b7ve et color\u00e9\u00b7e que tu le souhaites !<\/p>\n\n<figure class=\"wp-block-embed is-type-video is-provider-youtube wp-block-embed-youtube wp-embed-aspect-4-3 wp-has-aspect-ratio\"><div class=\"wp-block-embed__wrapper\">\n<iframe loading=\"lazy\" title=\"Paint for the Deep Sea:How to paint an octopus on a pebble\" width=\"500\" height=\"375\" src=\"https:\/\/www.youtube.com\/embed\/DRZ5SlerK14?feature=oembed\" frameborder=\"0\" allow=\"accelerometer; autoplay; clipboard-write; encrypted-media; gyroscope; picture-in-picture; web-share\" referrerpolicy=\"strict-origin-when-cross-origin\" allowfullscreen><\/iframe>\n<\/div><\/figure>\n\n<p><strong>Cr\u00e9ez votre jardin de pieuvre :<\/strong> Disposez vos galets orn\u00e9s de pieuvre dans un endroit bien en vue &#8211; votre jardin, un parc public ou un centre communautaire. Partagez des photos sur vos m\u00e9dias sociaux avec le hashtag #StopDeepSeaMining en taguant Greenpeace Qu\u00e9bec et le lien vers la p\u00e9tition : <a href=\"https:\/\/act.gp\/3xHEXvZ\">https:\/\/act.gp\/3xHEXvZ<\/a><\/p>\n\n<figure class=\"wp-block-image size-large\"><img loading=\"lazy\" decoding=\"async\" width=\"1024\" height=\"768\" src=\"https:\/\/www.greenpeace.org\/static\/planet4-canada-stateless\/2024\/07\/e8d7f4a7-img_0112-1024x768.jpg\" title=\"Pebble painting by Sarah King\" alt=\"Pebble painting by Sarah King\" class=\"wp-image-66380\" srcset=\"https:\/\/www.greenpeace.org\/static\/planet4-canada-stateless\/2024\/07\/e8d7f4a7-img_0112-1024x768.jpg 1024w, https:\/\/www.greenpeace.org\/static\/planet4-canada-stateless\/2024\/07\/e8d7f4a7-img_0112-300x225.jpg 300w, https:\/\/www.greenpeace.org\/static\/planet4-canada-stateless\/2024\/07\/e8d7f4a7-img_0112-768x576.jpg 768w, https:\/\/www.greenpeace.org\/static\/planet4-canada-stateless\/2024\/07\/e8d7f4a7-img_0112-1536x1152.jpg 1536w, https:\/\/www.greenpeace.org\/static\/planet4-canada-stateless\/2024\/07\/e8d7f4a7-img_0112-2048x1536.jpg 2048w, https:\/\/www.greenpeace.org\/static\/planet4-canada-stateless\/2024\/07\/e8d7f4a7-img_0112-1821x1366.jpg 1821w, https:\/\/www.greenpeace.org\/static\/planet4-canada-stateless\/2024\/07\/e8d7f4a7-img_0112-453x340.jpg 453w\" sizes=\"auto, (max-width: 1024px) 100vw, 1024px\" \/><figcaption class=\"wp-element-caption\">Galets peints par Sarah King. <strong>Nous invitons tous\u00b7tes les b\u00e9n\u00e9voles de Greenpeace, les sympathisant\u00b7es et les amoureux\u00b7ses des oc\u00e9ans \u00e0 se joindre \u00e0 nous pour cr\u00e9er un fort symbole de r\u00e9sistance.<\/strong> C&rsquo;est une activit\u00e9 amusante pour les enfants de tous \u00e2ges ! <strong>Peignons des pieuvres sur des galets, des pierres ou des rochers pour cr\u00e9er un jardin de pieuvres fant\u00f4mes. Cette \u0153uvre d&rsquo;art rendra hommage aux formes de vie incroyables qui pourraient \u00eatre an\u00e9anties par l&rsquo;exploitation mini\u00e8re en eaux profondes.<\/strong><\/figcaption><\/figure>\n\n<p><strong>Faites passer le message :<\/strong> Informez vos amis et votre famille des <a href=\"https:\/\/www.greenpeace.org\/canada\/fr\/agir\/stop-a-l-exploitation-miniere-en-eaux-profondes\/\" data-type=\"page\" data-id=\"58449\">menaces que repr\u00e9sente l&rsquo;exploitation mini\u00e8re en eaux profondes<\/a> et encouragez-les \u00e0 se joindre \u00e0 vous.<\/p>\n\n<p><strong><a href=\"https:\/\/act.greenpeace.ca\/fr-ca\/stop-a-l-exploitation-miniere-en-eaux-profondes\" target=\"_blank\" rel=\"noreferrer noopener\">Signez et partagez la p\u00e9tition<\/a> :<\/strong> Vous recevrez des informations sur les prochaines \u00e9tapes de la campagne, en particulier, au sujet des conclusions des r\u00e9unions de l&rsquo;ISA et d&rsquo;autres moyens de contribuer \u00e0 la protection des oc\u00e9ans.<\/p>\n\n<div class=\"wp-block-buttons is-content-justification-center is-layout-flex wp-container-core-buttons-is-layout-16018d1d wp-block-buttons-is-layout-flex\">\n<div class=\"wp-block-button is-style-cta\"><a class=\"wp-block-button__link wp-element-button\" href=\"https:\/\/act.greenpeace.ca\/fr-ca\/stop-a-l-exploitation-miniere-en-eaux-profondes\" target=\"_blank\" rel=\"noreferrer noopener\">Signez et partagez la p\u00e9tition<\/a><\/div>\n<\/div>\n","protected":false},"excerpt":{"rendered":"<p>Plus tard en ce mois de juillet 2024, l&rsquo;Autorit\u00e9 internationale des fonds marins (ISA) tiendra ses r\u00e9unions du Conseil et de l&rsquo;Assembl\u00e9e \u00e0 Kingston, en Jama\u00efque. Lors de la derni\u00e8re r\u00e9union en mars, les alli\u00e9s de l&rsquo;industrie de l&rsquo;exploitation mini\u00e8re en eaux profondes (DSM) ont tent\u00e9 en vain d&rsquo;interdire \u00e0 Greenpeace d&rsquo;assister aux futures r\u00e9unions. Aujourd&rsquo;hui, ils se pr\u00e9parent \u00e0 faire pression pour obtenir l&rsquo;approbation de l&rsquo;exploitation mini\u00e8re en eaux profondes. Mais nous ne resterons pas les bras crois\u00e9s &#8211; nous avons besoin de votre aide pour les arr\u00eater !<\/p>\n","protected":false},"author":12,"featured_media":66380,"comment_status":"open","ping_status":"open","sticky":false,"template":"","format":"standard","meta":{"ep_exclude_from_search":false,"p4_og_title":"","p4_og_description":"","p4_og_image":"","p4_og_image_id":"","p4_seo_canonical_url":"","p4_campaign_name":"","p4_local_project":"","p4_basket_name":"","p4_department":"","footnotes":""},"categories":[19],"tags":[41,46],"p4-page-type":[155],"class_list":["post-66389","post","type-post","status-publish","format-standard","has-post-thumbnail","hentry","category-nature-fr","tag-climat","tag-oceans-fr","p4-page-type-histoire"],"_links":{"self":[{"href":"https:\/\/www.greenpeace.org\/canada\/fr\/wp-json\/wp\/v2\/posts\/66389","targetHints":{"allow":["GET"]}}],"collection":[{"href":"https:\/\/www.greenpeace.org\/canada\/fr\/wp-json\/wp\/v2\/posts"}],"about":[{"href":"https:\/\/www.greenpeace.org\/canada\/fr\/wp-json\/wp\/v2\/types\/post"}],"author":[{"embeddable":true,"href":"https:\/\/www.greenpeace.org\/canada\/fr\/wp-json\/wp\/v2\/users\/12"}],"replies":[{"embeddable":true,"href":"https:\/\/www.greenpeace.org\/canada\/fr\/wp-json\/wp\/v2\/comments?post=66389"}],"version-history":[{"count":10,"href":"https:\/\/www.greenpeace.org\/canada\/fr\/wp-json\/wp\/v2\/posts\/66389\/revisions"}],"predecessor-version":[{"id":66423,"href":"https:\/\/www.greenpeace.org\/canada\/fr\/wp-json\/wp\/v2\/posts\/66389\/revisions\/66423"}],"wp:featuredmedia":[{"embeddable":true,"href":"https:\/\/www.greenpeace.org\/canada\/fr\/wp-json\/wp\/v2\/media\/66380"}],"wp:attachment":[{"href":"https:\/\/www.greenpeace.org\/canada\/fr\/wp-json\/wp\/v2\/media?parent=66389"}],"wp:term":[{"taxonomy":"category","embeddable":true,"href":"https:\/\/www.greenpeace.org\/canada\/fr\/wp-json\/wp\/v2\/categories?post=66389"},{"taxonomy":"post_tag","embeddable":true,"href":"https:\/\/www.greenpeace.org\/canada\/fr\/wp-json\/wp\/v2\/tags?post=66389"},{"taxonomy":"p4-page-type","embeddable":true,"href":"https:\/\/www.greenpeace.org\/canada\/fr\/wp-json\/wp\/v2\/p4-page-type?post=66389"}],"curies":[{"name":"wp","href":"https:\/\/api.w.org\/{rel}","templated":true}]}}