{"id":67066,"date":"2024-08-22T17:14:33","date_gmt":"2024-08-22T21:14:33","guid":{"rendered":"https:\/\/www.greenpeace.org\/canada\/?p=67066"},"modified":"2024-08-22T17:58:30","modified_gmt":"2024-08-22T21:58:30","slug":"les-victimes-oubliees-des-catastrophes-climatiques","status":"publish","type":"post","link":"https:\/\/www.greenpeace.org\/canada\/fr\/histoire\/67066\/les-victimes-oubliees-des-catastrophes-climatiques\/","title":{"rendered":"Les victimes oubli\u00e9es des catastrophes climatiques"},"content":{"rendered":"\n<figure class=\"wp-block-image size-large\"><img loading=\"lazy\" decoding=\"async\" width=\"1024\" height=\"682\" src=\"https:\/\/www.greenpeace.org\/static\/planet4-canada-stateless\/2024\/08\/80d2a047-gp0su1gc6-1-1024x682.jpg\" alt=\"\" class=\"wp-image-67062\" srcset=\"https:\/\/www.greenpeace.org\/static\/planet4-canada-stateless\/2024\/08\/80d2a047-gp0su1gc6-1-1024x682.jpg 1024w, https:\/\/www.greenpeace.org\/static\/planet4-canada-stateless\/2024\/08\/80d2a047-gp0su1gc6-1-300x200.jpg 300w, https:\/\/www.greenpeace.org\/static\/planet4-canada-stateless\/2024\/08\/80d2a047-gp0su1gc6-1-768x512.jpg 768w, https:\/\/www.greenpeace.org\/static\/planet4-canada-stateless\/2024\/08\/80d2a047-gp0su1gc6-1-1536x1024.jpg 1536w, https:\/\/www.greenpeace.org\/static\/planet4-canada-stateless\/2024\/08\/80d2a047-gp0su1gc6-1-2048x1366.jpg 2048w, https:\/\/www.greenpeace.org\/static\/planet4-canada-stateless\/2024\/08\/80d2a047-gp0su1gc6-1-510x340.jpg 510w\" sizes=\"auto, (max-width: 1024px) 100vw, 1024px\" \/><figcaption class=\"wp-element-caption\">Un coyote endure une chaleur extr\u00eame alors qu&rsquo;une vague de chaleur excessive se poursuit le 10 juillet 2024 dans le parc national de la Vall\u00e9e de la Mort. \u00a9 David McNew \/ Greenpeace<\/figcaption><\/figure>\n\n<p>Nous traversons une crise mondiale de la biodiversit\u00e9, avec des taux de perte d&rsquo;esp\u00e8ces <a href=\"https:\/\/www.ipbes.net\/fr\/node\/35234\" target=\"_blank\" rel=\"noreferrer noopener\">jamais vus auparavant<\/a>. Alors que les \u00e9missions mondiales r\u00e9chauffent les temp\u00e9ratures et rendent le climat de plus en plus impr\u00e9visible, les cons\u00e9quences pour la faune et les \u00e9cosyst\u00e8mes sont de plus en plus \u00e9videntes. Des insectes aux oiseaux en passant par les mammif\u00e8res et les for\u00eats anciennes, la biodiversit\u00e9 sur Terre est <a href=\"https:\/\/www.un.org\/fr\/climatechange\/science\/climate-issues\/biodiversity\" target=\"_blank\" rel=\"noreferrer noopener\">gravement menac\u00e9e<\/a> par le r\u00e9chauffement climatique.<\/p>\n\n<p>Juillet 2024 a marqu\u00e9 le <a href=\"https:\/\/www.noaa.gov\/news\/earth-just-had-its-warmest-july-on-record\" target=\"_blank\" rel=\"noreferrer noopener\">14e mois cons\u00e9cutif<\/a> de temp\u00e9ratures mondiales record, ce qui met l&rsquo;ann\u00e9e 2024 en voie d&rsquo;\u00eatre l&rsquo;<a href=\"https:\/\/www.seattletimes.com\/nation-world\/2024-on-track-to-be-the-hottest-year-on-record\/#:~:text=This%20year%20is%20on%20track,Union's%20Copernicus%20Climate%20Change%20Service.\" target=\"_blank\" rel=\"noreferrer noopener\">ann\u00e9e la plus chaude<\/a> jamais enregistr\u00e9e. L&rsquo;\u00e9t\u00e9 dans l&rsquo;h\u00e9misph\u00e8re nord a \u00e9t\u00e9 marqu\u00e9 par des conditions m\u00e9t\u00e9orologiques extr\u00eames telles que des feux de for\u00eat d\u00e9vastateurs, des inondations massives et des canicules insupportables. Les populations et les communaut\u00e9s subissent les effets n\u00e9fastes de ce chaos climatique, leurs maisons \u00e9tant d\u00e9truites par des incendies destructeurs et leurs vies mises en danger par les <a href=\"https:\/\/www.epa.gov\/wildfire-smoke-course\/why-wildfire-smoke-health-concern\" target=\"_blank\" rel=\"noreferrer noopener\">fum\u00e9es toxiques<\/a> et les <a href=\"https:\/\/www.who.int\/fr\/news-room\/fact-sheets\/detail\/climate-change-heat-and-health\" target=\"_blank\" rel=\"noreferrer noopener\">temp\u00e9ratures fort \u00e9lev\u00e9es<\/a>.<\/p>\n\n<p>Pendant ce temps, les animaux sauvages, victimes invisibles et souvent oubli\u00e9es des ph\u00e9nom\u00e8nes m\u00e9t\u00e9orologiques extr\u00eames, perdent \u00e9galement leurs demeures et voient leurs sources de subsistance d\u00e9truites.<\/p>\n\n<h2 class=\"wp-block-heading\">Les cons\u00e9quences incendiaires des feux de for\u00eat pour la faune<\/h2>\n\n<p>Lorsqu&rsquo;ils sentent la pr\u00e9sence d&rsquo;un incendie, les animaux rapides et de grande taille sont souvent capables de s&rsquo;<a href=\"https:\/\/www.cbc.ca\/news\/canada\/edmonton\/wildfire-alberta-wildlife-forest-1.6858134\" target=\"_blank\" rel=\"noreferrer noopener\">\u00e9chapper<\/a> en courant ou en s\u2019envolant. Quant aux animaux plus petits ou plus lents \u2013 grenouilles, tortues, serpents et mammif\u00e8res de petite taille \u2013 ils ont tendance \u00e0 <a href=\"https:\/\/www.cbc.ca\/news\/canada\/edmonton\/wildfire-alberta-wildlife-forest-1.6858134\" target=\"_blank\" rel=\"noreferrer noopener\">se cacher afin de se prot\u00e9ger<\/a>, ce qui peut les conduire \u00e0 p\u00e9rir dans les flammes. S&rsquo;ils survivent au brasier, les animaux sauvages, comme nous, sont <a href=\"https:\/\/www.mdpi.com\/2673-7159\/3\/1\/9\" target=\"_blank\" rel=\"noreferrer noopener\">vuln\u00e9rables<\/a> \u00e0 l&rsquo;\u00e9puisement par la chaleur, \u00e0 l&rsquo;inhalation de fum\u00e9e, \u00e0 la d\u00e9shydratation et au manque d&rsquo;oxyg\u00e8ne, qui peuvent tous leur \u00eatre fatals.<\/p>\n\n<p>Apr\u00e8s un incendie, les <a href=\"https:\/\/www.rfi.fr\/en\/science-environment\/20231004-canada-s-wildfires-take-devastating-toll-on-wildlife\" target=\"_blank\" rel=\"noreferrer noopener\">habitats fauniques<\/a> subissent de profonds bouleversements. Des for\u00eats enti\u00e8res sont remplac\u00e9es par de petits arbrisseaux et de l&rsquo;herbe, ce qui entra\u00eene une perte de nourriture et de sites de nidification pour les animaux. Cette transformation drastique des \u00e9cosyst\u00e8mes peut rendre divers animaux de plus en plus <a href=\"https:\/\/globalnews.ca\/news\/9770400\/canada-wildfires-wildlife-extinction\/#:~:text=While%20experts%20don't%20see,species%20increasingly%20vulnerable,%20they%20warn.\" target=\"_blank\" rel=\"noreferrer noopener\">vuln\u00e9rables<\/a> \u00e0 l&rsquo;extinction, les esp\u00e8ces ou les populations <a href=\"https:\/\/www.sciencedirect.com\/science\/article\/pii\/S0006320723001210\" target=\"_blank\" rel=\"noreferrer noopener\">d\u00e9j\u00e0 menac\u00e9es<\/a> \u00e9tant les plus \u00e0 risque.<\/p>\n\n<p>Bien que les incendies soient une <a href=\"https:\/\/ressources-naturelles.canada.ca\/nos-ressources-naturelles\/forets\/insectes-perturbations\/pourquoi-les-forets-ont-besoin-des-feux-des-insectes-et-des-maladies\/13082?_gl=1*16u8wpu*_ga*NjAxNDcxMzM5LjE3MTY3MDQ3MzI.*_ga_C2N57Y7DX5*MTcyNDI3NjM2OS41LjAuMTcyNDI3NjM2OS4wLjAuMA..\" target=\"_blank\" rel=\"noreferrer noopener\">composante naturelle<\/a> des \u00e9cosyst\u00e8mes forestiers et permettent \u00e0 certaines esp\u00e8ces de prosp\u00e9rer, l&rsquo;intensit\u00e9 et la fr\u00e9quence des feux de for\u00eat augmentent rapidement, <a href=\"https:\/\/phys.org\/news\/2023-08-frequency-threatens-ecosystem-stability.html\" target=\"_blank\" rel=\"noreferrer noopener\">compromettant leur stabilit\u00e9<\/a> et compliquant la fuite des animaux tentant d&rsquo;\u00e9chapper aux flammes.&nbsp;<\/p>\n\n<p>Face \u00e0 la multiplication des incendies, nous risquons de voir de plus en plus d&rsquo;animaux qui, fuyant leurs habitats d\u00e9truits \u00e0 la recherche d&rsquo;un endroit o\u00f9 se r\u00e9fugier, se retrouvent en <a href=\"https:\/\/www.cbc.ca\/news\/canada\/edmonton\/wildfire-alberta-wildlife-forest-1.6858134\" target=\"_blank\" rel=\"noreferrer noopener\">milieu urbain<\/a>. Aidez-les en leur donnant de l&rsquo;espace, en \u00e9vitant de les nourrir et en signalant tout animal bless\u00e9 \u00e0 votre centre local de r\u00e9habilitation de la faune.<\/p>\n\n<figure class=\"wp-block-image size-full\"><img loading=\"lazy\" decoding=\"async\" width=\"5000\" height=\"3333\" src=\"https:\/\/www.greenpeace.org\/static\/planet4-canada-stateless\/2024\/08\/f6e2b26b-wildfire-california.png\" alt=\"\" class=\"wp-image-67080\" srcset=\"https:\/\/www.greenpeace.org\/static\/planet4-canada-stateless\/2024\/08\/f6e2b26b-wildfire-california.png 5000w, https:\/\/www.greenpeace.org\/static\/planet4-canada-stateless\/2024\/08\/f6e2b26b-wildfire-california-300x200.png 300w, https:\/\/www.greenpeace.org\/static\/planet4-canada-stateless\/2024\/08\/f6e2b26b-wildfire-california-1024x683.png 1024w, https:\/\/www.greenpeace.org\/static\/planet4-canada-stateless\/2024\/08\/f6e2b26b-wildfire-california-768x512.png 768w, https:\/\/www.greenpeace.org\/static\/planet4-canada-stateless\/2024\/08\/f6e2b26b-wildfire-california-1536x1024.png 1536w, https:\/\/www.greenpeace.org\/static\/planet4-canada-stateless\/2024\/08\/f6e2b26b-wildfire-california-2048x1366.png 2048w, https:\/\/www.greenpeace.org\/static\/planet4-canada-stateless\/2024\/08\/f6e2b26b-wildfire-california-510x340.png 510w\" sizes=\"auto, (max-width: 5000px) 100vw, 5000px\" \/><figcaption class=\"wp-element-caption\">La lune se l\u00e8ve derri\u00e8re une \u00e9paisse fum\u00e9e sur le c\u00f4t\u00e9 ouest de Shirley Mountain, alors que l&rsquo;incendie prend de l&rsquo;ampleur, d\u00e9truisant des maisons et des propri\u00e9t\u00e9s dans un contexte d&rsquo;incendies de for\u00eat record et d&rsquo;aggravation de la s\u00e9cheresse dans l&rsquo;Ouest, le 22 ao\u00fbt 2021, pr\u00e8s de Wofford Heights, en Californie. \u00a9 David McNew \/ Greenpeace<\/figcaption><\/figure>\n\n<h2 class=\"wp-block-heading\">Il fait bien trop chaud<\/h2>\n\n<p>En plus de devoir composer avec la perte d\u2019habitats engendr\u00e9e par les feux de for\u00eat, les animaux sont victimes de la chaleur extr\u00eame. Les temp\u00e9ratures plus \u00e9lev\u00e9es peuvent conduire <a href=\"https:\/\/www.wildliferescue.ca\/2023\/08\/01\/extreme-weather-effects-on-wildlife\/\" target=\"_blank\" rel=\"noreferrer noopener\">\u00e0 la d\u00e9shydratation et au stress thermique<\/a>, acc\u00e9l\u00e9rer la propagation des <a href=\"https:\/\/www.nytimes.com\/2023\/11\/07\/climate\/extreme-weather-invasive-species.html\" target=\"_blank\" rel=\"noreferrer noopener\">esp\u00e8ces envahissantes<\/a> et perturber les modes d&rsquo;<a href=\"https:\/\/www.wildliferescue.ca\/2023\/08\/01\/extreme-weather-effects-on-wildlife\/\" target=\"_blank\" rel=\"noreferrer noopener\">hibernation<\/a> et de <a href=\"https:\/\/emagazine.com\/how-are-heat-waves-affecting-wildlife\/\" target=\"_blank\" rel=\"noreferrer noopener\">migration<\/a>, obligeant les animaux sauvages \u00e0 s&rsquo;<a href=\"https:\/\/www.cbc.ca\/news\/canada\/british-columbia\/bc-heat-wave-hurting-wildlife-1.6938575\" target=\"_blank\" rel=\"noreferrer noopener\">adapter<\/a> \u00e0 des temp\u00e9ratures, \u00e0 des ressources et \u00e0 des habitats qui ne leur sont pas familiers.<\/p>\n\n<p>Les temp\u00e9ratures extr\u00eames ont \u00e9t\u00e9 identifi\u00e9es comme l\u2019<a href=\"https:\/\/www.pnas.org\/doi\/full\/10.1073\/pnas.1913007117\" target=\"_blank\" rel=\"noreferrer noopener\">un des facteurs responsables<\/a> de la hausse du taux d\u2019extinction chez les esp\u00e8ces locales. Si la plan\u00e8te continue \u00e0 se r\u00e9chauffer \u00e0 un rythme \u00e9lev\u00e9, jusqu&rsquo;\u00e0 une esp\u00e8ce sur trois pourrait <a href=\"https:\/\/www.pnas.org\/doi\/full\/10.1073\/pnas.1913007117\" target=\"_blank\" rel=\"noreferrer noopener\">dispara\u00eetre<\/a> au cours des 50 prochaines ann\u00e9es. Les insectes sont particuli\u00e8rement vuln\u00e9rables : le nombre de zones occup\u00e9es par des bourdons indig\u00e8nes en Am\u00e9rique du Nord a <a href=\"https:\/\/www.science.org\/doi\/10.1126\/science.aax8591\" target=\"_blank\" rel=\"noreferrer noopener\">chut\u00e9 de 46 %<\/a> par rapport aux recensements effectu\u00e9s entre 1901 et 1974.<\/p>\n\n<h2 class=\"wp-block-heading\">Que pouvons-nous faire?<\/h2>\n\n<p>Alors que les communaut\u00e9s, la vie sauvage et des \u00e9cosyst\u00e8mes entiers subissent de plein fouet les cons\u00e9quences de la crise climatique, l&rsquo;industrie des combustibles fossiles engrange des milliards de b\u00e9n\u00e9fices et accro\u00eet sa <a href=\"https:\/\/www.nationalobserver.com\/2024\/05\/03\/news\/canada-oil-and-gas-emissions-continue-rise\" target=\"_blank\" rel=\"noreferrer noopener\">production de p\u00e9trole<\/a>. En continuant d&rsquo;exploiter le charbon, le p\u00e9trole et le gaz, elle exacerbe les <a href=\"https:\/\/www.un.org\/fr\/climatechange\/science\/causes-effects-climate-change\" target=\"_blank\" rel=\"noreferrer noopener\">ph\u00e9nom\u00e8nes m\u00e9t\u00e9orologiques extr\u00eames<\/a>, rendant les catastrophes climatiques <a href=\"https:\/\/science.nasa.gov\/climate-change\/extreme-weather\/\" target=\"_blank\" rel=\"noreferrer noopener\">plus graves et fr\u00e9quentes<\/a>.<\/p>\n\n<p>Nous ne pouvons plus attendre : les animaux meurent tandis que des communaut\u00e9s sont en proie aux flammes, et il est temps que les pollueurs fossiles paient pour avoir aliment\u00e9 ce chaos climatique. Nous exigeons qu&rsquo;ils contribuent \u00e0 un nouveau <em>fonds de r\u00e9paration climatique<\/em>, lequel permettrait aux communaut\u00e9s touch\u00e9es de r\u00e9parer, reb\u00e2tir et s&rsquo;adapter aux futurs impacts des changements climatiques. En accordant un soutien financier aux communaut\u00e9s et aux gouvernements locaux les plus durement touch\u00e9s par la crise, nous pouvons favoriser le d\u00e9veloppement de collectivit\u00e9s et d&rsquo;\u00e9cosyst\u00e8mes r\u00e9silients qui sauront mieux faire face aux d\u00e9sastres climatiques.<\/p>\n\n<p>L&rsquo;avenir de la plan\u00e8te d\u00e9pend de nous. Ensemble, nous pouvons demander des comptes \u00e0 l&rsquo;industrie des combustibles fossiles pour son r\u00f4le dans l&rsquo;aggravation de cette crise et fa\u00e7onner un avenir meilleur pour l&rsquo;humanit\u00e9 et la Terre enti\u00e8re.<\/p>\n\n<div class=\"wp-block-buttons is-content-justification-center is-layout-flex wp-container-core-buttons-is-layout-16018d1d wp-block-buttons-is-layout-flex\">\n<div class=\"wp-block-button is-style-cta\"><a class=\"wp-block-button__link has-text-align-center wp-element-button\" href=\"https:\/\/act.greenpeace.ca\/fr-ca\/fonds-reparation-climatique\">Les entreprises de combustibles fossiles doivent cotiser \u00e0 un <em>fonds de r\u00e9paration climatique<\/em><\/a><\/div>\n<\/div>\n\n<p>Nous sommes de tout c\u0153ur avec les personnes, la vie sauvage et les \u00e9cosyst\u00e8mes touch\u00e9s par les ph\u00e9nom\u00e8nes m\u00e9t\u00e9orologiques extr\u00eames.<\/p>\n","protected":false},"excerpt":{"rendered":"<p>Alors que les populations et les communaut\u00e9s subissent les effets n\u00e9fastes du chaos climatique, les animaux sauvages, victimes invisibles et souvent oubli\u00e9es des ph\u00e9nom\u00e8nes m\u00e9t\u00e9orologiques extr\u00eames, perdent \u00e9galement leurs demeures et voient leurs sources de subsistance d\u00e9truites.<\/p>\n","protected":false},"author":147,"featured_media":67064,"comment_status":"open","ping_status":"open","sticky":false,"template":"","format":"standard","meta":{"ep_exclude_from_search":false,"p4_og_title":"Les victimes oubli\u00e9es des catastrophes climatiques","p4_og_description":"Alors que les populations et les communaut\u00e9s subissent les effets n\u00e9fastes du chaos climatique, les animaux sauvages, victimes invisibles et souvent oubli\u00e9es des ph\u00e9nom\u00e8nes m\u00e9t\u00e9orologiques extr\u00eames, perdent \u00e9galement leurs demeures et voient leurs sources de subsistance d\u00e9truites.","p4_og_image":"","p4_og_image_id":"","p4_seo_canonical_url":"","p4_campaign_name":"","p4_local_project":"","p4_basket_name":"","p4_department":"","footnotes":""},"categories":[20,19],"tags":[157],"p4-page-type":[155],"class_list":["post-67066","post","type-post","status-publish","format-standard","has-post-thumbnail","hentry","category-climat","category-nature-fr","tag-biodiversite","p4-page-type-histoire"],"_links":{"self":[{"href":"https:\/\/www.greenpeace.org\/canada\/fr\/wp-json\/wp\/v2\/posts\/67066","targetHints":{"allow":["GET"]}}],"collection":[{"href":"https:\/\/www.greenpeace.org\/canada\/fr\/wp-json\/wp\/v2\/posts"}],"about":[{"href":"https:\/\/www.greenpeace.org\/canada\/fr\/wp-json\/wp\/v2\/types\/post"}],"author":[{"embeddable":true,"href":"https:\/\/www.greenpeace.org\/canada\/fr\/wp-json\/wp\/v2\/users\/147"}],"replies":[{"embeddable":true,"href":"https:\/\/www.greenpeace.org\/canada\/fr\/wp-json\/wp\/v2\/comments?post=67066"}],"version-history":[{"count":4,"href":"https:\/\/www.greenpeace.org\/canada\/fr\/wp-json\/wp\/v2\/posts\/67066\/revisions"}],"predecessor-version":[{"id":67083,"href":"https:\/\/www.greenpeace.org\/canada\/fr\/wp-json\/wp\/v2\/posts\/67066\/revisions\/67083"}],"wp:featuredmedia":[{"embeddable":true,"href":"https:\/\/www.greenpeace.org\/canada\/fr\/wp-json\/wp\/v2\/media\/67064"}],"wp:attachment":[{"href":"https:\/\/www.greenpeace.org\/canada\/fr\/wp-json\/wp\/v2\/media?parent=67066"}],"wp:term":[{"taxonomy":"category","embeddable":true,"href":"https:\/\/www.greenpeace.org\/canada\/fr\/wp-json\/wp\/v2\/categories?post=67066"},{"taxonomy":"post_tag","embeddable":true,"href":"https:\/\/www.greenpeace.org\/canada\/fr\/wp-json\/wp\/v2\/tags?post=67066"},{"taxonomy":"p4-page-type","embeddable":true,"href":"https:\/\/www.greenpeace.org\/canada\/fr\/wp-json\/wp\/v2\/p4-page-type?post=67066"}],"curies":[{"name":"wp","href":"https:\/\/api.w.org\/{rel}","templated":true}]}}